{"id":335806,"date":"2025-08-22T08:52:15","date_gmt":"2025-08-22T08:52:15","guid":{"rendered":"https:\/\/www.europesays.com\/fr\/335806\/"},"modified":"2025-08-22T08:52:15","modified_gmt":"2025-08-22T08:52:15","slug":"vitivisio-les-yeux-du-vigneron","status":"publish","type":"post","link":"https:\/\/www.europesays.com\/fr\/335806\/","title":{"rendered":"Vitivisio, les yeux du vigneron"},"content":{"rendered":"<p>Reposant sur de la vision, de l\u2019intelligence artificielle et l\u2019expertise du vigneron, l\u2019outil d\u00e9velopp\u00e9 par Vitivisio num\u00e9rise la vigne \u00e0 l\u2019\u00e9chelle du pied. Outil d\u2019aide \u00e0 la d\u00e9cision pour le vigneron, qui peut se balader virtuellement dans ses rangs, il permet p\u00eale-m\u00eale un suivi du d\u00e9p\u00e9rissement, la s\u00e9curisation de la r\u00e9colte et la valorisation du patrimoine viticole.<\/p>\n<p>                                                <img decoding=\"async\" loading=\"lazy\" src=\"https:\/\/www.europesays.com\/fr\/wp-content\/uploads\/2025\/08\/Team_Vitivisio-scaled-760x396-c-default.jpg\"   width=\"760\" height=\"396\" alt=\"\" aria-describedby=\"caption-post-203243\"\/><\/p>\n<p id=\"caption-attachment-203243\" class=\"wp-caption-text\">L&rsquo;\u00e9quipe de Vitivisio, avec le directeur g\u00e9n\u00e9ral, Laurent Godeau, \u00e0 droite. \u00a9 Vitivisio<\/p>\n<p>C\u2019est pour \u00ab\u00a0aider les vignerons \u00e0 produire plus efficacement et plus durablement\u00a0\u00bb que Laurent Godeau et Arnaud Susset ont fond\u00e9 Vitivisio en 2022. Les comp\u00e9tences compl\u00e9mentaires des deux entrepreneurs leur ont en effet permis de cr\u00e9er un produit qui allie vision, intelligence artificielle et expertise du vigneron. \u00ab\u00a0Arnaud Susset a cr\u00e9\u00e9 il y a 20 ans l\u2019entreprise R&amp;D Vision, sp\u00e9cialiste de l\u2019optique embarqu\u00e9e, notamment pour l\u2019agriculture. Je suis vigneron de m\u00e9tier. Et nous sommes tous les deux passionn\u00e9s par la transition \u00e9cologique\u00a0\u00bb, explique Laurent Godeau, directeur g\u00e9n\u00e9ral de l\u2019entreprise.<\/p>\n<p>Directement install\u00e9 sur les engins agricoles qui passent entre les rangs pour leurs travaux, Vitivisio permet de cr\u00e9er un jumeau num\u00e9rique du vignoble, une cartographie des pieds de vigne qui apporte au vigneron des donn\u00e9es de pr\u00e9cision g\u00e9olocalis\u00e9es. \u00ab\u00a0Nous sommes un peu ses yeux\u00a0: nous lui apportons des informations pr\u00e9cises, \u00e0 l\u2019\u00e9chelle du pied de vigne, gr\u00e2ce \u00e0 une collecte de donn\u00e9es en proxid\u00e9tection, comme le ferait le vigneron accroupi\u00a0\u00bb, d\u00e9crit-il.<\/p>\n<p><img decoding=\"async\" aria-describedby=\"caption-attachment-203244\" class=\"wp-image-203244\" src=\"https:\/\/www.europesays.com\/fr\/wp-content\/uploads\/2025\/08\/Capteur_Vitibox_Chenillard_Compas-scaled.jpg\" alt=\"\" width=\"2560\"  \/><\/p>\n<p id=\"caption-attachment-203244\" class=\"wp-caption-text\">Le capteur de Vitiv\u2026<\/p>\n","protected":false},"excerpt":{"rendered":"Reposant sur de la vision, de l\u2019intelligence artificielle et l\u2019expertise du vigneron, l\u2019outil d\u00e9velopp\u00e9 par Vitivisio num\u00e9rise la&hellip;\n","protected":false},"author":2,"featured_media":335807,"comment_status":"","ping_status":"","sticky":false,"template":"","format":"standard","meta":{"footnotes":""},"categories":[2817],"tags":[1111,11,1997,1777,674,1011,27,12,2219,25],"class_list":{"0":"post-335806","1":"post","2":"type-post","3":"status-publish","4":"format-standard","5":"has-post-thumbnail","7":"category-bordeaux","8":"tag-actu","9":"tag-actualites","10":"tag-bordeaux","11":"tag-eu","12":"tag-europe","13":"tag-fr","14":"tag-france","15":"tag-news","16":"tag-nouvelle-aquitaine","17":"tag-republique-francaise"},"share_on_mastodon":{"url":"https:\/\/pubeurope.com\/@fr\/115071572289783378","error":""},"_links":{"self":[{"href":"https:\/\/www.europesays.com\/fr\/wp-json\/wp\/v2\/posts\/335806","targetHints":{"allow":["GET"]}}],"collection":[{"href":"https:\/\/www.europesays.com\/fr\/wp-json\/wp\/v2\/posts"}],"about":[{"href":"https:\/\/www.europesays.com\/fr\/wp-json\/wp\/v2\/types\/post"}],"author":[{"embeddable":true,"href":"https:\/\/www.europesays.com\/fr\/wp-json\/wp\/v2\/users\/2"}],"replies":[{"embeddable":true,"href":"https:\/\/www.europesays.com\/fr\/wp-json\/wp\/v2\/comments?post=335806"}],"version-history":[{"count":0,"href":"https:\/\/www.europesays.com\/fr\/wp-json\/wp\/v2\/posts\/335806\/revisions"}],"wp:featuredmedia":[{"embeddable":true,"href":"https:\/\/www.europesays.com\/fr\/wp-json\/wp\/v2\/media\/335807"}],"wp:attachment":[{"href":"https:\/\/www.europesays.com\/fr\/wp-json\/wp\/v2\/media?parent=335806"}],"wp:term":[{"taxonomy":"category","embeddable":true,"href":"https:\/\/www.europesays.com\/fr\/wp-json\/wp\/v2\/categories?post=335806"},{"taxonomy":"post_tag","embeddable":true,"href":"https:\/\/www.europesays.com\/fr\/wp-json\/wp\/v2\/tags?post=335806"}],"curies":[{"name":"wp","href":"https:\/\/api.w.org\/{rel}","templated":true}]}}