{"id":335808,"date":"2025-08-22T08:53:19","date_gmt":"2025-08-22T08:53:19","guid":{"rendered":"https:\/\/www.europesays.com\/fr\/335808\/"},"modified":"2025-08-22T08:53:19","modified_gmt":"2025-08-22T08:53:19","slug":"proche-de-bordeaux-les-journees-parasports-se-preparent","status":"publish","type":"post","link":"https:\/\/www.europesays.com\/fr\/335808\/","title":{"rendered":"Proche de Bordeaux, les Journ\u00e9es Parasports se pr\u00e9parent"},"content":{"rendered":"<p>Du 2 au 4 septembre, la Halle des Sports de Talence va vibrer au rythme du parasport. Toi aussi, tu es invit\u00e9 \u00e0 participer \u00e0 la deuxi\u00e8me \u00e9dition des Journ\u00e9es Parasports, un \u00e9v\u00e9nement gratuit et ouvert \u00e0 toutes et \u00e0 tous.<\/p>\n<p style=\"font-size:16px\">Organis\u00e9es par le <strong><a href=\"https:\/\/www.cdsa33.org\/\" target=\"_blank\" rel=\"noreferrer noopener nofollow\">Comit\u00e9 D\u00e9partemental du Sport Adapt\u00e9 de la Gironde<\/a><\/strong> et le <strong><a href=\"https:\/\/www.cdh33.org\/\" target=\"_blank\" rel=\"noreferrer noopener nofollow\">Comit\u00e9 Handisport Gironde<\/a><\/strong>, ces journ\u00e9es s\u2019inscrivent dans la dynamique des <strong>Jeux Paralympiques de Paris 2024<\/strong>. L\u2019objectif est simple mais ambitieux : faire d\u00e9couvrir la richesse du parasport, encourager l\u2019inclusion et montrer que, quelles que soient les capacit\u00e9s de chacun, le sport reste un formidable terrain d\u2019expression.<\/p>\n<p><img fetchpriority=\"high\" decoding=\"async\" width=\"526\" height=\"526\" src=\"https:\/\/www.europesays.com\/fr\/wp-content\/uploads\/2025\/08\/parasports.jpg\" alt=\"\" class=\"wp-image-82578\" style=\"width:380px;height:auto\"  \/>Organis\u00e9es par les comit\u00e9s girondins, ces journ\u00e9es promeuvent parasport, inclusion et h\u00e9ritage paralympique inspirant. \u00a9CDSA33<\/p>\n<p>Trois jours pour d\u00e9couvrir et essayer<\/p>\n<p style=\"font-size:16px\">Pendant trois jours, tu pourras assister \u00e0 des <strong>d\u00e9monstrations spectaculaires<\/strong>, mais aussi t\u2019initier \u00e0 de nombreuses disciplines aux c\u00f4t\u00e9s de sportifs passionn\u00e9s. C\u2019est l\u2019occasion de rencontrer des athl\u00e8tes, d\u2019\u00e9changer avec eux et, pourquoi pas, de te lancer toi-m\u00eame dans une nouvelle pratique.<\/p>\n<p style=\"font-size:16px\">Au programme, pas moins de <strong>24 disciplines<\/strong> repr\u00e9sent\u00e9es, soutenues par une quarantaine de clubs girondins. <strong>Athl\u00e9tisme<\/strong>, <strong>basket fauteuil<\/strong>, <strong>tennis de table<\/strong>, <strong>boccia<\/strong>, <strong>escalade adapt\u00e9e<\/strong>, et bien d\u2019autres encore : le choix est vaste. Chaque activit\u00e9 sera pens\u00e9e pour \u00eatre accessible, ludique et ouverte \u00e0 tous les curieux.<\/p>\n<p><img loading=\"lazy\" decoding=\"async\" width=\"1024\" height=\"640\" data-id=\"82577\" src=\"https:\/\/www.europesays.com\/fr\/wp-content\/uploads\/2025\/08\/mairie-de-paris-1024x640.jpg\" alt=\"\" class=\"wp-image-82577\"  \/>Trois jours d\u2019initiations, d\u00e9monstrations et rencontres avec athl\u00e8tes pour d\u00e9couvrir, \u00e9changer et tester des disciplines.<\/p>\n<p><img loading=\"lazy\" decoding=\"async\" width=\"1024\" height=\"577\" data-id=\"82576\" src=\"https:\/\/www.europesays.com\/fr\/wp-content\/uploads\/2025\/08\/lequipe-1024x577.jpg\" alt=\"\" class=\"wp-image-82576\"  \/>Vingt-quatre disciplines vari\u00e9es, accessibles et ludiques, soutenues par quarante clubs girondins, attendent tous les curieux.<\/p>\n<p>Une dynamique locale forte<\/p>\n<p style=\"font-size:16px\">En Gironde, le mouvement parasportif ne cesse de grandir. Le <strong>Comit\u00e9 D\u00e9partemental du Sport Adapt\u00e9<\/strong> rassemble pr\u00e8s de <strong>1 800 licenci\u00e9s<\/strong> et <strong>40 clubs<\/strong>, avec <strong>l\u2019appui de 178 b\u00e9n\u00e9voles et 5 salari\u00e9s<\/strong>. Du c\u00f4t\u00e9 du handisport, ce sont <strong>724 licenci\u00e9s<\/strong> qui participent activement \u00e0 la vie des clubs, accompagn\u00e9s par un solide r\u00e9seau d\u2019encadrants et de b\u00e9n\u00e9voles.<\/p>\n<p style=\"font-size:16px\">Derri\u00e8re ces chiffres, il y a surtout une \u00e9nergie collective, celle de clubs et d\u2019associations qui \u0153uvrent chaque jour pour rendre le sport accessible au plus grand nombre. <a href=\"https:\/\/www.cdsa33.org\/novels\/4225\" target=\"_blank\" rel=\"noreferrer noopener nofollow\">Les Journ\u00e9es Parasports<\/a> seront donc aussi un moment pour mettre en lumi\u00e8re ce travail de terrain et la vitalit\u00e9 sportive de la m\u00e9tropole bordelaise.<\/p>\n<p>Plus qu\u2019un \u00e9v\u00e9nement sportif<\/p>\n<p style=\"font-size:16px\">Ces journ\u00e9es ne s\u2019adressent pas uniquement aux sportifs confirm\u00e9s ou aux personnes en situation de handicap. Elles visent aussi les familles, les \u00e9ducateurs, les jeunes et le grand public. Les organisateurs veulent cr\u00e9er un <strong>espace de rencontre et de partage<\/strong>, o\u00f9 chacun peut d\u00e9couvrir, comprendre et changer son regard.<\/p>\n<p style=\"font-size:16px\">Tu pourras y trouver l\u2019envie d\u2019essayer, mais aussi celle de t\u2019engager, que ce soit comme pratiquant, b\u00e9n\u00e9vole ou simple spectateur curieux. Car le sport n\u2019est pas seulement une question de performance : il est aussi synonyme de plaisir, de d\u00e9passement de soi et surtout de lien social.<\/p>\n<p>Un rendez-vous citoyen et festif<\/p>\n<p style=\"font-size:16px\">Pour Talence et toute la m\u00e9tropole bordelaise, cet \u00e9v\u00e9nement est une belle opportunit\u00e9 de sensibilisation. Il rappelle que le parasport n\u2019est pas un monde \u00e0 part, mais une partie int\u00e9grante du paysage sportif.<\/p>\n<p style=\"font-size:16px\">Alors, si tu veux vivre une exp\u00e9rience inspirante, d\u00e9couvrir des disciplines originales et partager des moments forts avec des athl\u00e8tes passionn\u00e9s, note vite les dates !<\/p>\n<p style=\"font-size:16px\">\u00c0 lire aussi : <a href=\"https:\/\/www.bougerabordeaux.com\/actu\/news\/a-bordeaux-la-mairie-distribue-des-fournitures-scolaires-aux-enfants-de-cp\/\" target=\"_blank\" rel=\"noreferrer noopener nofollow\">\u00c0 Bordeaux, la mairie distribue des fournitures scolaires aux enfants de CP<\/a><\/p>\n","protected":false},"excerpt":{"rendered":"Du 2 au 4 septembre, la Halle des Sports de Talence va vibrer au rythme du parasport. Toi&hellip;\n","protected":false},"author":2,"featured_media":335809,"comment_status":"","ping_status":"","sticky":false,"template":"","format":"standard","meta":{"footnotes":""},"categories":[2817],"tags":[1111,11,1997,1777,674,1011,27,12,2219,25],"class_list":{"0":"post-335808","1":"post","2":"type-post","3":"status-publish","4":"format-standard","5":"has-post-thumbnail","7":"category-bordeaux","8":"tag-actu","9":"tag-actualites","10":"tag-bordeaux","11":"tag-eu","12":"tag-europe","13":"tag-fr","14":"tag-france","15":"tag-news","16":"tag-nouvelle-aquitaine","17":"tag-republique-francaise"},"share_on_mastodon":{"url":"https:\/\/pubeurope.com\/@fr\/115071575990693754","error":""},"_links":{"self":[{"href":"https:\/\/www.europesays.com\/fr\/wp-json\/wp\/v2\/posts\/335808","targetHints":{"allow":["GET"]}}],"collection":[{"href":"https:\/\/www.europesays.com\/fr\/wp-json\/wp\/v2\/posts"}],"about":[{"href":"https:\/\/www.europesays.com\/fr\/wp-json\/wp\/v2\/types\/post"}],"author":[{"embeddable":true,"href":"https:\/\/www.europesays.com\/fr\/wp-json\/wp\/v2\/users\/2"}],"replies":[{"embeddable":true,"href":"https:\/\/www.europesays.com\/fr\/wp-json\/wp\/v2\/comments?post=335808"}],"version-history":[{"count":0,"href":"https:\/\/www.europesays.com\/fr\/wp-json\/wp\/v2\/posts\/335808\/revisions"}],"wp:featuredmedia":[{"embeddable":true,"href":"https:\/\/www.europesays.com\/fr\/wp-json\/wp\/v2\/media\/335809"}],"wp:attachment":[{"href":"https:\/\/www.europesays.com\/fr\/wp-json\/wp\/v2\/media?parent=335808"}],"wp:term":[{"taxonomy":"category","embeddable":true,"href":"https:\/\/www.europesays.com\/fr\/wp-json\/wp\/v2\/categories?post=335808"},{"taxonomy":"post_tag","embeddable":true,"href":"https:\/\/www.europesays.com\/fr\/wp-json\/wp\/v2\/tags?post=335808"}],"curies":[{"name":"wp","href":"https:\/\/api.w.org\/{rel}","templated":true}]}}