{"id":335814,"date":"2025-08-22T08:56:12","date_gmt":"2025-08-22T08:56:12","guid":{"rendered":"https:\/\/www.europesays.com\/fr\/335814\/"},"modified":"2025-08-22T08:56:12","modified_gmt":"2025-08-22T08:56:12","slug":"journees-europeennes-du-patrimoine-2025","status":"publish","type":"post","link":"https:\/\/www.europesays.com\/fr\/335814\/","title":{"rendered":"Journ\u00e9es Europ\u00e9ennes du Patrimoine 2025"},"content":{"rendered":"<p class=\"introduction\">Les 20 et 21 septembre, Roubaix c\u00e9l\u00e8bre le patrimoine architectural \u00e0 l\u2019occasion des Journ\u00e9es europ\u00e9ennes du patrimoine. 50 lieux s\u2019ouvrent au public : chapelles, \u00e9coles, friches reconverties, spectacles, visites insolites\u2026<\/p>\n<p>Des sites embl\u00e9matiques ouvriront leurs portes, parfois de mani\u00e8re exceptionnelle, et proposeront des formats adapt\u00e9s \u00e0 tous les publics : visites guid\u00e9es, ateliers, conf\u00e9rences, spectacles de danse, concerts, parkour\u2026 Autant d\u2019invitations \u00e0 mieux comprendre le tissu urbain, l\u2019histoire b\u00e2tie de la ville et les enjeux contemporains de sa mise en valeur.<\/p>\n","protected":false},"excerpt":{"rendered":"Les 20 et 21 septembre, Roubaix c\u00e9l\u00e8bre le patrimoine architectural \u00e0 l\u2019occasion des Journ\u00e9es europ\u00e9ennes du patrimoine. 50&hellip;\n","protected":false},"author":2,"featured_media":335815,"comment_status":"","ping_status":"","sticky":false,"template":"","format":"standard","meta":{"footnotes":""},"categories":[2815],"tags":[1111,11,1777,674,1011,27,811,47275,1307,12,2551,25],"class_list":{"0":"post-335814","1":"post","2":"type-post","3":"status-publish","4":"format-standard","5":"has-post-thumbnail","7":"category-lille","8":"tag-actu","9":"tag-actualites","10":"tag-eu","11":"tag-europe","12":"tag-fr","13":"tag-france","14":"tag-hauts-de-france","15":"tag-journees-europeennes-du-patrimoine","16":"tag-lille","17":"tag-news","18":"tag-patrimoine","19":"tag-republique-francaise"},"share_on_mastodon":{"url":"https:\/\/pubeurope.com\/@fr\/115071587720348530","error":""},"_links":{"self":[{"href":"https:\/\/www.europesays.com\/fr\/wp-json\/wp\/v2\/posts\/335814","targetHints":{"allow":["GET"]}}],"collection":[{"href":"https:\/\/www.europesays.com\/fr\/wp-json\/wp\/v2\/posts"}],"about":[{"href":"https:\/\/www.europesays.com\/fr\/wp-json\/wp\/v2\/types\/post"}],"author":[{"embeddable":true,"href":"https:\/\/www.europesays.com\/fr\/wp-json\/wp\/v2\/users\/2"}],"replies":[{"embeddable":true,"href":"https:\/\/www.europesays.com\/fr\/wp-json\/wp\/v2\/comments?post=335814"}],"version-history":[{"count":0,"href":"https:\/\/www.europesays.com\/fr\/wp-json\/wp\/v2\/posts\/335814\/revisions"}],"wp:featuredmedia":[{"embeddable":true,"href":"https:\/\/www.europesays.com\/fr\/wp-json\/wp\/v2\/media\/335815"}],"wp:attachment":[{"href":"https:\/\/www.europesays.com\/fr\/wp-json\/wp\/v2\/media?parent=335814"}],"wp:term":[{"taxonomy":"category","embeddable":true,"href":"https:\/\/www.europesays.com\/fr\/wp-json\/wp\/v2\/categories?post=335814"},{"taxonomy":"post_tag","embeddable":true,"href":"https:\/\/www.europesays.com\/fr\/wp-json\/wp\/v2\/tags?post=335814"}],"curies":[{"name":"wp","href":"https:\/\/api.w.org\/{rel}","templated":true}]}}