{"id":335816,"date":"2025-08-22T08:57:09","date_gmt":"2025-08-22T08:57:09","guid":{"rendered":"https:\/\/www.europesays.com\/fr\/335816\/"},"modified":"2025-08-22T08:57:09","modified_gmt":"2025-08-22T08:57:09","slug":"lille-le-trafic-interrompu-sur-la-ligne-1-du-metro-ilevia-ce-vendredi-apres-un-incident-sur-les-voies","status":"publish","type":"post","link":"https:\/\/www.europesays.com\/fr\/335816\/","title":{"rendered":"Lille. Le trafic interrompu sur la ligne 1 du m\u00e9tro Il\u00e9via ce vendredi apr\u00e8s un incident sur les voies"},"content":{"rendered":"<p>            Par<br \/>\n        <strong><br \/>\n            <a href=\"https:\/\/actu.fr\/auteur\/nicolas-demollien\" title=\"Consulter tous les articles de Nicolas Demollien\" rel=\"nofollow noopener\" target=\"_blank\">Nicolas Demollien<\/a><br \/>\n        <\/strong><\/p>\n<p>        Publi\u00e9 le<\/p>\n<p>            22 ao\u00fbt 2025 \u00e0 10h36        <\/p>\n<p>Attention si vous devez emprunter la <b>ligne 1 du m\u00e9tro<\/b> <a href=\"https:\/\/actu.fr\/tag\/ilevia\" rel=\"nofollow noopener\" target=\"_blank\">Il\u00e9via<\/a> de <a href=\"https:\/\/actu.fr\/hauts-de-france\/lille_59350\" rel=\"nofollow noopener\" target=\"_blank\">Lille<\/a> (Nord) ce vendredi 23 ao\u00fbt 2025 ! Le <b>trafic<\/b> est en effet <b>interrompu en grande partie<\/b> suite \u00e0 un \u00ab\u00a0<b>incident sur les voies<\/b>\u00ab\u00a0.<\/p>\n<p>Il\u00e9via : un incident sur les voies bloque la ligne 1 du m\u00e9tro de Lille<\/p>\n<p class=\" wall-content\">Le trafic a \u00e9t\u00e9 arr\u00eat\u00e9 \u00e0 partir de 10h25 <b>entre les stations 4 Cantons et Fives<\/b>. A l\u2019heure o\u00f9 nous bouclons ces lignes, la<b> reprise est estim\u00e9e \u00e0 11h20<\/b>. Pour le moment aucun d\u00e9ploiement de bus relais n\u2019est annonc\u00e9.<\/p>\n<p class=\" wall-content\">\n<p class=\" wall-content\">Un nouveau coup dur pour les usagers qui doivent faire face \u00e0 de multiples arr\u00eats depuis plusieurs mois. Notons d\u2019ailleurs que la ligne 2 a elle aussi \u00e9t\u00e9 interrompue ce m\u00eame jour en d\u00e9but de matin\u00e9e.<\/p>\n<p class=\" wall-content\">Plus d\u2019informations \u00e0 venir.<\/p>\n<p class=\" wall-content\">Personnalisez votre actualit\u00e9 en ajoutant vos villes et m\u00e9dias en favori avec <a href=\"https:\/\/moncompte.actu.fr\" title=\"D\u00e9couvez Mon Actu\" rel=\"nofollow noopener\" data-trk=\"{&quot;cta&quot;:{&quot;action&quot;:&quot;https:\\\/\\\/moncompte.actu.fr&quot;,&quot;category&quot;:&quot;mon compte&quot;,&quot;from&quot;:&quot;article footer&quot;,&quot;name&quot;:&quot;Mon actu&quot;,&quot;type&quot;:&quot;cta&quot;}}\" target=\"_blank\">Mon Actu<\/a>.<\/p>\n","protected":false},"excerpt":{"rendered":"Par Nicolas Demollien Publi\u00e9 le 22 ao\u00fbt 2025 \u00e0 10h36 Attention si vous devez emprunter la ligne 1&hellip;\n","protected":false},"author":2,"featured_media":335817,"comment_status":"","ping_status":"","sticky":false,"template":"","format":"standard","meta":{"footnotes":""},"categories":[2815],"tags":[1111,11,1777,674,1011,27,811,4288,1307,12,25,104,2803],"class_list":{"0":"post-335816","1":"post","2":"type-post","3":"status-publish","4":"format-standard","5":"has-post-thumbnail","7":"category-lille","8":"tag-actu","9":"tag-actualites","10":"tag-eu","11":"tag-europe","12":"tag-fr","13":"tag-france","14":"tag-hauts-de-france","15":"tag-ilevia","16":"tag-lille","17":"tag-news","18":"tag-republique-francaise","19":"tag-societe","20":"tag-transport"},"share_on_mastodon":{"url":"https:\/\/pubeurope.com\/@fr\/115071591595991981","error":""},"_links":{"self":[{"href":"https:\/\/www.europesays.com\/fr\/wp-json\/wp\/v2\/posts\/335816","targetHints":{"allow":["GET"]}}],"collection":[{"href":"https:\/\/www.europesays.com\/fr\/wp-json\/wp\/v2\/posts"}],"about":[{"href":"https:\/\/www.europesays.com\/fr\/wp-json\/wp\/v2\/types\/post"}],"author":[{"embeddable":true,"href":"https:\/\/www.europesays.com\/fr\/wp-json\/wp\/v2\/users\/2"}],"replies":[{"embeddable":true,"href":"https:\/\/www.europesays.com\/fr\/wp-json\/wp\/v2\/comments?post=335816"}],"version-history":[{"count":0,"href":"https:\/\/www.europesays.com\/fr\/wp-json\/wp\/v2\/posts\/335816\/revisions"}],"wp:featuredmedia":[{"embeddable":true,"href":"https:\/\/www.europesays.com\/fr\/wp-json\/wp\/v2\/media\/335817"}],"wp:attachment":[{"href":"https:\/\/www.europesays.com\/fr\/wp-json\/wp\/v2\/media?parent=335816"}],"wp:term":[{"taxonomy":"category","embeddable":true,"href":"https:\/\/www.europesays.com\/fr\/wp-json\/wp\/v2\/categories?post=335816"},{"taxonomy":"post_tag","embeddable":true,"href":"https:\/\/www.europesays.com\/fr\/wp-json\/wp\/v2\/tags?post=335816"}],"curies":[{"name":"wp","href":"https:\/\/api.w.org\/{rel}","templated":true}]}}