{"id":335818,"date":"2025-08-22T08:58:10","date_gmt":"2025-08-22T08:58:10","guid":{"rendered":"https:\/\/www.europesays.com\/fr\/335818\/"},"modified":"2025-08-22T08:58:10","modified_gmt":"2025-08-22T08:58:10","slug":"marseille-le-systeme-vassal-sous-le-feu-des-critiques","status":"publish","type":"post","link":"https:\/\/www.europesays.com\/fr\/335818\/","title":{"rendered":"Marseille : le syst\u00e8me Vassal sous le feu des critiques"},"content":{"rendered":"<p>\u00c0 un an des \u00e9lections municipales, la gestion de Martine Vassal, figure majeure de la droite marseillaise, est au c\u0153ur d\u2019une pol\u00e9mique judiciaire et politique in\u00e9dite. Selon une enqu\u00eate publi\u00e9e par Le Nouvel Obs, l\u2019actuelle pr\u00e9sidente du conseil d\u00e9partemental des Bouches-du-Rh\u00f4ne et de la m\u00e9tropole Aix-Marseille-Provence fait l\u2019objet d\u2019un signalement au Parquet national financier et au parquet de Marseille pour des soup\u00e7ons de \u00ab corruption passive \u00bb, \u00ab trafic d\u2019influence \u00bb et \u00ab d\u00e9tournement de fonds publics \u00bb.<br \/>\n<img fetchpriority=\"high\" decoding=\"async\" class=\"size-full wp-image-79784\" src=\"https:\/\/www.europesays.com\/fr\/wp-content\/uploads\/2025\/08\/vassal-2.jpg\" alt=\"Destimed vassal 2\" width=\"534\" height=\"484\"  \/>Martine Vassal,\u00a0 Pr\u00e9sidente de la M\u00e9tropole Aix-Marseille-Provence, Pr\u00e9sidente du Conseil d\u00e9partemental des Bouches-du-Rh\u00f4ne \u00a9Destimed\/RP<\/p>\n<p>L\u2019alerte a \u00e9t\u00e9 lanc\u00e9e par Erwan Davoux, ancien directeur des relations internationales du d\u00e9partement, qui d\u00e9nonce notamment :<\/p>\n<ul>\n<li><strong>L\u2019embauche du compagnon de Martine Vassal, Marc Jolibois, comme directeur de cabinet<\/strong>. Cette nomination, en contradiction avec la l\u00e9gislation sur l\u2019emploi des proches dans les cabinets d\u2019\u00e9lus, est officiellement justifi\u00e9e par l\u2019absence de mariage ou de PACS, mais la jurisprudence rappelle que le concubinage ne d\u00e9pend pas de la communaut\u00e9 de vie.<\/li>\n<li><strong>L\u2019organisation de voyages officiels co\u00fbteux <\/strong>(Rome, Naples, Arm\u00e9nie, Isra\u00ebl\u2026), dont la finalit\u00e9 et la rentabilit\u00e9 pour la collectivit\u00e9 sont jug\u00e9es douteuses, avec des d\u00e9penses s\u2019\u00e9levant parfois \u00e0 plus de 100 000 euros par d\u00e9placement. Ces missions auraient, selon le lanceur d\u2019alerte, servi davantage \u00e0 des op\u00e9rations de relations publiques ou \u00e0 du tourisme qu\u2019\u00e0 la promotion effective du territoire.<\/li>\n<li><strong>La distribution de subventions \u00e0 des associations et \u00e9quipements publics <\/strong>fortement concentr\u00e9s dans les bastions \u00e9lectoraux de Vassal, alimentant les soup\u00e7ons de client\u00e9lisme. La chambre r\u00e9gionale des comptes et l\u2019Agence fran\u00e7aise anticorruption ont soulign\u00e9 les risques judiciaires li\u00e9s \u00e0 la gestion des subventions et des conflits d\u2019int\u00e9r\u00eats.<\/li>\n<\/ul>\n<p>Le reportage met en lumi\u00e8re une pratique g\u00e9n\u00e9ralis\u00e9e du\u00a0<strong>n\u00e9potisme<\/strong>\u00a0et du\u00a0<strong>client\u00e9lisme<\/strong>, qui ne se limite pas \u00e0 la pr\u00e9sidence Vassal mais s\u2019inscrit dans une culture politique locale d\u00e9nonc\u00e9e depuis des ann\u00e9es. La dette du d\u00e9partement a \u00e9t\u00e9 multipli\u00e9e par quatre en dix ans, atteignant 2,2 milliards d\u2019euros, cons\u00e9quence d\u2019une politique jug\u00e9e \u00ab davantage distributive que redistributive \u00bb par la Chambre r\u00e9gionale des comptes.<\/p>\n<p>Face aux accusations, le service de presse de Martine Vassal argue qu\u2019aucune disposition l\u00e9gale n\u2019a \u00e9t\u00e9 enfreinte et insiste sur la pr\u00e9somption d\u2019innocence. \u00c0 ce stade, aucune condamnation n\u2019a \u00e9t\u00e9 prononc\u00e9e.<\/p>\n<p>L\u2019enqu\u00eate du Nouvel Obs pose la question de la capacit\u00e9 des institutions locales \u00e0 se r\u00e9former, \u00e0 l\u2019heure o\u00f9 la transparence et l\u2019exemplarit\u00e9 sont exig\u00e9es de plus en plus fermement par les citoyens. \u00c0 l\u2019approche des \u00e9ch\u00e9ances \u00e9lectorales, le \u00ab syst\u00e8me Vassal \u00bb appara\u00eet comme le symbole des d\u00e9fis de la gouvernance \u00e0 Marseille et dans les Bouches-du-Rh\u00f4ne, entre ambitions affich\u00e9es, pratiques h\u00e9rit\u00e9es et besoins de renouvellement d\u00e9mocratique.<\/p>\n<p><strong>La r\u00e9daction\u00a0<\/strong><\/p>\n","protected":false},"excerpt":{"rendered":"\u00c0 un an des \u00e9lections municipales, la gestion de Martine Vassal, figure majeure de la droite marseillaise, est&hellip;\n","protected":false},"author":2,"featured_media":335819,"comment_status":"","ping_status":"","sticky":false,"template":"","format":"standard","meta":{"footnotes":""},"categories":[2814],"tags":[1111,11,1777,674,1011,27,884,12,882,25],"class_list":{"0":"post-335818","1":"post","2":"type-post","3":"status-publish","4":"format-standard","5":"has-post-thumbnail","7":"category-marseille","8":"tag-actu","9":"tag-actualites","10":"tag-eu","11":"tag-europe","12":"tag-fr","13":"tag-france","14":"tag-marseille","15":"tag-news","16":"tag-provence-alpes-cote-dazur","17":"tag-republique-francaise"},"share_on_mastodon":{"url":"https:\/\/pubeurope.com\/@fr\/115071595684174405","error":""},"_links":{"self":[{"href":"https:\/\/www.europesays.com\/fr\/wp-json\/wp\/v2\/posts\/335818","targetHints":{"allow":["GET"]}}],"collection":[{"href":"https:\/\/www.europesays.com\/fr\/wp-json\/wp\/v2\/posts"}],"about":[{"href":"https:\/\/www.europesays.com\/fr\/wp-json\/wp\/v2\/types\/post"}],"author":[{"embeddable":true,"href":"https:\/\/www.europesays.com\/fr\/wp-json\/wp\/v2\/users\/2"}],"replies":[{"embeddable":true,"href":"https:\/\/www.europesays.com\/fr\/wp-json\/wp\/v2\/comments?post=335818"}],"version-history":[{"count":0,"href":"https:\/\/www.europesays.com\/fr\/wp-json\/wp\/v2\/posts\/335818\/revisions"}],"wp:featuredmedia":[{"embeddable":true,"href":"https:\/\/www.europesays.com\/fr\/wp-json\/wp\/v2\/media\/335819"}],"wp:attachment":[{"href":"https:\/\/www.europesays.com\/fr\/wp-json\/wp\/v2\/media?parent=335818"}],"wp:term":[{"taxonomy":"category","embeddable":true,"href":"https:\/\/www.europesays.com\/fr\/wp-json\/wp\/v2\/categories?post=335818"},{"taxonomy":"post_tag","embeddable":true,"href":"https:\/\/www.europesays.com\/fr\/wp-json\/wp\/v2\/tags?post=335818"}],"curies":[{"name":"wp","href":"https:\/\/api.w.org\/{rel}","templated":true}]}}