{"id":335824,"date":"2025-08-22T09:01:11","date_gmt":"2025-08-22T09:01:11","guid":{"rendered":"https:\/\/www.europesays.com\/fr\/335824\/"},"modified":"2025-08-22T09:01:11","modified_gmt":"2025-08-22T09:01:11","slug":"des-decouvertes-exceptionnelles-au-sud-de-lyon","status":"publish","type":"post","link":"https:\/\/www.europesays.com\/fr\/335824\/","title":{"rendered":"des \u00ab\u00a0d\u00e9couvertes exceptionnelles\u00a0\u00bb au sud de Lyon"},"content":{"rendered":"<p class=\"content\" style=\"font-size:1.2em;font-weight:700\">Le d\u00e9partement du Rh\u00f4ne et le mus\u00e9e gallo-romain ont d\u00e9voil\u00e9 les d\u00e9couvertes r\u00e9alis\u00e9es lors des fouilles arch\u00e9ologiques cet l&rsquo;\u00e9t\u00e9 sur le site de Saint-Romain-en-Gal.<\/p>\n<p>Apr\u00e8s une premi\u00e8re phase l&rsquo;an dernier, les fouilles arch\u00e9ologiques ont repris depuis le 15 juillet sur le site du mus\u00e9e de Saint-Romain-en-Gal, au sud de Lyon. Alors que celles-ci doivent se terminer le 28 ao\u00fbt prochain, le D\u00e9partement du Rh\u00f4ne a d&rsquo;ores et d\u00e9j\u00e0 annonc\u00e9 jeudi 21 ao\u00fbt deux d\u00e9couvertes d&rsquo;exception sur les deux zones de recherche dirig\u00e9es par Giulia Ciucci et Benjamin Cl\u00e9ment.<\/p>\n<p>La premi\u00e8re concerne la d\u00e9couverte d&rsquo;un mausol\u00e9e de vaste envergure sur le premier site de fouilles, \u00e0 l&rsquo;ouest. Cette architecture remonte au 1er si\u00e8cle et serait \u00ab\u00a0le reflet d&rsquo;une \u00e9lite pr\u00e9cocement romanis\u00e9e qui cherche \u00e0 se distinguer par cette architecture fun\u00e9raire monumentale\u00a0\u00bb, pr\u00e9cise le D\u00e9partement.<\/p>\n<p><img loading=\"lazy\" decoding=\"async\" width=\"1080\" height=\"675\" alt=\"\" class=\"wp-image-458825 lazyload\" src=\"https:\/\/www.europesays.com\/fr\/wp-content\/uploads\/2025\/08\/drone-musee-e1755851688636.jpeg\" data-eio-rwidth=\"1080\" data-eio-rheight=\"675\"\/>(@CD69 Julien Bourreau)<\/p>\n<p><strong>Lire aussi :<\/strong> <a href=\"https:\/\/www.lyoncapitale.fr\/lctv\/video\/vestiges-romains-a-loyasse-on-est-assez-tente-de-faire-un-lien-avec-le-cirque-de-lugdunum\" target=\"_blank\" rel=\"noreferrer noopener nofollow\">Vestiges romains \u00e0 Loyasse :\u00a0\u00bbOn est assez tent\u00e9 de faire un lien avec le cirque de Lugdunum\u00a0\u00bb<\/a><\/p>\n<p>Au moins huit boutiques commerciales<\/p>\n<p>Sur le site nord, de nouvelles structures d&rsquo;un \u00e9difice commercial, d\u00e9j\u00e0 identifi\u00e9 entre 1988 et 1990, ont \u00e9t\u00e9 trouv\u00e9es. Il \u00e9tait compos\u00e9 d&rsquo;au moins huit boutiques, dont la boutique m\u00e9ridionale qui \u00e9tait occup\u00e9e par des foulons, artisans charg\u00e9s de laver les \u00e9toffes de laine. Ce site \u00e9tait activit\u00e9 entre le milieu du 1er et le milieu du IIe si\u00e8cle. <\/p>\n<p>Des visites guid\u00e9es du chantier de fouilles sont toujours possibles pour le grand public, en matin\u00e9e. L&rsquo;occasion d&rsquo;appr\u00e9cier les d\u00e9couvertes dites \u00ab\u00a0exceptionnelles\u00a0\u00bb par le d\u00e9partement du Rh\u00f4ne. <\/p>\n<p><strong>Lire aussi :\u00a0<\/strong><a href=\"https:\/\/www.lyoncapitale.fr\/actualite\/lyon-dimpressionnants-vestiges-archeologiques-decouverts-au-cimetiere-de-loyasse\" rel=\"nofollow noopener\" target=\"_blank\">Lyon : d\u2019impressionnants vestiges arch\u00e9ologiques d\u00e9couverts au cimeti\u00e8re de Loyasse<\/a><\/p>\n","protected":false},"excerpt":{"rendered":"Le d\u00e9partement du Rh\u00f4ne et le mus\u00e9e gallo-romain ont d\u00e9voil\u00e9 les d\u00e9couvertes r\u00e9alis\u00e9es lors des fouilles arch\u00e9ologiques cet&hellip;\n","protected":false},"author":2,"featured_media":335825,"comment_status":"","ping_status":"","sticky":false,"template":"","format":"standard","meta":{"footnotes":""},"categories":[1889],"tags":[1111,11,2430,1777,674,1011,27,2428,12,25],"class_list":{"0":"post-335824","1":"post","2":"type-post","3":"status-publish","4":"format-standard","5":"has-post-thumbnail","7":"category-lyon","8":"tag-actu","9":"tag-actualites","10":"tag-auvergne-rhone-alpes","11":"tag-eu","12":"tag-europe","13":"tag-fr","14":"tag-france","15":"tag-lyon","16":"tag-news","17":"tag-republique-francaise"},"share_on_mastodon":{"url":"https:\/\/pubeurope.com\/@fr\/115071607310482014","error":""},"_links":{"self":[{"href":"https:\/\/www.europesays.com\/fr\/wp-json\/wp\/v2\/posts\/335824","targetHints":{"allow":["GET"]}}],"collection":[{"href":"https:\/\/www.europesays.com\/fr\/wp-json\/wp\/v2\/posts"}],"about":[{"href":"https:\/\/www.europesays.com\/fr\/wp-json\/wp\/v2\/types\/post"}],"author":[{"embeddable":true,"href":"https:\/\/www.europesays.com\/fr\/wp-json\/wp\/v2\/users\/2"}],"replies":[{"embeddable":true,"href":"https:\/\/www.europesays.com\/fr\/wp-json\/wp\/v2\/comments?post=335824"}],"version-history":[{"count":0,"href":"https:\/\/www.europesays.com\/fr\/wp-json\/wp\/v2\/posts\/335824\/revisions"}],"wp:featuredmedia":[{"embeddable":true,"href":"https:\/\/www.europesays.com\/fr\/wp-json\/wp\/v2\/media\/335825"}],"wp:attachment":[{"href":"https:\/\/www.europesays.com\/fr\/wp-json\/wp\/v2\/media?parent=335824"}],"wp:term":[{"taxonomy":"category","embeddable":true,"href":"https:\/\/www.europesays.com\/fr\/wp-json\/wp\/v2\/categories?post=335824"},{"taxonomy":"post_tag","embeddable":true,"href":"https:\/\/www.europesays.com\/fr\/wp-json\/wp\/v2\/tags?post=335824"}],"curies":[{"name":"wp","href":"https:\/\/api.w.org\/{rel}","templated":true}]}}