{"id":335826,"date":"2025-08-22T09:04:11","date_gmt":"2025-08-22T09:04:11","guid":{"rendered":"https:\/\/www.europesays.com\/fr\/335826\/"},"modified":"2025-08-22T09:04:11","modified_gmt":"2025-08-22T09:04:11","slug":"israel-menace-de-detruire-la-ville-de-gaza-si-le-hamas-naccepte-pas-la-paix-a-ses-conditions","status":"publish","type":"post","link":"https:\/\/www.europesays.com\/fr\/335826\/","title":{"rendered":"Isra\u00ebl menace de d\u00e9truire la ville de Gaza si le Hamas n&rsquo;accepte pas la paix \u00e0 ses conditions"},"content":{"rendered":"<p>La ville de Gaza, o\u00f9 l&rsquo;arm\u00e9e isra\u00e9lienne <a href=\"https:\/\/www.franceinfo.fr\/monde\/proche-orient\/israel-palestine\/quatre-questions-sur-l-operation-de-l-armee-israelienne-pour-prendre-le-controle-de-la-ville-de-gaza_7446514.html\" rel=\"nofollow noopener\" target=\"_blank\">a lanc\u00e9 une offensive<\/a>, sera d\u00e9truite <a href=\"https:\/\/www.franceinfo.fr\/monde\/proche-orient\/israel-palestine\/le-hamas-affirme-avoir-accepte-une-nouvelle-proposition-de-cessez-le-feu-a-gaza-l-egypte-dit-que-la-balle-est-dans-le-camp-israelien_7441972.html\" rel=\"nofollow noopener\" target=\"_blank\">si le Hamas n&rsquo;accepte pas un accord de paix<\/a> aux conditions dict\u00e9es par Isra\u00ebl, a menac\u00e9 le ministre isra\u00e9lien de la D\u00e9fense Isra\u00ebl Katz, vendredi 21\u00a0ao\u00fbt. \u00ab\u00a0Bient\u00f4t, les portes de l&rsquo;enfer s&rsquo;ouvriront sur les meurtriers et les violeurs du Hamas \u00e0 Gaza, jusqu&rsquo;\u00e0 ce qu&rsquo;ils acceptent les conditions pos\u00e9es par Isra\u00ebl pour mettre fin \u00e0 la guerre, principalement la lib\u00e9ration de tous les otages et le d\u00e9sarmement\u00a0\u00bb du mouvement islamiste palestinien, \u00e9crit le ministre sur X. \u00ab\u00a0S&rsquo;ils n&rsquo;acceptent pas, Gaza, la capitale du Hamas, deviendra Rafah ou Beit Hanoun\u00a0\u00bb, a-t-il ajout\u00e9, faisant r\u00e9f\u00e9rence \u00e0 deux villes de la bande de Gaza largement ras\u00e9es par l&rsquo;arm\u00e9e isra\u00e9lienne dans la guerre qu&rsquo;elle m\u00e8ne depuis bient\u00f4t deux ans. Suivez notre direct.<\/p>\n<p class=\"c-body__bullet\"><strong> N\u00e9tanyahou ordonne \u00ab\u00a0des n\u00e9gociations imm\u00e9diates\u00a0\u00bb.<\/strong> Le Premier ministre isra\u00e9lien <a href=\"https:\/\/www.franceinfo.fr\/monde\/proche-orient\/israel-palestine\/guerre-a-gaza-benyamin-netanyahou-ordonne-des-negociations-immediates-pour-liberer-tous-les-otages_7447453.html\" rel=\"nofollow noopener\" target=\"_blank\">a annonc\u00e9 jeudi soir<\/a> avoir donn\u00e9 des \u00ab\u00a0instructions pour entamer imm\u00e9diatement des n\u00e9gociations visant \u00e0 lib\u00e9rer tous\u00a0\u00bb les otages isra\u00e9liens \u00e0 Gaza. S&rsquo;exprimant dans une vid\u00e9o, Benyamin N\u00e9tanyahou n&rsquo;a pas cit\u00e9 explicitement la derni\u00e8re proposition de tr\u00eave pr\u00e9sent\u00e9e par les Etats m\u00e9diateurs et accept\u00e9e lundi par le Hamas.<\/p>\n<p class=\"c-body__bullet\"><strong> L&rsquo;arm\u00e9e isra\u00e9lienne resserre son \u00e9tau sur la ville de Gaza.<\/strong> La ville a nouveau \u00e9t\u00e9 pilonn\u00e9e jeudi et l&rsquo;arm\u00e9e isra\u00e9lienne a appel\u00e9 \u00e0 une \u00e9vacuation des h\u00f4pitaux vers le sud en pr\u00e9alable \u00e0 son offensive. Une exigence rejet\u00e9e par le minist\u00e8re de la Sant\u00e9 sous l&rsquo;autorit\u00e9 du Hamas.<\/p>\n","protected":false},"excerpt":{"rendered":"La ville de Gaza, o\u00f9 l&rsquo;arm\u00e9e isra\u00e9lienne a lanc\u00e9 une offensive, sera d\u00e9truite si le Hamas n&rsquo;accepte pas&hellip;\n","protected":false},"author":2,"featured_media":335827,"comment_status":"","ping_status":"","sticky":false,"template":"","format":"standard","meta":{"footnotes":""},"categories":[1888],"tags":[1111,1928,11,1927,1777,674,1011,27,12,1926,626,1925,25],"class_list":{"0":"post-335826","1":"post","2":"type-post","3":"status-publish","4":"format-standard","5":"has-post-thumbnail","7":"category-paris","8":"tag-actu","9":"tag-actu-paris","10":"tag-actualites","11":"tag-actualites-paris","12":"tag-eu","13":"tag-europe","14":"tag-fr","15":"tag-france","16":"tag-news","17":"tag-news-paris","18":"tag-paris","19":"tag-paris-news","20":"tag-republique-francaise"},"share_on_mastodon":{"url":"https:\/\/pubeurope.com\/@fr\/115071619662643658","error":""},"_links":{"self":[{"href":"https:\/\/www.europesays.com\/fr\/wp-json\/wp\/v2\/posts\/335826","targetHints":{"allow":["GET"]}}],"collection":[{"href":"https:\/\/www.europesays.com\/fr\/wp-json\/wp\/v2\/posts"}],"about":[{"href":"https:\/\/www.europesays.com\/fr\/wp-json\/wp\/v2\/types\/post"}],"author":[{"embeddable":true,"href":"https:\/\/www.europesays.com\/fr\/wp-json\/wp\/v2\/users\/2"}],"replies":[{"embeddable":true,"href":"https:\/\/www.europesays.com\/fr\/wp-json\/wp\/v2\/comments?post=335826"}],"version-history":[{"count":0,"href":"https:\/\/www.europesays.com\/fr\/wp-json\/wp\/v2\/posts\/335826\/revisions"}],"wp:featuredmedia":[{"embeddable":true,"href":"https:\/\/www.europesays.com\/fr\/wp-json\/wp\/v2\/media\/335827"}],"wp:attachment":[{"href":"https:\/\/www.europesays.com\/fr\/wp-json\/wp\/v2\/media?parent=335826"}],"wp:term":[{"taxonomy":"category","embeddable":true,"href":"https:\/\/www.europesays.com\/fr\/wp-json\/wp\/v2\/categories?post=335826"},{"taxonomy":"post_tag","embeddable":true,"href":"https:\/\/www.europesays.com\/fr\/wp-json\/wp\/v2\/tags?post=335826"}],"curies":[{"name":"wp","href":"https:\/\/api.w.org\/{rel}","templated":true}]}}