{"id":335830,"date":"2025-08-22T09:06:13","date_gmt":"2025-08-22T09:06:13","guid":{"rendered":"https:\/\/www.europesays.com\/fr\/335830\/"},"modified":"2025-08-22T09:06:13","modified_gmt":"2025-08-22T09:06:13","slug":"rentree-2025-les-festivals-a-ne-pas-manquer","status":"publish","type":"post","link":"https:\/\/www.europesays.com\/fr\/335830\/","title":{"rendered":"Rentr\u00e9e 2025 : les festivals \u00e0 ne pas manquer !"},"content":{"rendered":"<p><strong>\u00c0 la rentr\u00e9e, la musique r\u00e9sonne encore sur les sc\u00e8nes des festivals ! Rock, \u00e9lectro, jazz ou musiques du monde : chaque rendez-vous propose une immersion unique dans l\u2019univers des artistes d\u2019aujourd\u2019hui et de demain. Entre concerts en plein air et ambiances festives, ces \u00e9v\u00e9nements prolongent l\u2019\u00e9t\u00e9 et rassemblent passionn\u00e9s et curieux.<\/strong><\/p>\n<p>Voici la s\u00e9lection Artistik Rezo des festivals de musique \u00e0 ne pas rater !<\/p>\n<p><strong>1.<\/strong> <strong>La F\u00eate de l\u2019Humanit\u00e9<\/strong><br \/><strong>La Base 217<\/strong> \u2013 Du 12 au 14 septembre<\/p>\n<p class=\"wp-block-heading has-text-color has-link-color wp-elements-48fa49fce29575dc5c210329f2713939\">La F\u00eate de l\u2019Humanit\u00e9 est un \u00e9v\u00e8nement culturel, politique et populaire, organis\u00e9 chaque ann\u00e9e par le groupe de presse l\u2019Humanit\u00e9. \u00a0Apr\u00e8s avoir r\u00e9uni plus de 450 000 personnes sur trois jours lors de son \u00e9dition 2024, la F\u00eate de l\u2019Humanit\u00e9 f\u00eatera sa 90\u00e8me \u00e9dition les 12, 13 et 14 septembre 2025 sur la Base 217 du Plessis-P\u00e2t\u00e9, en Essonne !<\/p>\n<p>Plus d\u2019informations et r\u00e9servations <a style=\"color: #0000ff; text-decoration: underline;\" href=\"https:\/\/fete.humanite.fr\/\" rel=\"nofollow noopener\" target=\"_blank\">ici<\/a>.<\/p>\n<p><strong>2.<\/strong> <strong>Paris Popfest<\/strong><br \/><strong>Le Hasard Ludique<\/strong> \u2013 Du 18 au 20 septembre<\/p>\n<p>Le Paris Popfest est de retour pour sa septi\u00e8me \u00e9dition : trois soirs, onze concerts, deux DJ sets et des concerts acoustiques, dans une ambiance de partage et de rencontres, avec des musiciens et des spectateurs venus de l\u2019autre bout du monde comme du coin de la rue. On c\u00e9l\u00e9brera les diff\u00e9rentes couleurs de l\u2019Internationale Pop, avec des (re)formations cultes comme des nouveaux coups de c\u0153ur. On a h\u00e2te de vous retrouver !<\/p>\n<p>Plus d\u2019informations et r\u00e9servations <a style=\"color: #0000ff; text-decoration: underline;\" href=\"https:\/\/www.lehasardludique.paris\/concert\/2025-04-30\/paris-popfest\" rel=\"nofollow noopener\" target=\"_blank\">ici<\/a>.<\/p>\n<p><img loading=\"lazy\" decoding=\"async\" class=\"size-medium wp-image-367153 aligncenter\" src=\"https:\/\/www.europesays.com\/fr\/wp-content\/uploads\/2025\/08\/paris-popfest-240x300.jpg\" alt=\"\" width=\"240\" height=\"300\"  \/><\/p>\n<p><strong>3. Wetoo Festival\u00a0<\/strong><br \/><strong>Aubervilliers<\/strong> \u2013 Du 19 au 21 septembre<\/p>\n<p>Le Wetoo Festival revient en force pour sa 6e \u00e9dition, du 18 au 21 septembre 2025, au Point Fort d\u2019Aubervilliers. En plein c\u0153ur de la Seine-Saint-Denis, ce lieu embl\u00e9matique des musiques et danses du monde accueille une nouvelle fois cet \u00e9v\u00e8nement aussi joyeux que percutant. N\u00e9 de la volont\u00e9 de faire bouger les lignes, le festival affirme plus que jamais son ancrage f\u00e9ministe, inclusif et r\u00e9solument engag\u00e9. Et si l\u2019ambiance reste festive, elle ne perd jamais de vue ses combats.<\/p>\n<p>Plus d\u2019informations et r\u00e9servations <a style=\"color: #0000ff; text-decoration: underline;\" href=\"https:\/\/wetoofestival.fr\/edition-2025\/\" rel=\"nofollow noopener\" target=\"_blank\">ici<\/a>.<\/p>\n<p><strong>4. <\/strong><strong>Dream Nation<\/strong><br \/><strong>Parc des Expositions<\/strong> <strong>Paris Nord<\/strong> \u2013 Du 26 au 27 septembre 2025<\/p>\n<p>Pour sa 12\u00e8me \u00e9dition, Dream Nation revient plus vivant et audacieux que jamais ! Les 26 et 27 septembre 2025, le festival embl\u00e9matique des musiques \u00e9lectroniques investira \u00e0 nouveau le Parc des Expositions Paris Nord pour deux nuits de f\u00eate sans fronti\u00e8res, m\u00ealant sc\u00e8nes indoor et dancefloors\u00a0sous les \u00e9toiles.<\/p>\n<p>Plus d\u2019informations et r\u00e9servations <a style=\"color: #0000ff; text-decoration: underline;\" href=\"https:\/\/dreamnation.fr\/\" rel=\"nofollow noopener\" target=\"_blank\">ici<\/a>.<\/p>\n<p><strong>5.<\/strong> <strong>Festival de Marne<\/strong><br \/><strong>Ivry-sur-Seine<\/strong> \u2013 Du 26 au 18 octobre<\/p>\n<p>Le Festival de Marne s\u2019installe \u00e0 Ivry-sur-Seine du 26 septembre au 18 octobre 2025, offrant une programmation riche et \u00e9clectique qui attire un large public en qu\u00eate de d\u00e9couvertes musicales. V\u00e9ritable rendez-vous de la rentr\u00e9e culturelle, ce festival de musique 2025 s\u2019\u00e9tend sur pr\u00e8s de trois semaines, proposant une immersion dans des univers vari\u00e9s, m\u00ealant grands noms et artistes \u00e9mergents.<\/p>\n<p>Plus d\u2019informations et r\u00e9servations <a style=\"color: #0000ff; text-decoration: underline;\" href=\"https:\/\/www.festivaldemarne.org\/\" rel=\"nofollow noopener\" target=\"_blank\">ici<\/a>.<\/p>\n<p><strong>6.<\/strong> <strong>Jazz au fil de l\u2019Oise<\/strong><br \/><strong>Val d\u2019Oise<\/strong> \u2013 Du 11 octobre au 16 d\u00e9cembre 2025<\/p>\n<p>Depuis 29 ans, \u00e0 l\u2019automne, le jazz se fraye un chemin pour se retrouver dans la vall\u00e9e de l\u2019Oise, pr\u00e9cis\u00e9ment dans le d\u00e9partement du Val d\u2019Oise, avec le festival Jazz au fil de l\u2019Oise. Il se sait attendu et f\u00eat\u00e9 par un public attentif et audacieux !<\/p>\n<p>Cette ann\u00e9e, le festival ouvrira grandes ses portes du 11 octobre au 16 d\u00e9cembre ; sa pr\u00e9sentation, le 11 octobre, se d\u00e9roulera exceptionnellement au th\u00e9\u00e2tre 95 \u00e0 Cergy o\u00f9 l\u2019on pourra d\u00e9couvrir le pianiste g\u00e9orgien GIORGI MIKADZE.\u00a0Une ouverture sur le monde qui augure de la diversit\u00e9 du jazz(s), des valeurs humanistes qu\u2019il porte, le nourrissent tout en entretenant un dialogue interculturel qui peut manquer si cruellement \u00e0 nos pratiques quotidiennes. Son amour de la libert\u00e9 ira jusqu\u2019\u00e0 repousser ses fronti\u00e8res, en se rapprochant des musiques classique, baroque, \u00e9lectro, latine ou orientale mais aussi d\u2019autres formes d\u2019art comme le cin\u00e9ma (FLASH PIG, le 28 nov.), la bande dessin\u00e9e (CYRIL PEDROSA, ANNE PACEO, le 7 d\u00e9c.) ou la danse (YOM, le 16 d\u00e9c.).<\/p>\n<p>Plus d\u2019informations et r\u00e9servations <a style=\"color: #0000ff; text-decoration: underline;\" href=\"https:\/\/www.jazzaufildeloise.fr\/\" rel=\"nofollow noopener\" target=\"_blank\">ici<\/a>.<\/p>\n<p><img loading=\"lazy\" decoding=\"async\" class=\"size-medium wp-image-367161 aligncenter\" src=\"https:\/\/www.europesays.com\/fr\/wp-content\/uploads\/2025\/08\/jazzaufildeloise_affiche2025-3-212x300.jpg\" alt=\"\" width=\"212\" height=\"300\"  \/><\/p>\n<p><strong>7. Ouest Park\u00a0<\/strong><br \/><strong>Fort de Tourneville, Le Havre<\/strong> \u2013 Du 17 au 18 octobre<\/p>\n<p>Fid\u00e8le depuis 2004 \u00e0 son esprit rassembleur, le festival Ouest Park s\u2019est impos\u00e9 depuis deux d\u00e9cennies comme un\u00a0rendez-vous immanquable des musiques actuelles en Normandie.<\/p>\n<p>Perch\u00e9 sur les hauteurs du\u00a0Havre\u00a0au c\u0153ur du\u00a0Fort de Tourneville, le festival \u201c\u00e0 l\u2019ouest\u201d est port\u00e9 par l\u2019\u00e9quipe du\u00a0Tetris\u00a0(SMAC du Havre). Cet \u00e9v\u00e9nement festif et engag\u00e9 incarne la vitalit\u00e9 de son territoire en mobilisant chaque ann\u00e9e des centaines de b\u00e9n\u00e9voles, de partenaires et d\u2019acteurs locaux. Un v\u00e9ritable d\u00e9fi et une aventure collective qui prend place dans un \u00e9crin de verdure de 6 hectares am\u00e9nag\u00e9 pour accueillir jusqu\u2019\u00e0 6000 curieux\u00b7ses par soir.<\/p>\n<p>Plus d\u2019informations et r\u00e9servations <a style=\"color: #0000ff; text-decoration: underline;\" href=\"https:\/\/www.ouestpark.com\/\" rel=\"nofollow noopener\" target=\"_blank\">ici<\/a>.<\/p>\n<p><strong>8.<\/strong><strong> Colors : Tones of Paris<\/strong><br \/><strong>Le Centquatre-Paris<\/strong> \u2013 du 25 au 26 octobre<\/p>\n<p>Le fameux studio berlinois COLORS \u2013 popularis\u00e9 par les captations de performances musicales de sa cha\u00eene YouTube qui ont s\u00e9duit depuis sa cr\u00e9ation les plus grands artistes de la plan\u00e8te \u2013 prend ses quartiers au CENTQUATRE-PARIS pour une c\u00e9l\u00e9bration des talents les plus authentiques du moment.<\/p>\n<p>Plus d\u2019informations et r\u00e9servations <a style=\"color: #0000ff; text-decoration: underline;\" href=\"https:\/\/www.104.fr\/fiche-evenement\/colors-tones-of-paris.html\" rel=\"nofollow noopener\" target=\"_blank\">ici<\/a>.<\/p>\n<p><img loading=\"lazy\" decoding=\"async\" class=\"size-full wp-image-367160 aligncenter\" src=\"https:\/\/www.europesays.com\/fr\/wp-content\/uploads\/2025\/08\/Tones-of-Paris-aff.jpg\" alt=\"\" width=\"300\" height=\"300\"  \/><\/p>\n<p><strong>L\u2019\u00e9quipe Artistik Rezo vous souhaite une tr\u00e8s belle rentr\u00e9e !<\/strong><\/p>\n","protected":false},"excerpt":{"rendered":"\u00c0 la rentr\u00e9e, la musique r\u00e9sonne encore sur les sc\u00e8nes des festivals ! Rock, \u00e9lectro, jazz ou musiques&hellip;\n","protected":false},"author":2,"featured_media":335831,"comment_status":"","ping_status":"","sticky":false,"template":"","format":"standard","meta":{"footnotes":""},"categories":[1888],"tags":[11,47276,1777,674,849,1011,27,873,12,626,25],"class_list":{"0":"post-335830","1":"post","2":"type-post","3":"status-publish","4":"format-standard","5":"has-post-thumbnail","7":"category-paris","8":"tag-actualites","9":"tag-en-vedette","10":"tag-eu","11":"tag-europe","12":"tag-festival","13":"tag-fr","14":"tag-france","15":"tag-musique","16":"tag-news","17":"tag-paris","18":"tag-republique-francaise"},"share_on_mastodon":{"url":"https:\/\/pubeurope.com\/@fr\/115071627147924636","error":""},"_links":{"self":[{"href":"https:\/\/www.europesays.com\/fr\/wp-json\/wp\/v2\/posts\/335830","targetHints":{"allow":["GET"]}}],"collection":[{"href":"https:\/\/www.europesays.com\/fr\/wp-json\/wp\/v2\/posts"}],"about":[{"href":"https:\/\/www.europesays.com\/fr\/wp-json\/wp\/v2\/types\/post"}],"author":[{"embeddable":true,"href":"https:\/\/www.europesays.com\/fr\/wp-json\/wp\/v2\/users\/2"}],"replies":[{"embeddable":true,"href":"https:\/\/www.europesays.com\/fr\/wp-json\/wp\/v2\/comments?post=335830"}],"version-history":[{"count":0,"href":"https:\/\/www.europesays.com\/fr\/wp-json\/wp\/v2\/posts\/335830\/revisions"}],"wp:featuredmedia":[{"embeddable":true,"href":"https:\/\/www.europesays.com\/fr\/wp-json\/wp\/v2\/media\/335831"}],"wp:attachment":[{"href":"https:\/\/www.europesays.com\/fr\/wp-json\/wp\/v2\/media?parent=335830"}],"wp:term":[{"taxonomy":"category","embeddable":true,"href":"https:\/\/www.europesays.com\/fr\/wp-json\/wp\/v2\/categories?post=335830"},{"taxonomy":"post_tag","embeddable":true,"href":"https:\/\/www.europesays.com\/fr\/wp-json\/wp\/v2\/tags?post=335830"}],"curies":[{"name":"wp","href":"https:\/\/api.w.org\/{rel}","templated":true}]}}