{"id":335834,"date":"2025-08-22T09:08:10","date_gmt":"2025-08-22T09:08:10","guid":{"rendered":"https:\/\/www.europesays.com\/fr\/335834\/"},"modified":"2025-08-22T09:08:10","modified_gmt":"2025-08-22T09:08:10","slug":"guerre-en-ukraine-le-soutien-a-la-russie-fait-de-la-coree-du-nord-un-acteur-a-surveiller-de-pres","status":"publish","type":"post","link":"https:\/\/www.europesays.com\/fr\/335834\/","title":{"rendered":"Guerre en Ukraine : le soutien \u00e0 la Russie fait de la Cor\u00e9e du Nord un acteur \u00e0 surveiller de pr\u00e8s"},"content":{"rendered":"<p class=\"PopSlotParagraph qg-tx2 qg-xtra-lh svelte-1r0pyek\">Alors que le doute s\u2019installe sur la possibilit\u00e9 de trouver un accord autour de l\u2019Ukraine, la Cor\u00e9e du Nord se f\u00e9licite de son engagement au c\u00f4t\u00e9 des troupes de Vladimir Poutine pendant la guerre. Kim Jong-un a dress\u00e9 un premier bilan de <a href=\"https:\/\/www.franceinfo.fr\/monde\/europe\/manifestations-en-ukraine\/guerre-en-ukraine-ce-que-l-on-sait-de-la-decision-de-pyongyang-d-envoyer-des-soldats-en-russie-pour-soutenir-moscou_6851402.html\" target=\"_blank\" rel=\"noopener nofollow\" class=\"\" data-testid=\"link\">son soutien militaire \u00e0 la Russie<\/a> cette semaine et il est tr\u00e8s content.<\/p>\n<p class=\"PopSlotParagraph qg-tx2 qg-xtra-lh svelte-1r0pyek\">**&gt;&gt;<a href=\"https:\/\/www.franceinfo.fr\/monde\/russie\/vladimir-poutine-et-kim-jong-un-s-engagent-a-renforcer-la-cooperation-entre-la-russie-et-la-coree-du-nord_7433293.html\" target=\"_blank\" rel=\"noopener nofollow\" class=\"\" data-testid=\"link\"><strong><strong>Vladimir Poutine et Kim Jong-un s&rsquo;engagent \u00e0 \u00ab\u00a0renforcer\u00a0\u00bb la coop\u00e9ration entre la Russie et la Cor\u00e9e du Nord<\/strong><\/strong><\/a><\/p>\n<p class=\"PopSlotParagraph qg-tx2 qg-xtra-lh svelte-1r0pyek\">**Sur une photo publi\u00e9e jeudi 21\u00a0ao\u00fbt par une agence officielle nord-cor\u00e9enne, Kim Jong-un re\u00e7oit les hauts grad\u00e9s qui ont encadr\u00e9, de pr\u00e8s ou de loin, les troupes envoy\u00e9es en Russie. Ils sont sept, en ligne, dans un uniforme vert olive. L\u2019un d\u2019entre eux est f\u00e9licit\u00e9 par le commandant supr\u00eame qui le serre chaleureusement contre lui.<\/p>\n<p>  <img decoding=\"async\" class=\"Image-preview  svelte-1b9cmvl\" data-testid=\"image-preview\" src=\"data:image\/jpeg;charset=utf-8;base64, \/9j\/2wBDACgcHiMeGSgjISMtKygwPGRBPDc3PHtYXUlkkYCZlo+AjIqgtObDoKrarYqMyP\/L2u71\/\/\/\/m8H\/\/\/\/6\/+b9\/\/j\/2wBDASstLTw1PHZBQXb4pYyl+Pj4+Pj4+Pj4+Pj4+Pj4+Pj4+Pj4+Pj4+Pj4+Pj4+Pj4+Pj4+Pj4+Pj4+Pj4+Pj4+Pj\/wAARCAAXACoDASIAAhEBAxEB\/8QAFwAAAwEAAAAAAAAAAAAAAAAAAAECA\/\/EABgQAQEBAQEAAAAAAAAAAAAAAAABAhES\/8QAFgEBAQEAAAAAAAAAAAAAAAAAAAEC\/8QAFBEBAAAAAAAAAAAAAAAAAAAAAP\/aAAwDAQACEQMRAD8AmVc0w9D0y02u03bK7TdA0ui6jo6KXSugBE3RdAUVFAI0\/9k=\" alt=\"\" aria-hidden=\"false\"\/>     <img decoding=\"async\" src=\"https:\/\/www.europesays.com\/fr\/wp-content\/uploads\/2025\/08\/860_sc_000-72374ke-68a827558d583342901601.jpg\" loading=\"lazy\" fetchpriority=\"low\" width=\"600\" height=\"337\" class=\"Image-main  svelte-1b9cmvl rounded\" data-testid=\"image-src\" alt=\"Kim Jong-un serre contre lui un commandant en chef de l'Arm\u00e9e populaire cor\u00e9enne qui a particip\u00e9 \u00e0 la guerre aux c\u00f4t\u00e9s de la Russie, au si\u00e8ge du Comit\u00e9 central du Parti des travailleurs de Cor\u00e9e \u00e0 Pyongyang. Diffus\u00e9e le 21 ao\u00fbt 2025  par l'Agence centrale de presse nord-cor\u00e9enne (KCNA).\" aria-hidden=\"false\" onload=\"this.__e=event\" onerror=\"this.__e=event\"\/> Kim Jong-un serre contre lui un commandant en chef de l&rsquo;Arm\u00e9e populaire cor\u00e9enne qui a particip\u00e9 \u00e0 la guerre aux c\u00f4t\u00e9s de la Russie, au si\u00e8ge du Comit\u00e9 central du Parti des travailleurs de Cor\u00e9e \u00e0 Pyongyang. Diffus\u00e9e le 21 ao\u00fbt 2025  par l&rsquo;Agence centrale de presse nord-cor\u00e9enne (KCNA).  &#8211; STR \/ KCNA VIA KNS <\/p>\n<p class=\"PopSlotParagraph qg-tx2 qg-xtra-lh svelte-1r0pyek\">La photo montre aussi l\u2019homme qui a dirig\u00e9 cette op\u00e9ration\u00a0: le discret colonel g\u00e9n\u00e9ral Kim Yong Bok, le chef des forces sp\u00e9ciales depuis 2015. Il aurait 200\u00a0000\u00a0hommes sous ces ordres. Il est soup\u00e7onn\u00e9 d\u2019avoir \u00e9t\u00e9 sur le terrain en Russie d\u00e8s le mois d\u2019octobre 2024. L\u2019op\u00e9ration pourrait lui donner encore du galon. En attendant, Kim Jong-un salue l\u2019h\u00e9ro\u00efsme de ses troupes. Il promet une c\u00e9r\u00e9monie pour c\u00e9l\u00e9brer l\u2019\u00e9v\u00e9nement. Il n\u2019\u00e9carte pas la poursuite de son engagement sur le terrain contre l\u2019Ukraine. Vladimir Poutine a aussi envoy\u00e9 un courrier pour remercier les Nord-Cor\u00e9ens.<\/p>\n<p> D\u00e9fense antia\u00e9rienne, missiles&#8230; Un soutien technologique<\/p>\n<p class=\"PopSlotParagraph qg-tx2 qg-xtra-lh svelte-1r0pyek\">Sur le terrain, pour soutenir l&rsquo;arm\u00e9e russe, se sont plus de 11\u00a0000\u00a0Nord-Cor\u00e9ens ont pris part aux combats. Ils se sont engag\u00e9s dans la r\u00e9gion de Kourks pour repousser l\u2019offensive ukrainienne. Ils ont maintenant l\u2019exp\u00e9rience d\u2019un terrain de guerre moderne, avec l\u2019utilisation de la technologie et des drones. D\u2019apr\u00e8s les services sud-cor\u00e9ens qui documentent les mouvements de troupes de Pyongyang, on compterait seulement 600\u00a0morts. On ne sait pas encore si ces soldats sont toujours sur le terrain ou s\u2019ils sont revenus en Cor\u00e9e avec leurs chefs. Il y a eu des mouvements d\u2019avions r\u00e9cemment en provenance de Russie, mais aucune confirmation. La Cor\u00e9e aurait aussi fourni des d\u00e9mineurs et des ouvriers pour la reconstruction dans la r\u00e9gion de Koursk, ainsi que des employ\u00e9s pour servir de main-d\u2019\u0153uvre en Russie.<\/p>\n<p class=\"PopSlotParagraph qg-tx2 qg-xtra-lh svelte-1r0pyek\">Dans l\u2019op\u00e9ration, la Cor\u00e9e du Nord a d&rsquo;abord gagn\u00e9 un bagage militaire. Elle n\u2019avait pas d\u2019exp\u00e9rience de combat moderne. C\u2019est une donne nouvelle. L\u2019arm\u00e9e cor\u00e9enne est sortie de sa bulle. Elle a \u00e9galement re\u00e7u un soutien technologique des Russes, dans le domaine notamment de la d\u00e9fense antia\u00e9rienne et des missiles. Pour la Cor\u00e9e du Sud, c\u2019est un nouveau param\u00e8tre. Le mat\u00e9riel nord-cor\u00e9en pourrait se moderniser. Gr\u00e2ce \u00e0 la guerre en Ukraine la Cor\u00e9e du Nord est sortie de son isolement. Le soutien mutuel avec la Russie en fait un nouvel acteur \u00e0 surveiller d\u2019encore plus pr\u00e8s dans le domaine de la menace militaire.<\/p>\n","protected":false},"excerpt":{"rendered":"Alors que le doute s\u2019installe sur la possibilit\u00e9 de trouver un accord autour de l\u2019Ukraine, la Cor\u00e9e du&hellip;\n","protected":false},"author":2,"featured_media":335835,"comment_status":"","ping_status":"","sticky":false,"template":"","format":"standard","meta":{"footnotes":""},"categories":[1591],"tags":[11,1887,12,1885,1886,132],"class_list":{"0":"post-335834","1":"post","2":"type-post","3":"status-publish","4":"format-standard","5":"has-post-thumbnail","7":"category-russie","8":"tag-actualites","9":"tag-federation-de-russie","10":"tag-news","11":"tag-russia","12":"tag-russian-federation","13":"tag-russie"},"share_on_mastodon":{"url":"https:\/\/pubeurope.com\/@fr\/115071634947759793","error":""},"_links":{"self":[{"href":"https:\/\/www.europesays.com\/fr\/wp-json\/wp\/v2\/posts\/335834","targetHints":{"allow":["GET"]}}],"collection":[{"href":"https:\/\/www.europesays.com\/fr\/wp-json\/wp\/v2\/posts"}],"about":[{"href":"https:\/\/www.europesays.com\/fr\/wp-json\/wp\/v2\/types\/post"}],"author":[{"embeddable":true,"href":"https:\/\/www.europesays.com\/fr\/wp-json\/wp\/v2\/users\/2"}],"replies":[{"embeddable":true,"href":"https:\/\/www.europesays.com\/fr\/wp-json\/wp\/v2\/comments?post=335834"}],"version-history":[{"count":0,"href":"https:\/\/www.europesays.com\/fr\/wp-json\/wp\/v2\/posts\/335834\/revisions"}],"wp:featuredmedia":[{"embeddable":true,"href":"https:\/\/www.europesays.com\/fr\/wp-json\/wp\/v2\/media\/335835"}],"wp:attachment":[{"href":"https:\/\/www.europesays.com\/fr\/wp-json\/wp\/v2\/media?parent=335834"}],"wp:term":[{"taxonomy":"category","embeddable":true,"href":"https:\/\/www.europesays.com\/fr\/wp-json\/wp\/v2\/categories?post=335834"},{"taxonomy":"post_tag","embeddable":true,"href":"https:\/\/www.europesays.com\/fr\/wp-json\/wp\/v2\/tags?post=335834"}],"curies":[{"name":"wp","href":"https:\/\/api.w.org\/{rel}","templated":true}]}}