{"id":335838,"date":"2025-08-22T09:10:11","date_gmt":"2025-08-22T09:10:11","guid":{"rendered":"https:\/\/www.europesays.com\/fr\/335838\/"},"modified":"2025-08-22T09:10:11","modified_gmt":"2025-08-22T09:10:11","slug":"aux-etats-unis-les-importateurs-de-vin-sinquietent-de-devoir-augmenter-les-prix","status":"publish","type":"post","link":"https:\/\/www.europesays.com\/fr\/335838\/","title":{"rendered":"aux \u00c9tats-Unis, les importateurs de vin s\u2019inqui\u00e8tent de devoir augmenter les prix"},"content":{"rendered":"<p>                             Par Le Figaro Vin avec AFP<\/p>\n<p>                Le 22 ao\u00fbt 2025 \u00e0 10h55<\/p>\n<p>    Michael Warner, importateur am\u00e9ricain.<br \/>\n                SAUL LOEB \/ AFP<\/p>\n<p>La confirmation des droits de douane de 15% pour les vins europ\u00e9ens aux \u00c9tats-Unis n\u2019est pas une bonne nouvelle pour l\u2019importation et la distribution de vin sur place. Un secteur qui repr\u00e9sente des centaines de milliers d\u2019emplois.<\/p>\n<p class=\"fig-paragraph\">Les d\u00e9tails de l\u2019accord sur les droits de douane entre l\u2019Union europ\u00e9enne et les \u00c9tats-Unis ont laiss\u00e9 le secteur viticole sur sa faim de part et d\u2019autre de l\u2019Atlantique, les importateurs am\u00e9ricains se pr\u00e9parant aux cons\u00e9quences d\u2019une hausse des prix pour la majorit\u00e9 de leurs produits. Car malgr\u00e9 les espoirs, en particulier du c\u00f4t\u00e9 fran\u00e7ais, d&rsquo;une exemption pour les vins et spiritueux europ\u00e9ens,\u00a0<a href=\"https:\/\/www.lefigaro.fr\/flash-eco\/droits-de-douane-les-voitures-et-les-produits-pharmaceutiques-europeens-seront-bien-taxes-a-15-aux-etats-unis-20250821\" target=\"_blank\" data-fig-type=\"NewsFlash\" rel=\"noopener nofollow\" data-gtm-custom-categorie=\"navigation\" data-gtm-custom-action=\"crossclick\" data-gtm-custom-label=\"Contextuel\" data-gtm-event=\"customEventSPE\" data-fig-domain=\"LEFIGARO\">le secteur sera tax\u00e9 \u00e0 15%, comme beaucoup d&rsquo;autres produits europ\u00e9ens<\/a>.<\/p>\n<p class=\"fig-paragraph\">Pour les commerces am\u00e9ricains, comme dans cette boutique de Washington proche du Capitole, cela signifie une hausse des prix, non seulement sur les vins provenant de petits producteurs europ\u00e9ens, mais \u00e9galement sur ceux venant d&rsquo;Afrique du Sud ou d&rsquo;Argentine, touch\u00e9s par d&rsquo;autres surtaxes, de 10% \u00e0 30%. \u00abTout le monde revoit les prix\u00bb, s&rsquo;inqui\u00e8te le propri\u00e9taire de la boutique, Michael Warner, qui dit avoir d\u00e9j\u00e0 observ\u00e9 des augmentations de 10% \u00e0 15% de la part de ses fournisseurs depuis le mois de juin. Dans son magasin, plus de 80% des vins sont import\u00e9s, aux deux tiers d&rsquo;Europe, et si de nombreux importateurs ont fait des stocks avant l&rsquo;entr\u00e9e en vigueur des droits de douane impos\u00e9s par Donald Trump, l&rsquo;inventaire se vide. Entre baisse du dollar et droits de douane, M. Warner estime que de nombreux importateurs \u00abvoient une hausse de 20% de leurs co\u00fbts. Et nous verrons les prix augmenter, tr\u00e8s certainement dans les prochains mois et pour les f\u00eates de fin d&rsquo;ann\u00e9e\u00bb.<\/p>\n<p>                                    <a class=\"fig-a11y-skip a11y-hidden\" href=\"#fig-a11y-skip-main-inarticle\"><br \/>\n        Passer la publicit\u00e9<br \/>\n    <\/a><\/p>\n<p>Pas de \u00abtraitement privil\u00e9gi\u00e9\u00bb<\/p>\n<p class=\"fig-paragraph\">Jusqu&rsquo;au bout, notamment pouss\u00e9s par Paris, les n\u00e9gociateurs europ\u00e9ens ont esp\u00e9r\u00e9\u00a0<a href=\"https:\/\/avis-vin.lefigaro.fr\/economie-du-vin\/droits-de-douane-a-48h-de-leur-entree-en-vigueur-les-vins-et-spiritueux-esperent-toujours-etre-exemptes-20250805\" target=\"_blank\" data-fig-type=\"NewsFlash\" rel=\"noopener nofollow\" data-gtm-custom-categorie=\"navigation\" data-gtm-custom-action=\"crossclick\" data-gtm-custom-label=\"Contextuel\" data-gtm-event=\"customEventSPE\" data-fig-domain=\"AVIS_VIN\">une exemption pour les vins et spiritueux europ\u00e9ens<\/a>, sans succ\u00e8s jusqu&rsquo;ici. Jeudi, la f\u00e9d\u00e9ration des exportateurs fran\u00e7ais de vin a exprim\u00e9 \u00absa profonde d\u00e9ception\u00bb, m\u00eame si le commissaire europ\u00e9en au Commerce, Maros Sefcovic, a tent\u00e9 de se montrer rassurant, affirmant que \u00ables portes ne sont pas d\u00e9finitivement ferm\u00e9es\u00bb. Interrog\u00e9 par l&rsquo;AFP, un responsable de la Maison Blanche a cependant assur\u00e9 que le gouvernement n&rsquo;avait \u00abpas accord\u00e9 de traitement privil\u00e9gi\u00e9 \u00e0 l&rsquo;alcool provenant d&rsquo;Europe\u00bb dans le cadre de l&rsquo;accord sur la n\u00e9gociation entre les deux rives de l&rsquo;Atlantique. Pour le pr\u00e9sident de l&rsquo;Alliance am\u00e9ricaine du commerce du vin, Ben Aneff, le pays profite \u00abtr\u00e8s largement de la vente de vins provenant d&rsquo;Europe\u00bb.<\/p>\n<p class=\"fig-paragraph\">En cause, un syst\u00e8me particulier qui impose aux producteurs \u00e9trangers de passer par un importateur am\u00e9ricain, lequel se charge de vendre leurs produits aux grossistes, qui fournissent les d\u00e9taillants, avant d&rsquo;arriver au consommateur final, ce qui accorde une place essentielle aux entreprises am\u00e9ricaines dans la cha\u00eene d&rsquo;approvisionnement. \u00abPour chaque dollar que nous d\u00e9pensons pour du vin europ\u00e9en, nous en gagnons 4,52\u00bb, pr\u00e9cise ainsi M. Aneff, ce qui repr\u00e9sente, selon ses calculs \u00abenviron 24 milliards de dollars\u00bb gagn\u00e9s par les importateurs sur les 5,3 milliards de dollars de vins achet\u00e9s chaque ann\u00e9e aux producteurs europ\u00e9ens.<\/p>\n<p>Producteurs am\u00e9ricains touch\u00e9s<\/p>\n<p class=\"fig-paragraph\">Une activit\u00e9 qui soutient des centaines de milliers d&#8217;emplois dans l&rsquo;importation et la distribution, sans compter les dizaines de milliers de petits commer\u00e7ants sp\u00e9cialis\u00e9s, qui \u00e0 leur tour vendent aux consommateurs et restaurants. \u00abNous n&rsquo;avons aucune garantie concernant une potentielle exemption mais nous savons que c&rsquo;est quelque chose que le gouvernement prend s\u00e9rieusement en consid\u00e9ration\u00bb, assure Ben Aneff.<\/p>\n<p class=\"fig-body-link\">\n            \u00c0 lire aussi<br \/>\n        <a class=\"fig-body-link__link\" href=\"https:\/\/www.lefigaro.fr\/conjoncture\/droits-de-douane-americains-les-exportateurs-de-vins-et-spiritueux-francais-s-alarment-le-gouvernement-veut-des-exemptions-20250821\" target=\"_blank\" data-fig-type=\"NewsFlash\" rel=\"noopener nofollow\" data-gtm-custom-categorie=\"navigation\" data-gtm-custom-action=\"crossclick\" data-gtm-custom-label=\"Contextuel\" data-gtm-event=\"customEventSPE\" data-fig-domain=\"LEFIGARO\">Droits de douane am\u00e9ricains\u00a0: les exportateurs de vins et spiritueux fran\u00e7ais s\u2019alarment, le gouvernement veut des \u00abexemptions\u00bb<br \/>\n    <\/a>\n<\/p>\n<p class=\"fig-paragraph\">En attendant, Harry Root, qui dirige avec sa femme une entreprise d&rsquo;importation et distribution de vins, assure avoir pay\u00e9 \u00abplus de 100.000 dollars en droits de douane cette ann\u00e9e\u00bb. \u00abNous avons gagn\u00e9 moins de 400.000 dollars l&rsquo;ann\u00e9e derni\u00e8re, cela \u00e9quivaut donc d\u00e9j\u00e0 \u00e0 une taxe de 25% sur notre activit\u00e9\u00bb, s&rsquo;inqui\u00e8te-t-il. \u00abCela limite fortement notre capacit\u00e9 \u00e0 soutenir les producteurs am\u00e9ricains\u00bb, insiste M. Root, qui, s&rsquo;il n&rsquo;a pas pour l&rsquo;instant eu \u00e0 licencier, retarde le remplacement des salari\u00e9s qui ont quitt\u00e9 l&rsquo;entreprise, soit l&rsquo;inverse de son ambition de d\u00e9veloppement affich\u00e9e en d\u00e9but d&rsquo;ann\u00e9e. \u00abNous y avons renonc\u00e9 lorsque les droits de douane sont devenus r\u00e9alit\u00e9\u00bb, dans l&rsquo;espoir de r\u00e9duire les co\u00fbts, \u00abc&rsquo;est une p\u00e9riode particuli\u00e8rement \u00e9prouvante\u00bb, reconna\u00eet l&rsquo;entrepreneur.<\/p>\n","protected":false},"excerpt":{"rendered":"Par Le Figaro Vin avec AFP Le 22 ao\u00fbt 2025 \u00e0 10h55 Michael Warner, importateur am\u00e9ricain. SAUL LOEB&hellip;\n","protected":false},"author":2,"featured_media":335839,"comment_status":"","ping_status":"","sticky":false,"template":"","format":"standard","meta":{"footnotes":""},"categories":[1589],"tags":[11,981,73,1866,12,1864,1865,1863,308],"class_list":{"0":"post-335838","1":"post","2":"type-post","3":"status-publish","4":"format-standard","5":"has-post-thumbnail","7":"category-etats-unis","8":"tag-actualites","9":"tag-douane","10":"tag-etats-unis","11":"tag-etats-unis-damerique","12":"tag-news","13":"tag-united-states","14":"tag-united-states-of-america","15":"tag-us","16":"tag-usa"},"share_on_mastodon":{"url":"https:\/\/pubeurope.com\/@fr\/115071642798379897","error":""},"_links":{"self":[{"href":"https:\/\/www.europesays.com\/fr\/wp-json\/wp\/v2\/posts\/335838","targetHints":{"allow":["GET"]}}],"collection":[{"href":"https:\/\/www.europesays.com\/fr\/wp-json\/wp\/v2\/posts"}],"about":[{"href":"https:\/\/www.europesays.com\/fr\/wp-json\/wp\/v2\/types\/post"}],"author":[{"embeddable":true,"href":"https:\/\/www.europesays.com\/fr\/wp-json\/wp\/v2\/users\/2"}],"replies":[{"embeddable":true,"href":"https:\/\/www.europesays.com\/fr\/wp-json\/wp\/v2\/comments?post=335838"}],"version-history":[{"count":0,"href":"https:\/\/www.europesays.com\/fr\/wp-json\/wp\/v2\/posts\/335838\/revisions"}],"wp:featuredmedia":[{"embeddable":true,"href":"https:\/\/www.europesays.com\/fr\/wp-json\/wp\/v2\/media\/335839"}],"wp:attachment":[{"href":"https:\/\/www.europesays.com\/fr\/wp-json\/wp\/v2\/media?parent=335838"}],"wp:term":[{"taxonomy":"category","embeddable":true,"href":"https:\/\/www.europesays.com\/fr\/wp-json\/wp\/v2\/categories?post=335838"},{"taxonomy":"post_tag","embeddable":true,"href":"https:\/\/www.europesays.com\/fr\/wp-json\/wp\/v2\/tags?post=335838"}],"curies":[{"name":"wp","href":"https:\/\/api.w.org\/{rel}","templated":true}]}}