{"id":335844,"date":"2025-08-22T09:13:31","date_gmt":"2025-08-22T09:13:31","guid":{"rendered":"https:\/\/www.europesays.com\/fr\/335844\/"},"modified":"2025-08-22T09:13:31","modified_gmt":"2025-08-22T09:13:31","slug":"cette-voiture-electrique-xxl-vendue-en-europe-sameliore-et-fait-fondre-ses-prix-voici-ce-qui-change","status":"publish","type":"post","link":"https:\/\/www.europesays.com\/fr\/335844\/","title":{"rendered":"Cette voiture \u00e9lectrique XXL vendue en Europe s\u2019am\u00e9liore et fait fondre ses prix : voici ce qui change"},"content":{"rendered":"<p>Le constructeur chinois Nio l\u00e8ve le voile sur la nouvelle g\u00e9n\u00e9ration de son ES8. Cette grande voiture \u00e9lectrique d\u00e9j\u00e0 vendue en Europe fait le plein d\u2019innovations, et nous bluffe surtout par sa recharge ultra-rapide et sa capacit\u00e9 \u00e0 pouvoir \u00e9changer sa batterie en 3 minutes.<\/p>\n<p><a href=\"https:\/\/images.frandroid.com\/wp-content\/uploads\/2025\/08\/006c7s6wly1i4l6o0gn9sj31hc0u0e81.jpg\" target=\"_blank\" class=\"article-content__figure\" rel=\"noopener\"><img fetchpriority=\"high\" decoding=\"async\" loading=\"eager\" width=\"1200\" height=\"675\" src=\"https:\/\/www.europesays.com\/fr\/wp-content\/uploads\/2025\/08\/006c7s6wly1i4l6o0gn9sj31hc0u0e81.jpg\" alt=\"\" class=\"wp-image-2768227 wp-image wp-image\"  \/><\/a>Cr\u00e9dit : Nio<\/p>\n<p>Il y a de grandes chances pour que vous n\u2019ayez encore jamais entendu parler de <a href=\"https:\/\/www.frandroid.com\/produits\/nio\" target=\"_blank\" rel=\"noopener\">Nio <\/a>quelques ann\u00e9es auparavant. Mais depuis peu, <strong>le constructeur chinois fait souvent les gros titres<\/strong>. Il faut dire que ce dernier veut d\u00e9sormais s\u2019offrir une place de choix sur le march\u00e9 europ\u00e9en, afin de rivaliser avec <a href=\"https:\/\/www.frandroid.com\/marques\/byd\/2604507_byd-senvole-tesla-vacille-la-nouvelle-donne-sur-le-marche-electrique\" target=\"_blank\" rel=\"noopener\">BYD, num\u00e9ro 1 mondial de la voiture \u00e9lectrique<\/a>.<\/p>\n<p>Une nouvelle g\u00e9n\u00e9ration prometteuse<\/p>\n<p>Ainsi, la firme vient de <a href=\"https:\/\/www.frandroid.com\/marques\/nio\/2762589_ca-y-est-la-rivale-chinoise-de-la-r5-electrique-est-arrivee-en-europe#:~:text=arriv%C3%A9e%20en%20Europe-,%C3%87a%20y%20est%2C%20la%20rivale%20chinoise%20de%20la,%C3%A9lectrique%20est%20arriv%C3%A9e%20en%20Europe&amp;text=D%C3%A9voil%C3%A9e%20en%20fin%20d&#039;ann%C3%A9e,Norv%C3%A8ge%20et%20aux%20Pays%2DBas.\" target=\"_blank\" rel=\"noopener\">d\u00e9marrer les livraisons de sa petite Firefly<\/a>, rivale de la <a href=\"https:\/\/www.frandroid.com\/produits\/voitures\/renault\/1515362-renault-5-electrique\" target=\"_blank\" rel=\"noopener\">Renault 5 E-Tech<\/a>, en Norv\u00e8ge et aux Pays-Bas. Et ce n\u2019est pas tout, car elle continue sa belle carri\u00e8re dans son pays natal, la Chine. Sur sa <a href=\"https:\/\/m.weibo.cn\/u\/5675889356?jumpfrom=weibocom\" target=\"_blank\" rel=\"noreferrer noopener\">page Weibo officielle<\/a>, Nio vient d\u2019annoncer la r\u00e9v\u00e9lation de sa derni\u00e8re cr\u00e9ation,<strong> la 3\u1d49 g\u00e9n\u00e9ration de son SUV \u00e9lectrique, l\u2019ES8<\/strong>. Pour m\u00e9moire, ce dernier avait \u00e9t\u00e9 d\u00e9voil\u00e9 pour la toute premi\u00e8re fois en 2018, et voil\u00e0 qu\u2019il \u00e9volue sur tous les points.<\/p>\n<p><a href=\"https:\/\/images.frandroid.com\/wp-content\/uploads\/2025\/08\/006c7s6wgy1i4l9d9csboj31hc0u0e81-1.jpg\" target=\"_blank\" class=\"article-content__figure\" rel=\"noopener\"><img loading=\"lazy\" decoding=\"async\" width=\"1200\" height=\"675\" src=\"https:\/\/www.europesays.com\/fr\/wp-content\/uploads\/2025\/08\/006c7s6wgy1i4l9d9csboj31hc0u0e81-1-1200x675.jpg\" alt=\"\" class=\"wp-image-2768225 wp-image\"  \/><\/a>Cr\u00e9dit : Nio<\/p>\n<p>Cela commence par le style ext\u00e9rieur, qui change cependant de mani\u00e8re tr\u00e8s discr\u00e8te. En fait, il reprend certains \u00e9l\u00e9ments de design de l\u2019<a href=\"https:\/\/www.frandroid.com\/produits\/voitures\/nio\/1701537-nio-es6\" target=\"_blank\" rel=\"noopener\">ES6<\/a> restyl\u00e9, entre autres. Nous retrouvons une signature lumineuse \u00e0 deux \u00e9tages, ainsi que des poign\u00e9es de portes int\u00e9gr\u00e9es \u00e0 la carrosserie. De plus, l\u2019arri\u00e8re s\u2019offre <strong>une bande r\u00e9tro-\u00e9clair\u00e9e compos\u00e9e de 600 LED<\/strong>. Six teintes de carrosserie sont propos\u00e9es. La voiture s\u2019offre des jantes de 22 pouces, et elle voit ses dimensions l\u00e9g\u00e8rement augmenter.<\/p>\n<p>Le SUV mesure d\u00e9sormais <strong>5,28 m\u00e8tres de long pour 2,01 m\u00e8tres de large<\/strong> et 1,80 m\u00e8tre de haut. Son empattement est quant \u00e0 lui annonc\u00e9 \u00e0 3,13 m\u00e8tres par <a href=\"https:\/\/www.nio.cn\/es8\/configuration\" target=\"_blank\" rel=\"noreferrer noopener\">le site de la marque<\/a>, soit une hausse de 6 centim\u00e8tres. Cela profite bien \u00e9videmment au confort des passagers, qui peuvent \u00eatre jusqu\u2019\u00e0 sept \u00e0 bord. La 2\u1d49 rang\u00e9e a le droit \u00e0 des si\u00e8ges chauffants et inclinables \u00e0 151 degr\u00e9s. Ce n\u2019est pas tout, car les occupants peuvent se divertir gr\u00e2ce \u00e0 <strong>un grand \u00e9cran de 21,4 pouces<\/strong> fix\u00e9 au plafond, et offrant une r\u00e9solution 3K.<\/p>\n<p><a href=\"https:\/\/images.frandroid.com\/wp-content\/uploads\/2025\/08\/006c7s6wly1i4l64gxl2nj31hc0u0u0x.jpg\" target=\"_blank\" class=\"article-content__figure\" rel=\"noopener\"><img loading=\"lazy\" decoding=\"async\" width=\"1200\" height=\"675\" src=\"https:\/\/www.europesays.com\/fr\/wp-content\/uploads\/2025\/08\/006c7s6wly1i4l64gxl2nj31hc0u0u0x-1200x675.jpg\" alt=\"\" class=\"wp-image-2768219 wp-image\"  \/><\/a>Cr\u00e9dit : Nio<\/p>\n<p>Le Nio ES8 inclut aussi <strong>un r\u00e9frig\u00e9rateur, un syst\u00e8me audio Dolby Atmos <\/strong>de 2 600 watts et la climatisation \u00e0 cinq zones. De plus, le conducteur profite quant \u00e0 lui d\u2019un<strong> \u00e9cran tactile de 16,4 pouces<\/strong>. Il est associ\u00e9 \u00e0 une immense dalle num\u00e9rique de 48 pouces, qui parcourt toute la longueur de la planche de bord. Le coffre oscille <strong>entre 547 et 3 230 litres<\/strong> et il est associ\u00e9 \u00e0 un grand frunk de 230 litres \u00e0 l\u2019avant.<\/p>\n<p>Une charge tr\u00e8s impressionnante<\/p>\n<p>Cette nouvelle g\u00e9n\u00e9ration du SUV \u00e9lectrique a le droit \u00e0 une transmission int\u00e9grale, avec un moteur sur chaque essieu. Le tout d\u00e9veloppe alors une puissance totale de 520 kW, <strong>soit environ 707 chevaux<\/strong>. Le couple maximal est annonc\u00e9 \u00e0 700 Nm, ce qui permet \u00e0 la voiture de r\u00e9aliser le 0 \u00e0 100 km\/h en seulement 3,97 secondes. Sous son capot, il embarque une grosse batterie d\u2019une capacit\u00e9 de 102 kW, qui offre une autonomie maximale de 635 kilom\u00e8tres selon le <a href=\"https:\/\/www.frandroid.com\/comment-faire\/652748_wltp-nedc-epa-comment-mesure-t-on-lautonomie-des-voitures-electriques\" target=\"_blank\" rel=\"noopener\">cycle chinois CLTC<\/a>. Soit environ <strong>540 kilom\u00e8tres WLTP<\/strong>.<\/p>\n<p><a href=\"https:\/\/images.frandroid.com\/wp-content\/uploads\/2025\/08\/006c7s6wly1i4l64g9rlkj31hc0u0e81-1.jpg\" target=\"_blank\" class=\"article-content__figure\" rel=\"noopener\"><img loading=\"lazy\" decoding=\"async\" width=\"1200\" height=\"675\" src=\"https:\/\/www.europesays.com\/fr\/wp-content\/uploads\/2025\/08\/006c7s6wly1i4l64g9rlkj31hc0u0e81-1-1200x675.jpg\" alt=\"\" class=\"wp-image-2768223 wp-image\"  \/><\/a>Cr\u00e9dit : Nio<\/p>\n<p>Mais ce qui est surtout bluffant, c\u2019est la recharge. L\u2019ES8 r\u00e9cup\u00e8re l\u2019<a href=\"https:\/\/www.frandroid.com\/marques\/nio\/1981472_voici-le-premier-moteur-900-volts-pour-voitures-electriques-tout-comprendre-a-cette-technologie-revolutionnaire\" target=\"_blank\" rel=\"noopener\">architecture 900 volts<\/a> de l\u2019<a href=\"https:\/\/www.frandroid.com\/produits\/voitures\/nio\/2738589-nio-et9\" target=\"_blank\" rel=\"noopener\">ET9<\/a> et se charge \u00e0 une puissance de 600 kW, avec un taux atteignant les 5C. Ce qui lui permet de r\u00e9cup\u00e9rer <strong>jusqu\u2019\u00e0 250 kilom\u00e8tres en seulement cinq minutes<\/strong>. \u00c0 noter que le SUV \u00e9lectrique propose une conduite autonome assur\u00e9e par un <a href=\"https:\/\/www.frandroid.com\/produits-android\/1527802_voitures-electriques-a-quoi-servent-les-lidar-et-pourquoi-vont-ils-se-democratiser\" target=\"_blank\" rel=\"noopener\">capteur LiDAR<\/a> et qu\u2019il a le droit \u00e0 une suspension pneumatique. Cette derni\u00e8re peut faire varier la garde au sol de 5 centim\u00e8tres pour la conduite tout-terrain.<\/p>\n<p><a href=\"https:\/\/images.frandroid.com\/wp-content\/uploads\/2025\/08\/006c7s6wly1i4ljxj4zprj31hc0u0npd-1.jpg\" target=\"_blank\" class=\"article-content__figure\" rel=\"noopener\"><img loading=\"lazy\" decoding=\"async\" width=\"1200\" height=\"675\" src=\"https:\/\/www.europesays.com\/fr\/wp-content\/uploads\/2025\/08\/006c7s6wly1i4ljxj4zprj31hc0u0npd-1-1200x675.jpg\" alt=\"\" class=\"wp-image-2768229 wp-image\"  \/><\/a>Cr\u00e9dit : Nio<\/p>\n<p>Cette nouvelle version, qui repose sur la plateforme NT3.0 d\u00e9marre d\u00e9j\u00e0 sa commercialisation en Chine. Il faut compter 416 800 yuans pour s\u2019offrir cette version, <strong>soit environ 50 060 euros<\/strong>. Un tarif en baisse de 25 % par rapport \u00e0 la pr\u00e9c\u00e9dente g\u00e9n\u00e9ration, qui ne prend pas en compte les<a href=\"https:\/\/www.frandroid.com\/survoltes\/voitures-electriques\/2387980_pourquoi-le-prix-de-certaines-voitures-electriques-chinoises-vendues-en-europe-devrait-bientot-flamber\" target=\"_blank\" rel=\"noopener\"> droits de douane<\/a> en vigueur en Europe, si le SUV arrive un jour chez nous \u2013 ce qui est possible, puisqu\u2019il est d\u00e9j\u00e0 vendu dans quelques pays europ\u00e9ens sous le nom d\u2019EL8 <a href=\"https:\/\/www.frandroid.com\/marques\/nio\/1995922_audi-gagne-la-bataille-qui-lopposait-au-constructeur-de-la-voiture-electrique-aux-1000-km-dautonomie\" target=\"_blank\" rel=\"noopener\">suite \u00e0 une plainte d\u2019Audi<\/a>.<\/p>\n<p>Comme toujours chez Nio, il est aussi possible d\u2019acheter l\u2019ES8 avec <strong>la batterie en location<\/strong>. Car l\u2019auto est compatible avec les<a href=\"https:\/\/www.frandroid.com\/tag\/echange-de-batterie\" target=\"_blank\" rel=\"noopener\"> stations d\u2019\u00e9change <\/a>con\u00e7ues par le constructeur, qui permettent de repartir avec une autonomie maximale en 3 minutes. Dans ce cas, le SUV devient alors moins on\u00e9reux qu\u2019une <a href=\"https:\/\/www.frandroid.com\/marques\/tesla\/2763773_voici-la-nouvelle-tesla-model-yl-a-six-places-et-on-connait-son-prix\" target=\"_blank\" rel=\"noopener\">Tesla Model Y L, qui d\u00e9marre \u00e0 partir de 40 460 euros en Chine<\/a>.<\/p>\n","protected":false},"excerpt":{"rendered":"Le constructeur chinois Nio l\u00e8ve le voile sur la nouvelle g\u00e9n\u00e9ration de son ES8. Cette grande voiture \u00e9lectrique&hellip;\n","protected":false},"author":2,"featured_media":335845,"comment_status":"","ping_status":"","sticky":false,"template":"","format":"standard","meta":{"footnotes":""},"categories":[1586],"tags":[11,1777,674,1011,27,12,47277,25,25857,8727],"class_list":{"0":"post-335844","1":"post","2":"type-post","3":"status-publish","4":"format-standard","5":"has-post-thumbnail","7":"category-europe","8":"tag-actualites","9":"tag-eu","10":"tag-europe","11":"tag-fr","12":"tag-france","13":"tag-news","14":"tag-nio-es8","15":"tag-republique-francaise","16":"tag-suv-electrique","17":"tag-tarifs"},"share_on_mastodon":{"url":"https:\/\/pubeurope.com\/@fr\/115071654952321646","error":""},"_links":{"self":[{"href":"https:\/\/www.europesays.com\/fr\/wp-json\/wp\/v2\/posts\/335844","targetHints":{"allow":["GET"]}}],"collection":[{"href":"https:\/\/www.europesays.com\/fr\/wp-json\/wp\/v2\/posts"}],"about":[{"href":"https:\/\/www.europesays.com\/fr\/wp-json\/wp\/v2\/types\/post"}],"author":[{"embeddable":true,"href":"https:\/\/www.europesays.com\/fr\/wp-json\/wp\/v2\/users\/2"}],"replies":[{"embeddable":true,"href":"https:\/\/www.europesays.com\/fr\/wp-json\/wp\/v2\/comments?post=335844"}],"version-history":[{"count":0,"href":"https:\/\/www.europesays.com\/fr\/wp-json\/wp\/v2\/posts\/335844\/revisions"}],"wp:featuredmedia":[{"embeddable":true,"href":"https:\/\/www.europesays.com\/fr\/wp-json\/wp\/v2\/media\/335845"}],"wp:attachment":[{"href":"https:\/\/www.europesays.com\/fr\/wp-json\/wp\/v2\/media?parent=335844"}],"wp:term":[{"taxonomy":"category","embeddable":true,"href":"https:\/\/www.europesays.com\/fr\/wp-json\/wp\/v2\/categories?post=335844"},{"taxonomy":"post_tag","embeddable":true,"href":"https:\/\/www.europesays.com\/fr\/wp-json\/wp\/v2\/tags?post=335844"}],"curies":[{"name":"wp","href":"https:\/\/api.w.org\/{rel}","templated":true}]}}