{"id":335846,"date":"2025-08-22T09:14:11","date_gmt":"2025-08-22T09:14:11","guid":{"rendered":"https:\/\/www.europesays.com\/fr\/335846\/"},"modified":"2025-08-22T09:14:11","modified_gmt":"2025-08-22T09:14:11","slug":"les-etats-unis-et-lue-finalisent-leur-accord-commercial","status":"publish","type":"post","link":"https:\/\/www.europesays.com\/fr\/335846\/","title":{"rendered":"Les Etats-Unis et l&rsquo;UE finalisent leur accord commercial"},"content":{"rendered":"<p>\n                                        <b>Par<\/b><br \/>\n                                        <br \/>Reuters\n                                    <\/p>\n<p>\n                                    <b>Publi\u00e9 le<\/b><br \/>\n                                    <\/p>\n<p>                                        22 ao\u00fbt 2025<\/p>\n<p class=\"article-content col-md-8 offset-md-1\">\n                                Les Etats-Unis et l&rsquo;Union europ\u00e9enne ont publi\u00e9 jeudi une d\u00e9claration conjointe actant l&rsquo;accord commercial conclu le 27 juillet en Ecosse entre le pr\u00e9sident am\u00e9ricain <a class=\"fnwAddLinks\" href=\"https:\/\/fr.fashionnetwork.com\/tags-donald-trump\" title=\"Donald Trump\" target=\"_blank\" rel=\"noopener\">Donald Trump<\/a> et la pr\u00e9sidente de la Commission europ\u00e9enne Ursula von der Leyen.<\/p>\n<p><img decoding=\"async\" class=\"news-image\" style=\"width:100%;\" src=\"https:\/\/www.europesays.com\/fr\/wp-content\/uploads\/2025\/08\/f600.jpg\" alt=\"\" loading=\"lazy\"\/> Shutterstock<\/p>\n<p class=\"col-md-8 offset-md-1 article-content--texte\">Le texte de trois pages et demie confirme l&rsquo;instauration de droits de douane plafonn\u00e9s \u00e0 15% sur la plupart des produits europ\u00e9ens export\u00e9s outre-Atlantique comme les automobiles, les m\u00e9dicaments, les semi-conducteurs ou le bois.<\/p>\n<p>L&rsquo;Union europ\u00e9enne s&rsquo;y engage \u00e0 supprimer les taxes douani\u00e8res sur tous les produits manufactur\u00e9s am\u00e9ricains et \u00e0 offrir un acc\u00e8s pr\u00e9f\u00e9rentiel \u00e0 son march\u00e9 pour une vaste gamme de produits de la mer et agricoles en provenance des Etats-Unis.<\/p>\n<p class=\"col-md-8 offset-md-1 article-content--texte\">La ministre fran\u00e7aise de l&rsquo;Agriculture, Annie Genevard, a d\u00e9plor\u00e9 un accord \u00ab\u00a0d\u00e9s\u00e9quilibr\u00e9\u00a0\u00bb qui \u00ab\u00a0porte atteinte aux int\u00e9r\u00eats fran\u00e7ais et europ\u00e9ens en mati\u00e8re agricole\u00a0\u00bb.<\/p>\n<p>\u00ab\u00a0(&#8230;) il impose des droits de douane de 15% aux produits europ\u00e9ens export\u00e9s vers les \u00c9tats-Unis, tout en offrant un acc\u00e8s accru aux produits am\u00e9ricains sur le march\u00e9 europ\u00e9en. C&rsquo;est une source d&rsquo;inqui\u00e9tude majeure pour nos fili\u00e8res embl\u00e9matiques\u00a0\u00bb, a-t-elle d\u00e9clar\u00e9 sur le r\u00e9seau social X.<\/p>\n<p>Le document pr\u00e9cise que Washington ram\u00e8nera \u00e0 15% les droits de douane sur les exportations europ\u00e9ennes de voitures et de pi\u00e8ces automobiles, actuellement de 27,5%, une fois que Bruxelles aura pr\u00e9sent\u00e9 et adopt\u00e9 la l\u00e9gislation n\u00e9cessaire pour mettre en oeuvre ses engagements.<\/p>\n<p>Un haut responsable de l&rsquo;administration de Donald Trump a d\u00e9clar\u00e9 sous le sceau de l&rsquo;anonymat que cet all\u00e8gement pourrait voir le jour dans un d\u00e9lai de quelques semaines, notant que les deux parties souhaitaient \u00ab\u00a0agir rapidement\u00a0\u00bb.<\/p>\n<p>METTRE LES CHOSES DANS L&rsquo;ORDRE<\/p>\n<p>Cette d\u00e9claration commune, a-t-il ajout\u00e9, est \u00ab\u00a0une fa\u00e7on de se tenir mutuellement responsables\u00a0\u00bb et de garantir que les deux parties respectent les engagements annonc\u00e9s le mois dernier \u00e0 Turnberry par Donald Trump et Ursula von der Leyen \u00e0 l&rsquo;issue d&rsquo;un entretien d&rsquo;une heure concluant des mois de n\u00e9gociations.<\/p>\n<p>\u00ab\u00a0Nous essayons de mettre les choses dans l&rsquo;ordre avec l&rsquo;Union europ\u00e9enne afin de nous assurer (&#8230;) qu&rsquo;elle ressente une pression suffisante pour obtenir le mandat dont elle a besoin pour engager le processus l\u00e9gislatif de r\u00e9duction de ses taxes douani\u00e8res, comme elle l&rsquo;a promis\u00a0\u00bb, a encore expliqu\u00e9 le responsable am\u00e9ricain.<\/p>\n<p>\u00ab\u00a0Nous sommes certains qu&rsquo;elle le fera. Il est simplement important que toutes les parties soient sur la m\u00eame longueur d&rsquo;onde et agissent en m\u00eame temps.\u00a0\u00bb<\/p>\n<p>Selon le texte de la d\u00e9claration conjointe, l&rsquo;all\u00e8gement de droits de douane sur l&rsquo;automobile entrera en vigueur au premier jour du mois pendant lequel la Commission europ\u00e9enne pr\u00e9sentera sa nouvelle loi.<\/p>\n<p>Le document ajoute que les Etats-Unis appliqueront la clause de la nation la plus favoris\u00e9e \u00e0 compter du 1er septembre sur l&rsquo;a\u00e9ronautique, les m\u00e9dicaments g\u00e9n\u00e9riques et leurs principes actifs, sur les pr\u00e9curseurs chimiques et sur des ressources naturelles comme le li\u00e8ge.<\/p>\n<p>Le secteur des vins et spiritueux n&rsquo;est pas sp\u00e9cifiquement mentionn\u00e9 dans la d\u00e9claration qui indique n\u00e9anmoins que les deux parties \u00ab\u00a0conviennent d&rsquo;examiner d&rsquo;autres secteurs et produits qui sont importants pour leurs \u00e9conomies et leurs cha\u00eenes de valeur en vue d&rsquo;une int\u00e9gration sur une liste de produits pour lesquels s&rsquo;appliquerait la clause de la nation la plus favoris\u00e9e\u00a0\u00bb.<\/p>\n<p>Ce secteur, a comment\u00e9 le commissaire europ\u00e9en au Commerce Maros Sefcovic, \u00ab\u00a0nous ne l&rsquo;avons pas eu, mais je peux vous dire que la Commission europ\u00e9enne est d\u00e9termin\u00e9e \u00e0 le mettre sur la table\u00a0\u00bb.<\/p>\n<p>La ministre de l&rsquo;Agriculture Annie Genevard a dit \u00ab\u00a0particuli\u00e8rement\u00a0\u00bb regretter \u00ab\u00a0l&rsquo;absence d&rsquo;exemption pour les vins et spiritueux, alors m\u00eame que la France et d&rsquo;autres pays avaient soulign\u00e9 l&rsquo;importance prioritaire de ces produits\u00a0\u00bb.<\/p>\n<p>L&rsquo;Union europ\u00e9enne r\u00e9affirme son intention d&rsquo;acheter pour 750 milliards de dollars (645 milliards d&rsquo;euros) de produits \u00e9nerg\u00e9tiques am\u00e9ricains sur trois ans, ainsi que 40 milliards de dollars de puces informatiques pour l&rsquo;intelligence artificielle.<\/p>\n<p>Elle redit aussi souhaiter que les entreprises europ\u00e9ennes investissent 600 milliards de dollars suppl\u00e9mentaires dans les secteurs strat\u00e9giques am\u00e9ricains d&rsquo;ici 2028.<\/p>\n<p>Les deux parties s&rsquo;engagent en outre \u00e0 s&rsquo;attaquer aux \u00ab\u00a0barri\u00e8res commerciales num\u00e9riques injustifi\u00e9es\u00a0\u00bb et \u00e0 envisager de coop\u00e9rer pour prot\u00e9ger leurs march\u00e9s respectifs de l&rsquo;acier et de l&rsquo;aluminium contre la surcapacit\u00e9, tout en garantissant des cha\u00eenes d&rsquo;approvisionnement s\u00fbres entre eux, notamment par le biais de quotas.<\/p>\n<p>(Jean-St\u00e9phane Brosse pour la version fran\u00e7aise, \u00e9dit\u00e9 par Augustin Turpin et Kate Entringer)\n                            <\/p>\n<p>\n                                \u00a9 Thomson Reuters 2025 All rights reserved.\n                            <\/p>\n","protected":false},"excerpt":{"rendered":"Par Reuters Publi\u00e9 le 22 ao\u00fbt 2025 Les Etats-Unis et l&rsquo;Union europ\u00e9enne ont publi\u00e9 jeudi une d\u00e9claration conjointe&hellip;\n","protected":false},"author":2,"featured_media":335847,"comment_status":"","ping_status":"","sticky":false,"template":"","format":"standard","meta":{"footnotes":""},"categories":[1586],"tags":[11,2424,537,2423,75,1777,674,1779,1011,27,2425,985,12,2298,2426,2427,25,2421,2422,1778,364],"class_list":{"0":"post-335846","1":"post","2":"type-post","3":"status-publish","4":"format-standard","5":"has-post-thumbnail","7":"category-europe","8":"tag-actualites","9":"tag-beaute","10":"tag-contact","11":"tag-cosmetiques","12":"tag-donald-trump","13":"tag-eu","14":"tag-europe","15":"tag-european-union","16":"tag-fr","17":"tag-france","18":"tag-luxe","19":"tag-mode","20":"tag-news","21":"tag-parfum","22":"tag-professionnel","23":"tag-professionnels","24":"tag-republique-francaise","25":"tag-reseau","26":"tag-textile","27":"tag-ue","28":"tag-union-europeenne"},"share_on_mastodon":{"url":"https:\/\/pubeurope.com\/@fr\/115071658559945556","error":""},"_links":{"self":[{"href":"https:\/\/www.europesays.com\/fr\/wp-json\/wp\/v2\/posts\/335846","targetHints":{"allow":["GET"]}}],"collection":[{"href":"https:\/\/www.europesays.com\/fr\/wp-json\/wp\/v2\/posts"}],"about":[{"href":"https:\/\/www.europesays.com\/fr\/wp-json\/wp\/v2\/types\/post"}],"author":[{"embeddable":true,"href":"https:\/\/www.europesays.com\/fr\/wp-json\/wp\/v2\/users\/2"}],"replies":[{"embeddable":true,"href":"https:\/\/www.europesays.com\/fr\/wp-json\/wp\/v2\/comments?post=335846"}],"version-history":[{"count":0,"href":"https:\/\/www.europesays.com\/fr\/wp-json\/wp\/v2\/posts\/335846\/revisions"}],"wp:featuredmedia":[{"embeddable":true,"href":"https:\/\/www.europesays.com\/fr\/wp-json\/wp\/v2\/media\/335847"}],"wp:attachment":[{"href":"https:\/\/www.europesays.com\/fr\/wp-json\/wp\/v2\/media?parent=335846"}],"wp:term":[{"taxonomy":"category","embeddable":true,"href":"https:\/\/www.europesays.com\/fr\/wp-json\/wp\/v2\/categories?post=335846"},{"taxonomy":"post_tag","embeddable":true,"href":"https:\/\/www.europesays.com\/fr\/wp-json\/wp\/v2\/tags?post=335846"}],"curies":[{"name":"wp","href":"https:\/\/api.w.org\/{rel}","templated":true}]}}