{"id":335854,"date":"2025-08-22T09:20:14","date_gmt":"2025-08-22T09:20:14","guid":{"rendered":"https:\/\/www.europesays.com\/fr\/335854\/"},"modified":"2025-08-22T09:20:14","modified_gmt":"2025-08-22T09:20:14","slug":"deux-rochelais-au-rugby-championship-stade-rochelais","status":"publish","type":"post","link":"https:\/\/www.europesays.com\/fr\/335854\/","title":{"rendered":"Deux Rochelais au Rugby Championship &#8211; Stade Rochelais"},"content":{"rendered":"<ol>\n<li><a href=\"https:\/\/news.google.com\/rss\/articles\/CBMiiwFBVV95cUxPMDgwU2Y3WjJWSkY3WnRWenFyOThiS1BITG5mREwwZEZ1dTBVVzRwOC11VVQwZmtMcTd1cTE4VnQ1dTYyQlhMUWFoTVVUQ3dPM3NrYUlWUmhaNkNLMnpsWU1XQmpXUjVaNUlMS3JOaGRJcy1lclJIWm5sUGxMbjhlRTRuTWxfVTVFbGtZ?oc=5\" target=\"_blank\" rel=\"nofollow noopener\">Deux Rochelais au Rugby Championship<\/a>&nbsp;&nbsp;Stade Rochelais<\/li>\n<li><a href=\"https:\/\/news.google.com\/rss\/articles\/CBMihAFBVV95cUxPbE9ZMm9rZVRNdXBOT2pobllaZk54Qjg1VWtyaUhxbVk3OXBNcXVpSm4yV0N6d213Y29TcXB0d0lKLTlMenZ1LUozZGFJOTlDUkJOd1FaLURfbENYSmVPZy1Cd0tfV2dQRFVhUE9MZnN4NllXQlBBXzFyVDdNbjNqWmhybDg?oc=5\" target=\"_blank\" rel=\"nofollow noopener\">Skelton titulaire face aux Boks<\/a>&nbsp;&nbsp;Stade Rochelais<\/li>\n<li><a href=\"https:\/\/news.google.com\/rss\/articles\/CBMi3AFBVV95cUxQRzhHZGt6bFMza3VLTVQ0eVJIZXBoNjQxSTh5ZjlfY0x1WEttVXgxVWF4OWkwelRvX0JYbGtMVzdHSzJxMlZIRkY2WVlTTkg1Q2JXYVFMNlBmWnRHcjJKZUlvZHdiM1NoMHhYbk5IMHl3a1FkY1ZxTnRnaWtQUWRCdHU3X1RBTGZlWEJPUHFULTM2MkdlQXlyZXpyelRpT0VmRFkxbVdrUWo0Z0ZSTDhvMVRJQTRIaE5EMVloNjJFWkhMZ0hhaFZNYk9WTlBCaVYxQzZLWlNVS21jUHZw?oc=5\" target=\"_blank\" rel=\"nofollow noopener\">Stade Rochelais : Joel Sclavi sera sur le banc de l\u2019Argentine face aux All Blacks<\/a>&nbsp;&nbsp;Sud Ouest<\/li>\n<li><a href=\"https:\/\/news.google.com\/rss\/articles\/CBMi4gFBVV95cUxNRmNKdkdybXFydXNZMHktNEF4SFRFczJPd3VUYktVLWt4d3F4MURnakVHbUp5WnZXNlphVllVemZkeFJyc1JBSDRVR0tJWmJKYzE3a3E2UmpobHlmVHBfaG1qdU1EQ0dYWmdFck5qSndzSG5JSExMNGRNV3VaQmNyVmtoN0I2NzJYUm9lcjZqOENtMVBwX0dxNk5Wa1BlQ0FIU3B4ZHRITHVfN1Z3RjVzeExyeU9ZS0lhZVdhV0s3S3BwVDZ5N3pMcHBLb3A0eGxXRlJiZUhZQmRTazBzZTFGODJn?oc=5\" target=\"_blank\" rel=\"nofollow noopener\">Deux Montpelli\u00e9rains sur le pont en Rugby Championship : d\u00e9couvrez les \u00e9quipes de la premi\u00e8re journ\u00e9e<\/a>&nbsp;&nbsp;Midi Libre<\/li>\n<li><a href=\"https:\/\/news.google.com\/rss\/articles\/CBMizwFBVV95cUxQSGNIaXJlWHk5ZGZKZUFWT0lDZGpuUzcta3VpNzNEeXduaGFNSzVqSnhQemNQRENxdlBhbUZZeEh5ZjNOX1dPeE90Tzh6TFJmbmN4TkhIWDFVdVZYbEdMcUQ2ejJLdUc2bnV2RkstdWpUUms0RGhYRXNfSmFDZ2FlNlhSSC1QblRKc1hVV0swb290ckozN1E5dGNzdThLTnJvTzZlN1djVC1WX3B4dWoxdXNCSVFnbzRoakhITXdrWGtaSFc4Yl96dlNVNFIzUmM?oc=5\" target=\"_blank\" rel=\"nofollow noopener\">Will Skelton n&rsquo;est pas pr\u00e8s de faire son retour \u00e0 La Roche&#8230;<\/a>&nbsp;&nbsp;Rugby Addict<\/li>\n<\/ol>\n","protected":false},"excerpt":{"rendered":"Deux Rochelais au Rugby Championship&nbsp;&nbsp;Stade Rochelais Skelton titulaire face aux Boks&nbsp;&nbsp;Stade Rochelais Stade Rochelais : Joel Sclavi sera&hellip;\n","protected":false},"author":2,"featured_media":335855,"comment_status":"","ping_status":"","sticky":false,"template":"","format":"standard","meta":{"footnotes":""},"categories":[1416],"tags":[1011,27,479,1468,60],"class_list":{"0":"post-335854","1":"post","2":"type-post","3":"status-publish","4":"format-standard","5":"has-post-thumbnail","7":"category-rugby","8":"tag-fr","9":"tag-france","10":"tag-rugby","11":"tag-rugby-football","12":"tag-sports"},"share_on_mastodon":{"url":"https:\/\/pubeurope.com\/@fr\/115071682245904672","error":""},"_links":{"self":[{"href":"https:\/\/www.europesays.com\/fr\/wp-json\/wp\/v2\/posts\/335854","targetHints":{"allow":["GET"]}}],"collection":[{"href":"https:\/\/www.europesays.com\/fr\/wp-json\/wp\/v2\/posts"}],"about":[{"href":"https:\/\/www.europesays.com\/fr\/wp-json\/wp\/v2\/types\/post"}],"author":[{"embeddable":true,"href":"https:\/\/www.europesays.com\/fr\/wp-json\/wp\/v2\/users\/2"}],"replies":[{"embeddable":true,"href":"https:\/\/www.europesays.com\/fr\/wp-json\/wp\/v2\/comments?post=335854"}],"version-history":[{"count":0,"href":"https:\/\/www.europesays.com\/fr\/wp-json\/wp\/v2\/posts\/335854\/revisions"}],"wp:featuredmedia":[{"embeddable":true,"href":"https:\/\/www.europesays.com\/fr\/wp-json\/wp\/v2\/media\/335855"}],"wp:attachment":[{"href":"https:\/\/www.europesays.com\/fr\/wp-json\/wp\/v2\/media?parent=335854"}],"wp:term":[{"taxonomy":"category","embeddable":true,"href":"https:\/\/www.europesays.com\/fr\/wp-json\/wp\/v2\/categories?post=335854"},{"taxonomy":"post_tag","embeddable":true,"href":"https:\/\/www.europesays.com\/fr\/wp-json\/wp\/v2\/tags?post=335854"}],"curies":[{"name":"wp","href":"https:\/\/api.w.org\/{rel}","templated":true}]}}