{"id":335856,"date":"2025-08-22T09:21:09","date_gmt":"2025-08-22T09:21:09","guid":{"rendered":"https:\/\/www.europesays.com\/fr\/335856\/"},"modified":"2025-08-22T09:21:09","modified_gmt":"2025-08-22T09:21:09","slug":"us-open-wilander-a-propos-dalcaraz-je-pense-quil-est-deja-en-passe-de-devenir-lun-des-plus-grands-joueurs-de-tous-les-temps","status":"publish","type":"post","link":"https:\/\/www.europesays.com\/fr\/335856\/","title":{"rendered":"US Open > Wilander \u00e0 propos d&rsquo;Alcaraz : \u00ab\u00a0Je pense qu&rsquo;il est d\u00e9j\u00e0 en passe de devenir l&rsquo;un des plus grands joueurs de\u00a0tous\u00a0les\u00a0temps\u00a0\u00bb"},"content":{"rendered":"<p>\u00c0 l\u2019ap\u00adproche de l\u2019US Open, <a href=\"https:\/\/www.welovetennis.fr\/us-open\/tirage-clement-pour-sinner-djokovic-et-alcaraz-commencent-par-du-lourd\" data-wpel-link=\"internal\" rel=\"nofollow noopener\" target=\"_blank\">dont le tirage au sort est sorti hier<\/a>, Mats Wilander, consul\u00adtant pour <a href=\"https:\/\/www.tntsports.co.uk\/tennis\/us-open-men\/2025\/mats-wilander-jannik-sinner-carlos-alcaraz-goat_sto23212870\/story.shtml\" data-wpel-link=\"external\" target=\"_blank\" rel=\"nofollow external noopener\">TNT Sport<\/a> durant Fuhsing Meadows, est revenu sur le succ\u00e8s de Carlos Alcaraz.<\/p>\n<p>Le Su\u00e9dois voit tr\u00e8s grand pour l\u2019avenir de \u00ab\u202fCarlitos\u202f\u00bb\u00a0:<\/p>\n<p><strong>\u00ab\u202fJ\u2019adore entendre parler de son ambi\u00adtion. Et je pense qu\u2019il est d\u00e9j\u00e0 en passe de devenir l\u2019un des plus grands joueurs de tous les temps. Et tant que nous n\u2019au\u00adrons que Jannik Sinner comme adver\u00adsaire s\u00e9rieux \u2013 car cela semble \u00eatre le cas ces derni\u00e8res ann\u00e9es -, je pense que nous devrons parler de Carlitos Alcaraz comme l\u2019un des plus grands de notre sport. Mais je pense que Carlos Alcaraz va bien au\u2010del\u00e0 de cela. Pour moi, s\u2019il peut rejoindre la course au titre de plus grand joueur de tous les temps, ce serait formi\u00addable. Mais il apporte telle\u00adment sur le court que je pense qu\u2019au final, cela n\u2019a pas vrai\u00adment d\u2019im\u00adpor\u00adtance. Pour moi, il fait d\u00e9j\u00e0 partie des plus grands joueurs de tous les temps en raison de l\u2019in\u00adt\u00e9r\u00eat qu\u2019il suscite. Est\u2010il l\u2019un des meilleurs de tous les temps\u202f? Nous le saurons dans cinq, six\u00a0ou\u00a0sept\u00a0ans.\u202f\u00bb<\/strong><\/p>\n<p>Des propos qui louent le succ\u00e8s et le palmar\u00e8s de l\u2019Espagnol, d\u00e9j\u00e0 bien garnis pour ses 22\u00a0ans.<\/p>\n<p>Reste d\u00e9sor\u00admais \u00e0 savoir si le r\u00e9cent vain\u00adqueur du Masters 1000 de Cincinnati parviendra \u00e0 main\u00adtenir ses r\u00e9sul\u00adtats sur le long terme, car la long\u00e9\u00advit\u00e9 et la r\u00e9gu\u00adla\u00adrit\u00e9 sont des facteurs cl\u00e9s pour \u00e9galer ou d\u00e9passer les plus grands de ce\u00a0sport.<\/p>\n<p class=\"post-published-date\" style=\"color: silver; font-size: 75%; text-align: left;\">Publi\u00e9 le vendredi 22 ao\u00fbt 2025 \u00e0 08:11<\/p>\n","protected":false},"excerpt":{"rendered":"\u00c0 l\u2019ap\u00adproche de l\u2019US Open, dont le tirage au sort est sorti hier, Mats Wilander, consul\u00adtant pour TNT&hellip;\n","protected":false},"author":2,"featured_media":335857,"comment_status":"","ping_status":"","sticky":false,"template":"","format":"standard","meta":{"footnotes":""},"categories":[1415],"tags":[1744,1011,27,2127,60,1467],"class_list":{"0":"post-335856","1":"post","2":"type-post","3":"status-publish","4":"format-standard","5":"has-post-thumbnail","7":"category-tennis","8":"tag-alcaraz","9":"tag-fr","10":"tag-france","11":"tag-sinner","12":"tag-sports","13":"tag-tennis"},"share_on_mastodon":{"url":"https:\/\/pubeurope.com\/@fr\/115071685913339214","error":""},"_links":{"self":[{"href":"https:\/\/www.europesays.com\/fr\/wp-json\/wp\/v2\/posts\/335856","targetHints":{"allow":["GET"]}}],"collection":[{"href":"https:\/\/www.europesays.com\/fr\/wp-json\/wp\/v2\/posts"}],"about":[{"href":"https:\/\/www.europesays.com\/fr\/wp-json\/wp\/v2\/types\/post"}],"author":[{"embeddable":true,"href":"https:\/\/www.europesays.com\/fr\/wp-json\/wp\/v2\/users\/2"}],"replies":[{"embeddable":true,"href":"https:\/\/www.europesays.com\/fr\/wp-json\/wp\/v2\/comments?post=335856"}],"version-history":[{"count":0,"href":"https:\/\/www.europesays.com\/fr\/wp-json\/wp\/v2\/posts\/335856\/revisions"}],"wp:featuredmedia":[{"embeddable":true,"href":"https:\/\/www.europesays.com\/fr\/wp-json\/wp\/v2\/media\/335857"}],"wp:attachment":[{"href":"https:\/\/www.europesays.com\/fr\/wp-json\/wp\/v2\/media?parent=335856"}],"wp:term":[{"taxonomy":"category","embeddable":true,"href":"https:\/\/www.europesays.com\/fr\/wp-json\/wp\/v2\/categories?post=335856"},{"taxonomy":"post_tag","embeddable":true,"href":"https:\/\/www.europesays.com\/fr\/wp-json\/wp\/v2\/tags?post=335856"}],"curies":[{"name":"wp","href":"https:\/\/api.w.org\/{rel}","templated":true}]}}