{"id":335858,"date":"2025-08-22T09:23:10","date_gmt":"2025-08-22T09:23:10","guid":{"rendered":"https:\/\/www.europesays.com\/fr\/335858\/"},"modified":"2025-08-22T09:23:10","modified_gmt":"2025-08-22T09:23:10","slug":"video-motogp-deja-la-catastrophe-pour-aprilia-2-moteurs-explosent-en-libres-1-en-hongrie","status":"publish","type":"post","link":"https:\/\/www.europesays.com\/fr\/335858\/","title":{"rendered":"Vid\u00e9o. MotoGP D\u00e9j\u00e0 la catastrophe pour Aprilia, 2 moteurs explosent en libres 1, en Hongrie !"},"content":{"rendered":"<p>En l\u2019espace de seulement quelques minutes, deux moteurs ont vol\u00e9 en \u00e9clat, dans le giron d\u2019Aprilia, en MotoGP. C\u2019est tout d\u2019abord Jorge Martin, qui a \u00e9t\u00e9 contraint de ranger sa moto, apr\u00e8s avoir vu s\u2019\u00e9chapper un \u00e9norme panache de fum\u00e9e de sa machine. Puis, peu de temps apr\u00e8s, c\u2019est la Trakhouse de Raul Fernandez qui a subi le m\u00eame sort. Avec, cette-fois, quelques flammes en bonus. Le drapeau rouge \u00e9tait logiquement de sortie\u2026<\/p>\n<blockquote class=\"twitter-tweet\">\n<p dir=\"ltr\" lang=\"en\">Another Aprilia engine blow up \ud83d\ude31<\/p>\n<p>This time around it\u2019s <a href=\"https:\/\/twitter.com\/25RaulFernandez?ref_src=twsrc%5Etfw\" target=\"_blank\" rel=\"noopener\">@25RaulFernandez<\/a> \ud83d\udca8<a href=\"https:\/\/twitter.com\/hashtag\/HungarianGP?src=hash&amp;ref_src=twsrc%5Etfw\" target=\"_blank\" rel=\"noopener\">#HungarianGP<\/a> \ud83c\udded\ud83c\uddfa <a href=\"https:\/\/t.co\/la73krzhK7\">pic.twitter.com\/la73krzhK7<\/a><\/p>\n<p>\u2014 MotoGP\u2122\ud83c\udfc1 (@MotoGP) <a href=\"https:\/\/twitter.com\/MotoGP\/status\/1958816663077269582?ref_src=twsrc%5Etfw\" target=\"_blank\" rel=\"noopener\">August 22, 2025<\/a><\/p>\n<\/blockquote>\n<p>Article publi\u00e9 le 22\/08\/2025 \u00e0 11h03<\/p>\n<p>                                            <img loading=\"lazy\" alt=\"\" class=\"avatar avatar-100 photo lazyload\" height=\"100\" width=\"100\" decoding=\"async\" src=\"https:\/\/www.europesays.com\/fr\/wp-content\/uploads\/2025\/08\/1755854590_579_ffbb894c35ea5189d599d4ea062c98b86ffb67cc602fa683ebcbf422a80fc47a\"  data-eio-rwidth=\"100\" data-eio-rheight=\"100\"\/><\/p>\n<p class=\"h2\">\n                                            Julien Barthet\n                                        <\/p>\n<p>R\u00e9dacteur professionnel, titulaire de la carte de presse pendant 3 ans. Fondateur\/Directeur et R\u00e9dacteur en chef Le Mag Sport Auto et LeMagJeuxHighTech.com.&#13;<br \/>\nEx-Pilote automobile : 55 courses (Formule Ford, F.Campus, Coupe 206 Sprint et Relais, Saxo, Ford Fiesta Allemagne, Mitjet) 1 Victoire. Essais F3, Nascar Euro, Caterham, F.Renault, etc.<\/p>\n<p>                                                                                                                            <a href=\"https:\/\/lemagsportauto.ouest-france.fr\/author\/lmsa_adm\/\" title=\"Julien Barthet\" target=\"_blank\" rel=\"noopener\"><br \/>\n                                                Voir les publications de l&rsquo;auteur<br \/>\n                                            <\/a><\/p>\n<p>                                <script async src=\"https:\/\/platform.twitter.com\/widgets.js\" charset=\"utf-8\"><\/script><\/p>\n","protected":false},"excerpt":{"rendered":"En l\u2019espace de seulement quelques minutes, deux moteurs ont vol\u00e9 en \u00e9clat, dans le giron d\u2019Aprilia, en MotoGP.&hellip;\n","protected":false},"author":2,"featured_media":335859,"comment_status":"","ping_status":"","sticky":false,"template":"","format":"standard","meta":{"footnotes":""},"categories":[1413],"tags":[5828,21747,1011,27,1457,1456,1458,60],"class_list":{"0":"post-335858","1":"post","2":"type-post","3":"status-publish","4":"format-standard","5":"has-post-thumbnail","7":"category-moto","8":"tag-aprilia","9":"tag-balaton-park","10":"tag-fr","11":"tag-france","12":"tag-moto","13":"tag-motocycle","14":"tag-motogp","15":"tag-sports"},"share_on_mastodon":{"url":"https:\/\/pubeurope.com\/@fr\/115071693902017528","error":""},"_links":{"self":[{"href":"https:\/\/www.europesays.com\/fr\/wp-json\/wp\/v2\/posts\/335858","targetHints":{"allow":["GET"]}}],"collection":[{"href":"https:\/\/www.europesays.com\/fr\/wp-json\/wp\/v2\/posts"}],"about":[{"href":"https:\/\/www.europesays.com\/fr\/wp-json\/wp\/v2\/types\/post"}],"author":[{"embeddable":true,"href":"https:\/\/www.europesays.com\/fr\/wp-json\/wp\/v2\/users\/2"}],"replies":[{"embeddable":true,"href":"https:\/\/www.europesays.com\/fr\/wp-json\/wp\/v2\/comments?post=335858"}],"version-history":[{"count":0,"href":"https:\/\/www.europesays.com\/fr\/wp-json\/wp\/v2\/posts\/335858\/revisions"}],"wp:featuredmedia":[{"embeddable":true,"href":"https:\/\/www.europesays.com\/fr\/wp-json\/wp\/v2\/media\/335859"}],"wp:attachment":[{"href":"https:\/\/www.europesays.com\/fr\/wp-json\/wp\/v2\/media?parent=335858"}],"wp:term":[{"taxonomy":"category","embeddable":true,"href":"https:\/\/www.europesays.com\/fr\/wp-json\/wp\/v2\/categories?post=335858"},{"taxonomy":"post_tag","embeddable":true,"href":"https:\/\/www.europesays.com\/fr\/wp-json\/wp\/v2\/tags?post=335858"}],"curies":[{"name":"wp","href":"https:\/\/api.w.org\/{rel}","templated":true}]}}