{"id":335864,"date":"2025-08-22T09:26:13","date_gmt":"2025-08-22T09:26:13","guid":{"rendered":"https:\/\/www.europesays.com\/fr\/335864\/"},"modified":"2025-08-22T09:26:13","modified_gmt":"2025-08-22T09:26:13","slug":"transfert-historique-a-lom-lincroyable-coup-de-pression-sur-le-mercato","status":"publish","type":"post","link":"https:\/\/www.europesays.com\/fr\/335864\/","title":{"rendered":"Transfert historique \u00e0 l&rsquo;OM : L&rsquo;incroyable coup de pression sur le mercato !"},"content":{"rendered":"<p>                    Dan Marciano<br \/>\n                        &#8211;<\/p>\n<p>R\u00e9dacteur<\/p>\n<p>Titulaire d&rsquo;un Master de droit international, je me suis rendu compte au bout de mon parcours universitaire qu&rsquo;il \u00e9tait important d&rsquo;\u00e9voluer dans un domaine que l&rsquo;on appr\u00e9cie. Du jour au lendemain, j&rsquo;ai d\u00e9cid\u00e9 de mettre fin au r\u00eave de mes parents, qui voyaient en moi un futur avocat, pour vivre de ma passion : le sport. Depuis, je couvre les mercatos et l&rsquo;actualit\u00e9 sportive en essayant d&rsquo;informer au mieux les lecteurs.<\/p>\n<p class=\"heading\">L\u2019Olympique de Marseille poursuit son mercato \u00e0 quelques jours de la fermeture du march\u00e9. Joel Ord\u00f3\u00f1ez, d\u00e9fenseur central de 21 ans du Club Brugge, est devenu la priorit\u00e9 de Pablo Longoria et Medhi Benatia. Mais si le joueur pr\u00e9f\u00e8re l\u2019OM, Crystal Palace met la pression avec une offre financi\u00e8re plus solide et imm\u00e9diate.<\/p>\n<p>\u00c0 dix jours de la fin du mercato, l<a href=\"https:\/\/le10sport.com\/football\/ligue1\/om\/om-affaire-rabiot-cest-deja-arrive-ailleurs-pierre-menes-balance-755089\" rel=\"nofollow noopener\" target=\"_blank\">\u2019OM<\/a> n\u2019a pas encore termin\u00e9 ses emplettes. <strong>Pablo Longoria <\/strong>et <strong>Medhi Benatia<\/strong> souhaitent offrir un d\u00e9fenseur central suppl\u00e9mentaire \u00e0 <a href=\"https:\/\/le10sport.com\/football\/ligue1\/om\/de-zerbi-bientot-pendu-a-lom-la-menace-revelee-754860\" rel=\"nofollow noopener\" target=\"_blank\">Roberto De Zerbi<\/a>, malgr\u00e9 les recrutements de<strong> Facundo Medina<\/strong> et de <strong>CJ Egan-Riley<\/strong>, afin de donner plus de profondeur et de solidit\u00e9 \u00e0 l\u2019effectif marseillais. Le profil cibl\u00e9 est celui de<strong> Joel Ord\u00f3\u00f1ez<\/strong>, jeune international \u00e9quatorien de 21 ans, actuellement sous contrat avec le<strong> Club Brugge <\/strong>et consid\u00e9r\u00e9 comme l&rsquo;un des grands espoirs du football mondial \u00e0 son poste.<\/p>\n<p>                                            L&rsquo;OM proche d&rsquo;un accord total<\/p>\n<p>Les discussions entre les deux clubs ont bien avanc\u00e9 ces derniers jours et, selon le journaliste<strong> Sacha Tavolieri,<\/strong> il ne manquerait plus qu\u2019une garantie de paiement pour sceller le transfert.<strong> Brugge<\/strong> attend environ 35M\u20ac pour lib\u00e9rer son joueur, un montant cons\u00e9quent pour l<strong>&lsquo;OM<\/strong>, qui pourrait boucler le transfert le plus cher de son histoire. Du c\u00f4t\u00e9 du joueur, l\u2019accord avec le club marseillais est total :<strong> Ord\u00f3\u00f1ez<\/strong> veut travailler avec<strong> De Zerbi<\/strong>, convaincu par les conseils de son compatriote <strong>Mois\u00e9s Caicedo.<\/strong><\/p>\n<p>                                            L&rsquo;ultimatum est l\u00e2ch\u00e9<\/p>\n<p>Si <strong>Marseille <\/strong>a pris une longueur d\u2019avance en convainquant directement <strong>Joel Ord\u00f3\u00f1ez,<\/strong> la concurrence reste f\u00e9roce. <strong>Crystal Palace,<\/strong> en qu\u00eate de renfort d\u00e9fensif, est toujours en discussion avec les agents du joueur et dispose d\u2019un avantage non n\u00e9gligeable : la capacit\u00e9 \u00e0 payer imm\u00e9diatement les 35M\u20ac exig\u00e9s par <strong>Brugge<\/strong>. Selon le m\u00e9dia \u00e9quatorien Teradeportes, la situation est simple : si l\u2019<strong>OM<\/strong> n\u2019arrive pas \u00e0 apporter les garanties financi\u00e8res attendues d\u2019ici quelques jours, le club londonien passera en priorit\u00e9. Le temps est compt\u00e9.<\/p>\n","protected":false},"excerpt":{"rendered":"Dan Marciano &#8211; R\u00e9dacteur Titulaire d&rsquo;un Master de droit international, je me suis rendu compte au bout de&hellip;\n","protected":false},"author":2,"featured_media":335865,"comment_status":"","ping_status":"","sticky":false,"template":"","format":"standard","meta":{"footnotes":""},"categories":[1410],"tags":[63,1011,27,60],"class_list":{"0":"post-335864","1":"post","2":"type-post","3":"status-publish","4":"format-standard","5":"has-post-thumbnail","7":"category-football","8":"tag-football","9":"tag-fr","10":"tag-france","11":"tag-sports"},"share_on_mastodon":{"url":"https:\/\/pubeurope.com\/@fr\/115071705709617828","error":""},"_links":{"self":[{"href":"https:\/\/www.europesays.com\/fr\/wp-json\/wp\/v2\/posts\/335864","targetHints":{"allow":["GET"]}}],"collection":[{"href":"https:\/\/www.europesays.com\/fr\/wp-json\/wp\/v2\/posts"}],"about":[{"href":"https:\/\/www.europesays.com\/fr\/wp-json\/wp\/v2\/types\/post"}],"author":[{"embeddable":true,"href":"https:\/\/www.europesays.com\/fr\/wp-json\/wp\/v2\/users\/2"}],"replies":[{"embeddable":true,"href":"https:\/\/www.europesays.com\/fr\/wp-json\/wp\/v2\/comments?post=335864"}],"version-history":[{"count":0,"href":"https:\/\/www.europesays.com\/fr\/wp-json\/wp\/v2\/posts\/335864\/revisions"}],"wp:featuredmedia":[{"embeddable":true,"href":"https:\/\/www.europesays.com\/fr\/wp-json\/wp\/v2\/media\/335865"}],"wp:attachment":[{"href":"https:\/\/www.europesays.com\/fr\/wp-json\/wp\/v2\/media?parent=335864"}],"wp:term":[{"taxonomy":"category","embeddable":true,"href":"https:\/\/www.europesays.com\/fr\/wp-json\/wp\/v2\/categories?post=335864"},{"taxonomy":"post_tag","embeddable":true,"href":"https:\/\/www.europesays.com\/fr\/wp-json\/wp\/v2\/tags?post=335864"}],"curies":[{"name":"wp","href":"https:\/\/api.w.org\/{rel}","templated":true}]}}