{"id":335866,"date":"2025-08-22T09:27:11","date_gmt":"2025-08-22T09:27:11","guid":{"rendered":"https:\/\/www.europesays.com\/fr\/335866\/"},"modified":"2025-08-22T09:27:11","modified_gmt":"2025-08-22T09:27:11","slug":"audrey-crespo-mara-donne-son-bebe-a-une-autre-mais-elle-a-ete-tres-claire","status":"publish","type":"post","link":"https:\/\/www.europesays.com\/fr\/335866\/","title":{"rendered":"Audrey Crespo-Mara donne son \u201cb\u00e9b\u00e9\u201d \u00e0 une autre mais elle a \u00e9t\u00e9 tr\u00e8s claire"},"content":{"rendered":"<p data-start=\"127\" data-end=\"366\">C&rsquo;est l&rsquo;un des rendez-vous<br \/>\nphares de l&rsquo;\u00e9mission <a href=\"https:\/\/www.closermag.fr\/people\/brad-pitt-apres-laffaire-qui-entache-lemission-sept-a-huit-lacteur-hollywoodien-sort-du-silence-3509371\" target=\"_blank\" rel=\"noopener\"><br \/>\nSept \u00e0 Huit<\/a>. Chaque<br \/>\ndimanche soir, des personnalit\u00e9s comme des chanteurs ou des acteurs<br \/>\nreviennent sur leur parcours et les moments marquants de leur vie<br \/>\ndans \u00ab\u00a0Le portrait de la semaine\u00a0\u00bb.<\/p>\n<p data-start=\"368\" data-end=\"584\">Des entretiens men\u00e9s par<br \/>\n<strong>Audrey Crespo-Mara<\/strong> depuis 2020. Mais cet \u00e9t\u00e9, il y<br \/>\na eu quelques changements. Pour pouvoir pr\u00e9senter les JT du<br \/>\nweek-end, la journaliste a laiss\u00e9 sa place \u00e0 <a href=\"https:\/\/www.closermag.fr\/people\/helene-mannarino-a-t-elle-des-enfants-1375545\" target=\"_blank\" rel=\"noopener\"><br \/>\nH\u00e9l\u00e8ne Mannarino<\/a>, sa rempla\u00e7ante.<\/p>\n<p>H\u00e9l\u00e8ne Mannarino remplace<br \/>\nAudrey Crespo-Mara<\/p>\n<p data-start=\"638\" data-end=\"997\">\u00ab\u00a0Je l\u2019ai connue sur <a href=\"https:\/\/www.closermag.fr\/people\/rachida-dati-son-violent-passage-sur-lci-lui-vaut-de-nouveaux-ennuis-judiciaires-3568761\" target=\"_blank\" rel=\"noopener\"><br \/>\nLCI<\/a>. Nous avons travaill\u00e9 ensemble dans la m\u00eame r\u00e9daction et<br \/>\nj\u2019ai toujours admir\u00e9 sa fa\u00e7on de travailler. Nous ne nous<br \/>\nfr\u00e9quentons pas en dehors du travail, mais chaque fois que nous<br \/>\nnous croisons, <strong>il y a beaucoup de respect entre<br \/>\nnous<\/strong>\u00ab\u00a0, a expliqu\u00e9 H\u00e9l\u00e8ne Mannarino dans les colonnes<br \/>\ndu magazine Cin\u00e9 T\u00e9l\u00e9<br \/>\nRevue, paru ce lundi 18 ao\u00fbt.<\/p>\n<p data-start=\"999\" data-end=\"1374\">Elle explique avoir \u00e9t\u00e9<br \/>\ndirectement contact\u00e9e par <a href=\"https:\/\/www.closermag.fr\/people\/tu-as-sekou-et-lamine-audrey-crespo-mara-soutenue-par-un-visage-de-la-tele-veuve-comme-elle-3572621\" target=\"_blank\" rel=\"noopener\"><br \/>\nAudrey Crespo-Mara<\/a>. \u00ab\u00a0Elle voulait s\u2019assurer que je me<br \/>\nsentais \u00e0 l\u2019aise et que je travaillerais avec les m\u00eames \u00e9quipes de<br \/>\ntournage et de montage qu\u2019elle. Elle tenait vraiment \u00e0 ce que je<br \/>\nsois entour\u00e9e de personnes qui ma\u00eetrisent parfaitement cet exercice<br \/>\nsi particulier. Elle a \u00e9t\u00e9 d\u2019<strong>une grande<br \/>\ng\u00e9n\u00e9rosit\u00e9<\/strong>\u00ab\u00a0, a-t-elle ajout\u00e9.<\/p>\n<p>H\u00e9l\u00e8ne Mannarino : \u00ab\u00a0Je ne veux pas d\u00e9naturer son b\u00e9b\u00e9\u00a0\u00bb<\/p>\n<p data-start=\"1438\" data-end=\"1791\">Pour H\u00e9l\u00e8ne Mannarino, il est<br \/>\nimportant de \u00ab\u00a0rester fid\u00e8le\u00a0\u00bb au travail d&rsquo;Audrey. \u00ab\u00a0Je<br \/>\nne veux surtout pas d\u00e9naturer son b\u00e9b\u00e9. Nous sommes deux personnes<br \/>\ndiff\u00e9rentes, bien s\u00fbr, mais nous partageons une m\u00eame sensibilit\u00e9.<br \/>\n<strong>Je me reconnais beaucoup en elle.<\/strong> Nous avons en<br \/>\ncommun une d\u00e9marche profond\u00e9ment bienveillante envers chaque<br \/>\ninvit\u00e9\u00a0\u00bb, a-t-elle assur\u00e9.<\/p>\n<p data-start=\"1793\" data-end=\"2141\">Dans une autre interview<br \/>\naccord\u00e9e \u00e0 Ouest-France,<br \/>\nl<a href=\"https:\/\/www.closermag.fr\/people\/il-fallait-que-je-sorte-pourquoi-helene-mannarino-a-du-quitter-l-emission-de-messmer-1708565\" target=\"_blank\" rel=\"noopener\">&lsquo;ancienne<br \/>\nchroniqueuse<\/a> de Bonjour<br \/>\n! a de nouveau \u00e9voqu\u00e9 la bienveillance dont a fait preuve la<br \/>\nveuve de <a href=\"https:\/\/www.closermag.fr\/people\/thierry-ardisson-audrey-crespo-mara-reveillee-aux-aurores-un-mois-apres-sa-mort-elle-publie-un-tendre-cliche-3571131\" target=\"_blank\" rel=\"noopener\"><br \/>\nThierry Ardisson<\/a>. \u00ab\u00a0Elle m\u2019a accompagn\u00e9e et m\u2019a pr\u00e9sent\u00e9<br \/>\ntout le monde. J\u2019ai tout de suite \u00e9t\u00e9 jet\u00e9e dans le grand bain et<br \/>\nj\u2019ai travaill\u00e9 \u00e0 fond pour les cinq portraits !\u00a0\u00bb a-t-elle<br \/>\nconclu.<\/p>\n","protected":false},"excerpt":{"rendered":"C&rsquo;est l&rsquo;un des rendez-vous phares de l&rsquo;\u00e9mission Sept \u00e0 Huit. Chaque dimanche soir, des personnalit\u00e9s comme des chanteurs&hellip;\n","protected":false},"author":2,"featured_media":335867,"comment_status":"","ping_status":"","sticky":false,"template":"","format":"standard","meta":{"footnotes":""},"categories":[1359],"tags":[548,58,59,1011,27,973,17978],"class_list":{"0":"post-335866","1":"post","2":"type-post","3":"status-publish","4":"format-standard","5":"has-post-thumbnail","7":"category-people","8":"tag-article-simple","9":"tag-divertissement","10":"tag-entertainment","11":"tag-fr","12":"tag-france","13":"tag-people","14":"tag-sept-a-huit"},"share_on_mastodon":{"url":"https:\/\/pubeurope.com\/@fr\/115071709652452112","error":""},"_links":{"self":[{"href":"https:\/\/www.europesays.com\/fr\/wp-json\/wp\/v2\/posts\/335866","targetHints":{"allow":["GET"]}}],"collection":[{"href":"https:\/\/www.europesays.com\/fr\/wp-json\/wp\/v2\/posts"}],"about":[{"href":"https:\/\/www.europesays.com\/fr\/wp-json\/wp\/v2\/types\/post"}],"author":[{"embeddable":true,"href":"https:\/\/www.europesays.com\/fr\/wp-json\/wp\/v2\/users\/2"}],"replies":[{"embeddable":true,"href":"https:\/\/www.europesays.com\/fr\/wp-json\/wp\/v2\/comments?post=335866"}],"version-history":[{"count":0,"href":"https:\/\/www.europesays.com\/fr\/wp-json\/wp\/v2\/posts\/335866\/revisions"}],"wp:featuredmedia":[{"embeddable":true,"href":"https:\/\/www.europesays.com\/fr\/wp-json\/wp\/v2\/media\/335867"}],"wp:attachment":[{"href":"https:\/\/www.europesays.com\/fr\/wp-json\/wp\/v2\/media?parent=335866"}],"wp:term":[{"taxonomy":"category","embeddable":true,"href":"https:\/\/www.europesays.com\/fr\/wp-json\/wp\/v2\/categories?post=335866"},{"taxonomy":"post_tag","embeddable":true,"href":"https:\/\/www.europesays.com\/fr\/wp-json\/wp\/v2\/tags?post=335866"}],"curies":[{"name":"wp","href":"https:\/\/api.w.org\/{rel}","templated":true}]}}