{"id":335870,"date":"2025-08-22T09:29:10","date_gmt":"2025-08-22T09:29:10","guid":{"rendered":"https:\/\/www.europesays.com\/fr\/335870\/"},"modified":"2025-08-22T09:29:10","modified_gmt":"2025-08-22T09:29:10","slug":"jordan-bardella-et-philippe-de-villiers-nont-pas-sauve-lediteur-fayard","status":"publish","type":"post","link":"https:\/\/www.europesays.com\/fr\/335870\/","title":{"rendered":"Jordan Bardella et Philippe de Villiers n\u2019ont pas sauv\u00e9 l\u2019\u00e9diteur Fayard"},"content":{"rendered":"\n<p>\u00ab\u00a0Merci pour cette question \u00e0 laquelle je m\u2019attendais bien \u00e9videmment\u00a0\u00bb. En cette fin avril au Casino de Paris, Arnaud Lagard\u00e8re prend le micro pour r\u00e9pondre \u00e0 Christopher Calmann-L\u00e9vy, actionnaire pr\u00e9sent \u00e0 l\u2019assembl\u00e9e g\u00e9n\u00e9rale de Lagard\u00e8re. Ce dernier vient de d\u00e9noncer la politisation du groupe et son glissement vers l\u2019extr\u00eame droite. Pr\u00e9sent dans la presse avec le Journal du Dimanche, la radio avec Europe 1, il est \u00e9galement un acteur majeur de l\u2019\u00e9dition avec Hachette et l\u2019une de ses maisons phare, Fayard. \u00ab\u00a0La neutralit\u00e9 politique est assur\u00e9e. Notre seul mot d\u2019ordre est la libert\u00e9 d\u2019expression, totale, ass\u00e8ne un poil irrit\u00e9 le PDG. (&#8230;) Si on prend deux exemples qui ont \u00e9t\u00e9 d\u00e9cri\u00e9s, comme le livre de Monsieur Philippe de Villiers ou celui de Monsieur Jordan Bardella, ils ont tous les deux plus que largement contribu\u00e9 au succ\u00e8s \u00e9conomique du groupe. Le contrat est rempli.\u00a0\u00bb Et d\u2019ajouter\u00a0: \u00ab\u00a0la seule ligne \u00e9ditoriale du groupe dans son ensemble, c\u2019est d\u2019\u00eatre \u00e0 l\u2019\u00e9coute des Fran\u00e7ais. Ce n\u2019est pas nous qui avons chang\u00e9, c\u2019est peut-\u00eatre les Fran\u00e7ais (&#8230;) On s\u2019en tiendra l\u00e0\u00a0\u00bb, l\u00e2che-t-il. Sauf que le succ\u00e8s de ces deux ouvrages n\u2019a pas suffi\u00a0: selon nos informations, Fayard\u00a0a accus\u00e9 un recul de 28\u00a0% de son chiffre d\u2019affaires l\u2019an dernier \u00e0 14,1\u00a0millions d\u2019euros (sur un march\u00e9 en baisse de 1\u00a0% en valeur). Et ses comptes sont tomb\u00e9s dans le rouge avec pr\u00e8s d\u2019un million de pertes. Une premi\u00e8re depuis pr\u00e8s de quinze ans.<\/p>\n","protected":false},"excerpt":{"rendered":"\u00ab\u00a0Merci pour cette question \u00e0 laquelle je m\u2019attendais bien \u00e9videmment\u00a0\u00bb. En cette fin avril au Casino de Paris,&hellip;\n","protected":false},"author":2,"featured_media":335871,"comment_status":"","ping_status":"","sticky":false,"template":"","format":"standard","meta":{"footnotes":""},"categories":[1357],"tags":[47278,1379,58,4660,59,1011,27,1380,316,1022],"class_list":{"0":"post-335870","1":"post","2":"type-post","3":"status-publish","4":"format-standard","5":"has-post-thumbnail","7":"category-livres","8":"tag-arnaud-lagardere","9":"tag-books","10":"tag-divertissement","11":"tag-edition","12":"tag-entertainment","13":"tag-fr","14":"tag-france","15":"tag-livres","16":"tag-politique","17":"tag-vincent-bollore"},"share_on_mastodon":{"url":"https:\/\/pubeurope.com\/@fr\/115071717605944740","error":""},"_links":{"self":[{"href":"https:\/\/www.europesays.com\/fr\/wp-json\/wp\/v2\/posts\/335870","targetHints":{"allow":["GET"]}}],"collection":[{"href":"https:\/\/www.europesays.com\/fr\/wp-json\/wp\/v2\/posts"}],"about":[{"href":"https:\/\/www.europesays.com\/fr\/wp-json\/wp\/v2\/types\/post"}],"author":[{"embeddable":true,"href":"https:\/\/www.europesays.com\/fr\/wp-json\/wp\/v2\/users\/2"}],"replies":[{"embeddable":true,"href":"https:\/\/www.europesays.com\/fr\/wp-json\/wp\/v2\/comments?post=335870"}],"version-history":[{"count":0,"href":"https:\/\/www.europesays.com\/fr\/wp-json\/wp\/v2\/posts\/335870\/revisions"}],"wp:featuredmedia":[{"embeddable":true,"href":"https:\/\/www.europesays.com\/fr\/wp-json\/wp\/v2\/media\/335871"}],"wp:attachment":[{"href":"https:\/\/www.europesays.com\/fr\/wp-json\/wp\/v2\/media?parent=335870"}],"wp:term":[{"taxonomy":"category","embeddable":true,"href":"https:\/\/www.europesays.com\/fr\/wp-json\/wp\/v2\/categories?post=335870"},{"taxonomy":"post_tag","embeddable":true,"href":"https:\/\/www.europesays.com\/fr\/wp-json\/wp\/v2\/tags?post=335870"}],"curies":[{"name":"wp","href":"https:\/\/api.w.org\/{rel}","templated":true}]}}