{"id":335878,"date":"2025-08-22T09:33:10","date_gmt":"2025-08-22T09:33:10","guid":{"rendered":"https:\/\/www.europesays.com\/fr\/335878\/"},"modified":"2025-08-22T09:33:10","modified_gmt":"2025-08-22T09:33:10","slug":"isere-a-80-ans-elle-contracte-le-chikungunya-pas-besoin-daller-sous-les-tropiques-le-dauphine-libere","status":"publish","type":"post","link":"https:\/\/www.europesays.com\/fr\/335878\/","title":{"rendered":"Is\u00e8re. \u00c0 80 ans, elle contracte le chikungunya : \u00ab Pas besoin d\u2019aller sous les tropiques \u00bb &#8211; Le Dauphin\u00e9 Lib\u00e9r\u00e9"},"content":{"rendered":"<ol>\n<li><a href=\"https:\/\/news.google.com\/rss\/articles\/CBMizgFBVV95cUxQdGd4NG9xOWJua2tDaG9iR0hnRFpJWWZXVzJXNzNONktqMjZybFU0dDJtMTdQWXhsVjJyd1BVaGMtQWN0QUNTUDRidjBrUzFpR3V4NjV4ZU1QMzh1cWxwbjVma1FPcVRIZVRZak9UXzlQdzNhZWpDWlZPVlhxZHJ4NFExQkRxa3R3TmE0NHpTZ2ZXMGFCVUJyZ0lGYWxWa3U1TTZmaXJwWkZPLTNLT1p6c2MyOFVvVzV5UGdkYkZsQ0ZNNnViYmtZeGs3eEF1dw?oc=5\" target=\"_blank\" rel=\"noopener\">Is\u00e8re. \u00c0 80 ans, elle contracte le chikungunya : \u00ab Pas besoin d\u2019aller sous les tropiques \u00bb<\/a>&nbsp;&nbsp;Le Dauphin\u00e9 Lib\u00e9r\u00e9<\/li>\n<li><a href=\"https:\/\/news.google.com\/rss\/articles\/CBMi5AFBVV95cUxPVE1WUDAtdkJ5OEFMWnQ4QU5IaWlScmRJVUNYM181bFRIX2xuc09BenhWdkJxOXhNRjVVRGZHbHhvSkRqQVYxU0puZmlSSTZTWUxqdEYyclc5Q2x1cFJEcjFzdUZ0cFJqWFVVX2JIUWJUUEFpM2Z3NW1IclhZT3RYNFhWX0t3LU16TnREbmpvQk82RTF3cWxJajdGUXNvVVROTy1saWpNNWJQa1AxZGt3aGZyZm01bkxYUXVRQlNHako0eHdvTkxrWE9FSUVvY21VWmtMQmFENjR6cmlId2FoRzZoaE0?oc=5\" target=\"_blank\" rel=\"noopener\">Pr\u00e8s de Grenoble. Cette maladie tropicale continue d&rsquo;envahir cette commune, l&rsquo;ARS alerte<\/a>&nbsp;&nbsp;Actu.fr<\/li>\n<li><a href=\"https:\/\/news.google.com\/rss\/articles\/CBMiuwFBVV95cUxPWFgxazFXczZILUFFYVc4NUVyR3ExNFlhSTFlMjJjQXFfSE5mX3JlRlIzOEtxQjRDaWUyalk1LWE0MldqTDBzVUxBeWoxSXZnZkVtby1RQUpKd1N5alU1S2lrZWlwY3NzSWtFb2RxdXN6cFZ4YVNYMER3cXF6MTdQRm5oOTBqMXYtY3BSQkhUNFZwZ3hPOTZUbDNVNF84ZWFRMy1xVW9uWDF0bzhjZHFkQWRoT0tjcUtJdEo4?oc=5\" target=\"_blank\" rel=\"noopener\">Quatre cas et 15 suspicions de chikungunya dans un quartier de Bergerac<\/a>&nbsp;&nbsp;francebleu.fr<\/li>\n<li><a href=\"https:\/\/news.google.com\/rss\/articles\/CBMipgJBVV95cUxOVnNsZjUwWXpUTTJXY3ZjUEY1cHBZNy16ODJ6SE9DUko1cENBSkNDd3BnZWR3MmlkU1BXbHpZa0VtanM1UUJnb3I5WTBYMFladXRBNm9rR0Q1eXZsR1M2X3F3LWE2Y19JcUIxbXRUdl9oS0pfY0hnbWlvQzFTcVBUc21QdDRQRFFUeVFVaDc2cnhVcGYxZG1GWkRfQXQ1c3RyUk5fcW90T293ZlY0bXpWRDRNdnBOaURiNFAwSVZVRFFiVmtqUTJnZmpuRGxqTUtwR3RlcTk4M291bzFBRVN1Y1BOaWw4eW93ZG9jQ3FDaU92YjR5bE90UlQydnJHY2hfMTVhbjJISjF4X1M3NmVITW9CSm1kNWdNNEtwcGhuUjlkdnFEVEE?oc=5\" target=\"_blank\" rel=\"noopener\">\u00ab\u00a0Aucun cas grave\u00a0\u00bb : 15 cas autochtones de chikungunya ont \u00e9t\u00e9 d\u00e9tect\u00e9s en Dordogne apr\u00e8s l&rsquo;apparition d&rsquo;un cluster<\/a>&nbsp;&nbsp;France 3 R\u00e9gions<\/li>\n<li><a href=\"https:\/\/news.google.com\/rss\/articles\/CBMi6gFBVV95cUxQenRXaTBwVTNPbXQyT2QzR2JPMGdCU3hpRENmRHdpZW5wdml0TVEtSC05RnRaU1VsdEpwQ1N5Ry1rMTZoMFZ5RE1Za0FNRWpZOExwZVJNVFppdVBRdHpRMXU1NHkxaElPWjNRS3RhMU14cklMZlJlNjRGY1Zva1ZQd0VacVlOazM3a0VuNUN3QjVHaElhR3hyOWs4Y1RPeU1IeEl3dDhYU3MtVWsxcGkwZE9za19xajJ1cnQwU3p6ZWJ4a2JlaWN4WDBIbW85c1h4WllPXzluTkdmU01NUTlYcTdzNncxa2p6MHc?oc=5\" target=\"_blank\" rel=\"noopener\">Chikungunya \u00e0 Bergerac : pourquoi il n\u2019y a pas de d\u00e9moustication dans votre quartier ou votre commune<\/a>&nbsp;&nbsp;Sud Ouest<\/li>\n<\/ol>\n","protected":false},"excerpt":{"rendered":"Is\u00e8re. \u00c0 80 ans, elle contracte le chikungunya : \u00ab Pas besoin d\u2019aller sous les tropiques \u00bb&nbsp;&nbsp;Le Dauphin\u00e9&hellip;\n","protected":false},"author":2,"featured_media":335879,"comment_status":"","ping_status":"","sticky":false,"template":"","format":"standard","meta":{"footnotes":""},"categories":[10],"tags":[1867,112,113,114,436,12390,107,1011,27,72,108,7000,6225,71],"class_list":{"0":"post-335878","1":"post","2":"type-post","3":"status-publish","4":"format-standard","5":"has-post-thumbnail","7":"category-sante","8":"tag-animaux","9":"tag-edition-grenoble-agglomeration","10":"tag-edition-gresivaudan-oisans","11":"tag-edition-voiron-saint-marcellin","12":"tag-environnement","13":"tag-eybens","14":"tag-fil-info","15":"tag-fr","16":"tag-france","17":"tag-health","18":"tag-isere","19":"tag-lagglomeration","20":"tag-la-matinale","21":"tag-sante"},"share_on_mastodon":{"url":"https:\/\/pubeurope.com\/@fr\/115071733216707319","error":""},"_links":{"self":[{"href":"https:\/\/www.europesays.com\/fr\/wp-json\/wp\/v2\/posts\/335878","targetHints":{"allow":["GET"]}}],"collection":[{"href":"https:\/\/www.europesays.com\/fr\/wp-json\/wp\/v2\/posts"}],"about":[{"href":"https:\/\/www.europesays.com\/fr\/wp-json\/wp\/v2\/types\/post"}],"author":[{"embeddable":true,"href":"https:\/\/www.europesays.com\/fr\/wp-json\/wp\/v2\/users\/2"}],"replies":[{"embeddable":true,"href":"https:\/\/www.europesays.com\/fr\/wp-json\/wp\/v2\/comments?post=335878"}],"version-history":[{"count":0,"href":"https:\/\/www.europesays.com\/fr\/wp-json\/wp\/v2\/posts\/335878\/revisions"}],"wp:featuredmedia":[{"embeddable":true,"href":"https:\/\/www.europesays.com\/fr\/wp-json\/wp\/v2\/media\/335879"}],"wp:attachment":[{"href":"https:\/\/www.europesays.com\/fr\/wp-json\/wp\/v2\/media?parent=335878"}],"wp:term":[{"taxonomy":"category","embeddable":true,"href":"https:\/\/www.europesays.com\/fr\/wp-json\/wp\/v2\/categories?post=335878"},{"taxonomy":"post_tag","embeddable":true,"href":"https:\/\/www.europesays.com\/fr\/wp-json\/wp\/v2\/tags?post=335878"}],"curies":[{"name":"wp","href":"https:\/\/api.w.org\/{rel}","templated":true}]}}