{"id":335882,"date":"2025-08-22T09:35:10","date_gmt":"2025-08-22T09:35:10","guid":{"rendered":"https:\/\/www.europesays.com\/fr\/335882\/"},"modified":"2025-08-22T09:35:10","modified_gmt":"2025-08-22T09:35:10","slug":"cest-la-raison-quelle-ma-donnee-anne-sophie-lapix-devoile-ce-que-delphine-ernotte-lui-a-dit-pour-justifier-son-eviction-du-20-heures-de-france-2","status":"publish","type":"post","link":"https:\/\/www.europesays.com\/fr\/335882\/","title":{"rendered":"\u00ab\u00a0C&rsquo;est la raison qu&rsquo;elle m&rsquo;a donn\u00e9e\u00a0\u00bb : Anne-Sophie Lapix d\u00e9voile ce que Delphine Ernotte lui a dit pour justifier son \u00e9viction du \u00ab\u00a020 Heures\u00a0\u00bb de France 2"},"content":{"rendered":"<p>La suite apr\u00e8s la publicit\u00e9<\/p>\n<p><a href=\"https:\/\/www.ozap.com\/personnalite\/anne-sophie-lapix_e121\" rel=\"nofollow noopener\" target=\"_blank\">Anne-Sophie Lapix<\/a> a dig\u00e9r\u00e9 son \u00e9viction. Deux mois apr\u00e8s avoir <a href=\"https:\/\/www.ozap.com\/actu\/merci-a-ma-maman-qui-ma-toujours-dit-de-faire-ce-que-jaimais-anne-sophie-lapix-fait-ses-adieux-au-20-heures-de-france-2\/650573\" rel=\"nofollow noopener\" target=\"_blank\">pr\u00e9sent\u00e9 son dernier \u00ab\u00a020 Heures\u00a0\u00bb sur France 2<\/a>, la nouvelle recrue du groupe M6 effectuera ses <a href=\"https:\/\/www.ozap.com\/actu\/on-connait-enfin-la-date-de-la-premiere-danne-sophie-lapix-sur-m6\/651250\" rel=\"nofollow noopener\" target=\"_blank\">grands d\u00e9buts dans les studios de RTL,<\/a> le lundi 25 ao\u00fbt, avant de lancer sa premi\u00e8re interview dominicale sur la Six d\u00e8s le 7 septembre. En vacances dans son Pays basque natal, la journaliste de 53 ans a pu pr\u00e9parer sa rentr\u00e9e qu&rsquo;elle aborde avec une \u00ab\u00a0certaine appr\u00e9hension\u00a0\u00bb mais aussi beaucoup \u00ab\u00a0d&rsquo;enthousiasme\u00a0\u00bb. Elle a \u00e9galement pu prendre du recul sur <a href=\"https:\/\/www.ozap.com\/actu\/le-choix-de-quitter-le-20-heures-n-a-pas-ete-le-mien-anne-sophie-lapix-sort-pour-la-premiere-fois-du-silence-depuis-son-eviction-du-jt-de-france-2\/650684\" rel=\"nofollow noopener\" target=\"_blank\">la d\u00e9cision de France T\u00e9l\u00e9visions de la cong\u00e9dier<\/a> du journal du soir, apr\u00e8s huit ans de bons et loyaux services. Un d\u00e9part qu&rsquo;elle n&rsquo;a pas choisi, comme elle a pu le confirmer dans une longue interview accord\u00e9e \u00e0 \u00ab\u00a0TV Mag\u00a0\u00bb.<\/p>\n<p>\u00ab\u00a0C&rsquo;est le bon moment pour me lancer dans autre chose\u00a0\u00bb<\/p>\n<p>\u00ab\u00a0C\u2019est vrai que je n\u2019ai pas d\u00e9cid\u00e9 de partir du &rsquo;20 heures&rsquo; et, sur le moment, ce n\u2019est jamais agr\u00e9able d\u2019\u00eatre \u00e9cart\u00e9e\u00a0\u00bb, a d&rsquo;abord admis l&rsquo;ancienne star de l&rsquo;info de France 2, <a href=\"https:\/\/www.ozap.com\/actu\/-il-n-y-a-pas-de-tabou-l-avenir-d-anne-sophie-lapix-et-laurent-delahousse-au-20-heures-de-france-2-en-discussion\/644377\" rel=\"nofollow noopener\" target=\"_blank\">longtemps soutenue par sa direction<\/a>. \u00ab\u00a0Mais je suis finalement heureuse de passer \u00e0 un nouvel exercice. Avec le recul, je me rends compte que c\u2019est le bon moment pour me lancer dans autre chose. C\u2019est vivifiant !\u00a0\u00bb, reconna\u00eet-elle aujourd&rsquo;hui, press\u00e9e notamment de rattraper ses \u00ab\u00a0rendez-vous manqu\u00e9s\u00a0\u00bb avec la radio.<\/p>\n<p>Concernant les motifs de sa mise \u00e0 l&rsquo;\u00e9cart, les explications de <a href=\"https:\/\/www.ozap.com\/personnalite\/delphine-ernotte-cunci_e544302\" rel=\"nofollow noopener\" target=\"_blank\">Delphine Ernotte<\/a>, patronne de France T\u00e9l\u00e9visions, ont \u00e9t\u00e9 br\u00e8ves. \u00ab\u00a0C&rsquo;est elle qui m&rsquo;a dit qu&rsquo;elle voulait du changement. C&rsquo;est la raison qu&rsquo;elle m&rsquo;a donn\u00e9e\u00a0\u00bb, assure Anne-Sophie Lapix. C&rsquo;est en effet <a href=\"https:\/\/www.ozap.com\/actu\/lea-salame-quitte-france-inter-pour-reprendre-le-20-heures-de-france-2-apres-le-depart-danne-sophie-lapix\/650452\" rel=\"nofollow noopener\" target=\"_blank\">L\u00e9a Salam\u00e9 qui a \u00e9t\u00e9 d\u00e9sign\u00e9e<\/a> pour prendre le relais \u00e0 partir du lundi 25 ao\u00fbt, un choix que n&rsquo;a pas \u00e0 \u00ab\u00a0juger\u00a0\u00bb sa cons\u0153ur. \u00ab\u00a0Ce que je peux dire, c\u2019est que j\u2019aime beaucoup L\u00e9a. C\u2019est une journaliste passionn\u00e9e, tr\u00e8s investie, dr\u00f4le et tr\u00e8s sympa. Je ne peux que lui souhaiter du bien, \u00e0 elle et \u00e0 la r\u00e9daction de France t\u00e9l\u00e9. C\u2019est important que ce JT continue d\u2019\u00eatre exigeant et ambitieux comme il l\u2019est aujourd\u2019hui\u00a0\u00bb, estime l&rsquo;ancienne pr\u00e9sentatrice de cette grand-messe.<\/p>\n<p>\u00c0 lire aussi : <a href=\"https:\/\/www.ozap.com\/actu\/il-n-y-a-pas-de-guerre-d-ego-xavier-de-moulins-reagit-a-l-arrivee-d-anne-sophie-lapix-sur-m6\/651086\" rel=\"nofollow noopener\" target=\"_blank\"><strong>\u00ab\u00a0Il n&rsquo;y a pas de guerre d&rsquo;ego\u00a0\u00bb : Xavier de Moulins r\u00e9agit \u00e0 l&rsquo;arriv\u00e9e d&rsquo;Anne-Sophie Lapix sur M6<\/strong><\/a><\/p>\n<p>\u00ab\u00a0Delphine Ernotte m&rsquo;a propos\u00e9 de rester\u00a0\u00bb<\/p>\n<p>L&rsquo;intervieweuse pugnace a n\u00e9anmoins eu l&rsquo;opportunit\u00e9 de rester dans le groupe audiovisuel public, mais a pr\u00e9f\u00e9r\u00e9 se lancer dans <a href=\"https:\/\/www.ozap.com\/actu\/interview-le-dimanche-a-20h20-invites-politiques-A-quoi-vont-ressembler-les-emissions-d-anne-sophie-lapix-sur-m6-et-sur-rtl\/650703\" rel=\"nofollow noopener\" target=\"_blank\">le challenge offert par le groupe M6<\/a>. \u00ab\u00a0Delphine Ernotte m\u2019a propos\u00e9 de rester avec un autre projet que j\u2019aurais pu concevoir et porter mais, tr\u00e8s vite, la proposition de RTL est celle qui m\u2019a le plus enthousiasm\u00e9e. Et quand M6 a compl\u00e9t\u00e9 l\u2019offre avec cet entretien dominical et des prime time, je n\u2019ai pas h\u00e9sit\u00e9 une seconde !\u00a0\u00bb, se r\u00e9jouit la future pr\u00e9sentatrice du \u00ab\u00a020 20\u00a0\u00bb, un grand entretien d\u2019une dizaine de minutes diffus\u00e9 chaque dimanche apr\u00e8s le \u00ab\u00a019.45\u00a0\u00bb, avec une personnalit\u00e9 marquante de la semaine. \u00ab\u00a0C\u2019\u00e9tait une offre \u00e0 la fois riche et coh\u00e9rente. Il y avait une vraie envie commune de travailler ensemble. Et quand cette envie et cet enthousiasme existent, \u00e7a veut dire que l\u2019histoire part bien, en g\u00e9n\u00e9ral\u00a0\u00bb, esp\u00e8re-t-elle.<\/p>\n","protected":false},"excerpt":{"rendered":"La suite apr\u00e8s la publicit\u00e9 Anne-Sophie Lapix a dig\u00e9r\u00e9 son \u00e9viction. Deux mois apr\u00e8s avoir pr\u00e9sent\u00e9 son dernier&hellip;\n","protected":false},"author":2,"featured_media":335883,"comment_status":"","ping_status":"","sticky":false,"template":"","format":"standard","meta":{"footnotes":""},"categories":[8],"tags":[58,59,1011,27],"class_list":{"0":"post-335882","1":"post","2":"type-post","3":"status-publish","4":"format-standard","5":"has-post-thumbnail","7":"category-divertissement","8":"tag-divertissement","9":"tag-entertainment","10":"tag-fr","11":"tag-france"},"share_on_mastodon":{"url":"https:\/\/pubeurope.com\/@fr\/115071741069441219","error":""},"_links":{"self":[{"href":"https:\/\/www.europesays.com\/fr\/wp-json\/wp\/v2\/posts\/335882","targetHints":{"allow":["GET"]}}],"collection":[{"href":"https:\/\/www.europesays.com\/fr\/wp-json\/wp\/v2\/posts"}],"about":[{"href":"https:\/\/www.europesays.com\/fr\/wp-json\/wp\/v2\/types\/post"}],"author":[{"embeddable":true,"href":"https:\/\/www.europesays.com\/fr\/wp-json\/wp\/v2\/users\/2"}],"replies":[{"embeddable":true,"href":"https:\/\/www.europesays.com\/fr\/wp-json\/wp\/v2\/comments?post=335882"}],"version-history":[{"count":0,"href":"https:\/\/www.europesays.com\/fr\/wp-json\/wp\/v2\/posts\/335882\/revisions"}],"wp:featuredmedia":[{"embeddable":true,"href":"https:\/\/www.europesays.com\/fr\/wp-json\/wp\/v2\/media\/335883"}],"wp:attachment":[{"href":"https:\/\/www.europesays.com\/fr\/wp-json\/wp\/v2\/media?parent=335882"}],"wp:term":[{"taxonomy":"category","embeddable":true,"href":"https:\/\/www.europesays.com\/fr\/wp-json\/wp\/v2\/categories?post=335882"},{"taxonomy":"post_tag","embeddable":true,"href":"https:\/\/www.europesays.com\/fr\/wp-json\/wp\/v2\/tags?post=335882"}],"curies":[{"name":"wp","href":"https:\/\/api.w.org\/{rel}","templated":true}]}}