{"id":335884,"date":"2025-08-22T09:36:18","date_gmt":"2025-08-22T09:36:18","guid":{"rendered":"https:\/\/www.europesays.com\/fr\/335884\/"},"modified":"2025-08-22T09:36:18","modified_gmt":"2025-08-22T09:36:18","slug":"espace-et-navigation-quantique-sans-gps-le-mysterieux-drone-militaire-x-37b-de-larmee-americaine-repart-en-mission-22-08-2025-a-0954","status":"publish","type":"post","link":"https:\/\/www.europesays.com\/fr\/335884\/","title":{"rendered":"Espace et navigation \u00ab\u00a0quantique\u00a0\u00bb sans GPS : le myst\u00e9rieux drone militaire X-37B de l&rsquo;arm\u00e9e am\u00e9ricaine repart en mission &#8211; 22\/08\/2025 \u00e0 09:54"},"content":{"rendered":"<p> Selon l&rsquo;US Space Force, la nouvelle technologie du \u00ab\u00a0capteur inertiel quantique\u00a0\u00bb va \u00eatre test\u00e9e \u00e0 bord de son aeronef top-secret, dans le but de s&rsquo;affranchir des signaux de g\u00e9olocalisation par satellite.<\/p>\n<p>        <img fetchpriority=\"high\" decoding=\"async\" src=\"https:\/\/www.europesays.com\/fr\/wp-content\/uploads\/2025\/08\/504c6f83f18bf57333dc1113e9112868-760x507.jpg\" alt=\"Un lanceur Falcon 9, au d\u00e9collage depuis Cap Canaveral, en mars 2025 (illustration) ( AFP \/ GREGG NEWTON )\" loading=\"eager\" width=\"760\" height=\"507\" style=\"max-width: 100%!important; height: auto;\"\/><\/p>\n<p class=\"c-image-news__legend\">Un lanceur Falcon 9, au d\u00e9collage depuis Cap Canaveral, en mars 2025 (illustration) ( AFP \/ GREGG NEWTON )<\/p>\n<p>\n Le lanceur Falcon 9 de SpaceX a renvoy\u00e9 dans l&rsquo;espace le tr\u00e8s myst\u00e9rieux X-37B, drone spatial militaire d\u00e9velopp\u00e9 pour l&rsquo;arm\u00e9e am\u00e9ricaine et con\u00e7u pour rester en orbite plusieurs centaines de jours d&rsquo;affil\u00e9e.\n<\/p>\n<p>\n Le lancement par SpaceX a \u00e9t\u00e9 r\u00e9alis\u00e9 avec succ\u00e8s depuis la base de Cap Canaveral (Floride) dans la soir\u00e9e de jeudi 21 ao\u00fbt, selon des images retransmises en direct par le groupe du multimilliardaire Elon Musk. Cette navette sans pilote a \u00e9t\u00e9 d\u00e9velopp\u00e9e par l&rsquo;avionneur<br \/>\n <a href=\"https:\/\/www.boursorama.com\/cours\/BA\/\" rel=\"nofollow noopener\" target=\"_blank\"><br \/>\n  Boeing<br \/>\n <\/a><br \/>\n .\n<\/p>\n<p>\n L&rsquo;engin, qui a des allures de petite navette spatiale, a d\u00e9j\u00e0 men\u00e9 sept longs vols et pass\u00e9 plus de 10 ans au total dans l&rsquo;espace, d\u00e9taille son constructeur sur son site. La dur\u00e9e de sa nouvelle mission n&rsquo;a pas \u00e9t\u00e9 divulgu\u00e9e par les forces arm\u00e9es am\u00e9ricaines, qui ne communiquent que peu d&rsquo;informations \u00e0 son sujet.\n<\/p>\n<p>\n Elle a tout de m\u00eame pr\u00e9cis\u00e9 que cette huiti\u00e8me mission du X-37B permettrait de r\u00e9aliser des tests et exp\u00e9rimentations scientifiques portant sur les \u00ab\u00a0technologies de communication laser inter-satellites\u00a0\u00bb et la \u00ab\u00a0navigation spatiale am\u00e9lior\u00e9e\u00a0\u00bb. Et cela afin de \u00ab\u00a0contribuer \u00e0 am\u00e9liorer la r\u00e9silience, l&rsquo;efficacit\u00e9 et la s\u00e9curit\u00e9 des architectures de communication spatiales am\u00e9ricaines\u00a0\u00bb.\n<\/p>\n<p> La navigation quantique, un \u00ab\u00a0pas en avant pour la r\u00e9silience op\u00e9rationnelle dans l&rsquo;espace\u00a0\u00bb<\/p>\n<p>\n Le 14 ao\u00fbt dernier, l&rsquo;US Space Force avait indiqu\u00e9 le test \u00e0 venir d&rsquo;un<br \/>\n <strong><br \/>\n  \u00ab\u00a0capteur inertiel quantique\u00a0\u00bb, con\u00e7u comme une alternative \u00e0 la navigation par GPS.<br \/>\n <\/strong><br \/>\n Ce syst\u00e8me de capteur quantique<br \/>\n <strong><br \/>\n  repose sur la technologie de l&rsquo;interf\u00e9rom\u00e9trie atomique, qui consiste refroidir des atomes \u00e0 une temp\u00e9rature proche du z\u00e9ro absolu et les manipuler \u00e0 l&rsquo;aide de faisceaux laser.<br \/>\n <\/strong><br \/>\n Cette technique permet de r\u00e9aliser des mesures de tr\u00e8s haute pr\u00e9cision, avec des applications vari\u00e9es.\n<\/p>\n<p>\n Ce capteur est un \u00ab\u00a0pas en avant bienvenu pour la r\u00e9silience op\u00e9rationnelle dans l&rsquo;espace\u00a0\u00bb, a comment\u00e9 le colonel Ramsey Horn, dans le communiqu\u00e9 de l&rsquo;US Space Force. \u00ab\u00a0Que ce soit pour la navigation au-del\u00e0 des orbites terrestres, ou des op\u00e9rations dans des environnements d\u00e9pourvus de signaux GPS,<br \/>\n <strong><br \/>\n  le capteur inertiel quantique assure des capacit\u00e9s de navigation robustes m\u00eame quand la navigation par GPS n&rsquo;est pas possible\u00a0\u00bb<br \/>\n <\/strong><br \/>\n .\n<\/p>\n<p>\n Con\u00e7u pour l&rsquo;arm\u00e9e des Etats-Unis, le drone X-37B mesure neuf m\u00e8tres de long et est aliment\u00e9 en \u00e9nergie par des panneaux solaires. S&rsquo;il doit \u00eatre envoy\u00e9 dans l&rsquo;espace par une fus\u00e9e, il est con\u00e7u pour revenir seul sur Terre. Le X-37B avait ainsi atterri en mars en Californie, apr\u00e8s avoir pass\u00e9 plus d&rsquo;un an en orbite.<\/p>\n","protected":false},"excerpt":{"rendered":"Selon l&rsquo;US Space Force, la nouvelle technologie du \u00ab\u00a0capteur inertiel quantique\u00a0\u00bb va \u00eatre test\u00e9e \u00e0 bord de son&hellip;\n","protected":false},"author":2,"featured_media":335885,"comment_status":"","ping_status":"","sticky":false,"template":"","format":"standard","meta":{"footnotes":""},"categories":[7],"tags":[400,398,408,405,1011,27,403,402,399,404,43,40,41,39,401,42,44,406,407],"class_list":{"0":"post-335884","1":"post","2":"type-post","3":"status-publish","4":"format-standard","5":"has-post-thumbnail","7":"category-sciences-et-technologies","8":"tag-action-cac-40","9":"tag-bourse-de-paris","10":"tag-boursorama","11":"tag-cotations","12":"tag-fr","13":"tag-france","14":"tag-indices-devises","15":"tag-investir","16":"tag-investissement","17":"tag-marche-boursier","18":"tag-science","19":"tag-science-and-technology","20":"tag-sciences","21":"tag-sciences-et-technologies","22":"tag-sicav","23":"tag-technologies","24":"tag-technology","25":"tag-trackers","26":"tag-warrants"},"share_on_mastodon":{"url":"https:\/\/pubeurope.com\/@fr\/115071745057017942","error":""},"_links":{"self":[{"href":"https:\/\/www.europesays.com\/fr\/wp-json\/wp\/v2\/posts\/335884","targetHints":{"allow":["GET"]}}],"collection":[{"href":"https:\/\/www.europesays.com\/fr\/wp-json\/wp\/v2\/posts"}],"about":[{"href":"https:\/\/www.europesays.com\/fr\/wp-json\/wp\/v2\/types\/post"}],"author":[{"embeddable":true,"href":"https:\/\/www.europesays.com\/fr\/wp-json\/wp\/v2\/users\/2"}],"replies":[{"embeddable":true,"href":"https:\/\/www.europesays.com\/fr\/wp-json\/wp\/v2\/comments?post=335884"}],"version-history":[{"count":0,"href":"https:\/\/www.europesays.com\/fr\/wp-json\/wp\/v2\/posts\/335884\/revisions"}],"wp:featuredmedia":[{"embeddable":true,"href":"https:\/\/www.europesays.com\/fr\/wp-json\/wp\/v2\/media\/335885"}],"wp:attachment":[{"href":"https:\/\/www.europesays.com\/fr\/wp-json\/wp\/v2\/media?parent=335884"}],"wp:term":[{"taxonomy":"category","embeddable":true,"href":"https:\/\/www.europesays.com\/fr\/wp-json\/wp\/v2\/categories?post=335884"},{"taxonomy":"post_tag","embeddable":true,"href":"https:\/\/www.europesays.com\/fr\/wp-json\/wp\/v2\/tags?post=335884"}],"curies":[{"name":"wp","href":"https:\/\/api.w.org\/{rel}","templated":true}]}}