{"id":335888,"date":"2025-08-22T09:38:10","date_gmt":"2025-08-22T09:38:10","guid":{"rendered":"https:\/\/www.europesays.com\/fr\/335888\/"},"modified":"2025-08-22T09:38:10","modified_gmt":"2025-08-22T09:38:10","slug":"lonu-declare-la-famine-a-gaza-la-premiere-au-moyen-orient","status":"publish","type":"post","link":"https:\/\/www.europesays.com\/fr\/335888\/","title":{"rendered":"L\u2019ONU d\u00e9clare la famine \u00e0 Gaza, la premi\u00e8re au Moyen-Orient"},"content":{"rendered":"<p>Les experts ont averti que 500.000 personnes se trouvaient dans un \u00e9tat \u00abcatastrophique\u00bb. La famine aurait \u00abpu \u00eatre \u00e9vit\u00e9e\u00bb sans \u00abl\u2019obstruction syst\u00e9matique d\u2019Isra\u00ebl\u00bb.<\/p>\n<p class=\"fig-paragraph\">L\u2019<a href=\"http:\/\/www.lefigaro.fr\/international\/guerre-a-gaza-l-onu-denonce-le-blocage-de-la-livraison-d-abris-par-israel-20250819\" target=\"_blank\" data-fig-type=\"NewsFlash\" rel=\"noopener nofollow\" data-gtm-custom-categorie=\"navigation\" data-gtm-custom-action=\"crossclick\" data-gtm-custom-label=\"Contextuel\" data-gtm-event=\"customEventSPE\" data-fig-domain=\"LEFIGARO\">ONU<\/a>\u00a0a officiellement d\u00e9clar\u00e9 vendredi la\u00a0<a href=\"http:\/\/www.lefigaro.fr\/international\/malgre-la-famine-en-cours-a-gaza-donald-trump-donne-une-carte-blanche-implicite-a-netanyahou-20250808\" target=\"_blank\" data-fig-type=\"Article\" rel=\"noopener nofollow\" data-gtm-custom-categorie=\"navigation\" data-gtm-custom-action=\"crossclick\" data-gtm-custom-label=\"Contextuel\" data-gtm-event=\"customEventSPE\" data-fig-domain=\"LEFIGARO\">famine<\/a>\u00a0\u00e0 Gaza, la premi\u00e8re \u00e0 toucher le Moyen-Orient, apr\u00e8s que ses experts ont averti que 500.000 personnes se trouvaient dans un \u00e9tat \u00abcatastrophique\u00bb. L\u2019organisation a \u00e9galement affirm\u00e9 qu\u2019\u00abaffamer les gens \u00e0 des fins militaires est un crime de guerre\u00bb.<\/p>\n<p class=\"fig-paragraph\">Apr\u00e8s des mois de mise en garde contre une famine dans le territoire ravag\u00e9 par la guerre, le Cadre int\u00e9gr\u00e9 de classification de la s\u00e9curit\u00e9 alimentaire (IPC), un organisme de l\u2019ONU bas\u00e9 \u00e0 Rome, a confirm\u00e9 qu\u2019une famine \u00e9tait en cours dans le gouvernorat de Gaza et qu\u2019elle devrait s\u2019\u00e9tendre aux gouvernorats de Deir el-Balah et Khan Youn\u00e8s d\u2019ici fin septembre.<\/p>\n<p>                                    <a class=\"fig-a11y-skip a11y-hidden\" href=\"#fig-a11y-skip-main-inarticle\"><br \/>\n        Passer la publicit\u00e9<br \/>\n    <\/a><\/p>\n<p>\u00abCette famine va et doit nous hanter tous\u00bb<\/p>\n<p class=\"fig-paragraph\">Cette famine \u00abaurait pu \u00eatre \u00e9vit\u00e9e\u00bb sans \u00abl&rsquo;obstruction syst\u00e9matique d&rsquo;Isra\u00ebl\u00bb, a accus\u00e9 le responsable de la coordination des affaires humanitaires des Nations unies, Tom Fletcher. \u00abPourtant, la nourriture s&rsquo;accumule aux fronti\u00e8res en raison de l&rsquo;obstruction syst\u00e9matique d&rsquo;Isra\u00ebl\u00bb, a-t-il poursuivi, lors d&rsquo;un point de presse \u00e0 Gen\u00e8ve, ajoutant que \u00abcette famine va et doit nous hanter tous\u00bb.<\/p>\n<p class=\"fig-paragraph\">Le chef des droits humains des Nations unies, Volker T\u00fcrk a rappel\u00e9 vendredi qu\u2019 \u00abaffamer des gens \u00e0 des fins militaires est un crime de guerre\u00bb, quelques minutes apr\u00e8s que l\u2019ONU a officiellement d\u00e9clar\u00e9 la famine \u00e0 Gaza.<\/p>\n<p class=\"fig-paragraph\">\u00abNous ne pouvons pas laisser cette situation perdurer en toute impunit\u00e9\u00bb, a lanc\u00e9 pour sa part le Secr\u00e9taire g\u00e9n\u00e9ral de l\u2019ONU, Antonio Guterres. \u00abNous avons besoin d\u2019un cessez-le-feu imm\u00e9diat, de la lib\u00e9ration imm\u00e9diate de tous les otages et d\u2019un acc\u00e8s humanitaire total et sans entrave\u00bb, a-t-il ajout\u00e9.<\/p>\n<p>Isra\u00ebl nie<\/p>\n<p class=\"fig-paragraph\">Pour sa part, Isra\u00ebl a affirm\u00e9 qu\u2019\u00abil n\u2019y a pas de famine \u00e0 Gaza\u00bb, en rejetant cat\u00e9goriquement un rapport international arrivant \u00e0 la conclusion inverse, d\u00e9peignant cette \u00e9tude comme partiale et reposant \u00absur les mensonges du\u00a0<a href=\"http:\/\/www.lefigaro.fr\/flash-actu\/le-plan-de-conquete-de-gaza-montre-le-mepris-flagrant-d-israel-pour-les-efforts-de-mediation-selon-le-hamas-20250820\" target=\"_blank\" data-fig-type=\"NewsFlash\" rel=\"noopener nofollow\" data-gtm-custom-categorie=\"navigation\" data-gtm-custom-action=\"crossclick\" data-gtm-custom-label=\"Contextuel\" data-gtm-event=\"customEventSPE\" data-fig-domain=\"LEFIGARO\">Hamas<\/a> \u00bb. \u00abL\u2019IPC vient de publier un rapport fabriqu\u00e9 \u2019\u2019sur-mesure\u2019\u2019 pour la fausse campagne du Hamas\u00bb, \u00e9crit le minist\u00e8re isra\u00e9lien des Affaires \u00e9trang\u00e8res dans un communiqu\u00e9. Accusant l\u2019IPC de s\u2019\u00eatre \u00abd\u00e9tourn\u00e9 de ses propres r\u00e8gles et (d\u2019avoir) ignor\u00e9 ses propres crit\u00e8res\u00bb, le communiqu\u00e9 ajoute que \u00abl\u2019ensemble du (rapport) est fond\u00e9 sur les mensonges du Hamas blanchis par des organisations ayant des int\u00e9r\u00eats particuliers\u00bb.<\/p>\n<p class=\"fig-paragraph\">Pour l\u2019IPC, une famine est en cours lorsque trois \u00e9l\u00e9ments sont r\u00e9unis\u00a0: au moins 20% des foyers (un sur cinq) doivent affronter un manque extr\u00eame de nourriture, au moins 30% des enfants de moins de cinq ans (un sur trois) souffrent de malnutrition aigu\u00eb, et au moins deux personnes sur 10.000 meurent de faim chaque jour.<\/p>\n","protected":false},"excerpt":{"rendered":"Les experts ont averti que 500.000 personnes se trouvaient dans un \u00e9tat \u00abcatastrophique\u00bb. La famine aurait \u00abpu \u00eatre&hellip;\n","protected":false},"author":2,"featured_media":335889,"comment_status":"","ping_status":"","sticky":false,"template":"","format":"standard","meta":{"footnotes":""},"categories":[5],"tags":[11,3259,12980,1011,27,665,14,12,28],"class_list":{"0":"post-335888","1":"post","2":"type-post","3":"status-publish","4":"format-standard","5":"has-post-thumbnail","7":"category-international","8":"tag-actualites","9":"tag-conflit-israelo-palestinien","10":"tag-famine","11":"tag-fr","12":"tag-france","13":"tag-gaza","14":"tag-international","15":"tag-news","16":"tag-world"},"share_on_mastodon":{"url":"https:\/\/pubeurope.com\/@fr\/115071752983691804","error":""},"_links":{"self":[{"href":"https:\/\/www.europesays.com\/fr\/wp-json\/wp\/v2\/posts\/335888","targetHints":{"allow":["GET"]}}],"collection":[{"href":"https:\/\/www.europesays.com\/fr\/wp-json\/wp\/v2\/posts"}],"about":[{"href":"https:\/\/www.europesays.com\/fr\/wp-json\/wp\/v2\/types\/post"}],"author":[{"embeddable":true,"href":"https:\/\/www.europesays.com\/fr\/wp-json\/wp\/v2\/users\/2"}],"replies":[{"embeddable":true,"href":"https:\/\/www.europesays.com\/fr\/wp-json\/wp\/v2\/comments?post=335888"}],"version-history":[{"count":0,"href":"https:\/\/www.europesays.com\/fr\/wp-json\/wp\/v2\/posts\/335888\/revisions"}],"wp:featuredmedia":[{"embeddable":true,"href":"https:\/\/www.europesays.com\/fr\/wp-json\/wp\/v2\/media\/335889"}],"wp:attachment":[{"href":"https:\/\/www.europesays.com\/fr\/wp-json\/wp\/v2\/media?parent=335888"}],"wp:term":[{"taxonomy":"category","embeddable":true,"href":"https:\/\/www.europesays.com\/fr\/wp-json\/wp\/v2\/categories?post=335888"},{"taxonomy":"post_tag","embeddable":true,"href":"https:\/\/www.europesays.com\/fr\/wp-json\/wp\/v2\/tags?post=335888"}],"curies":[{"name":"wp","href":"https:\/\/api.w.org\/{rel}","templated":true}]}}