{"id":335892,"date":"2025-08-22T09:40:16","date_gmt":"2025-08-22T09:40:16","guid":{"rendered":"https:\/\/www.europesays.com\/fr\/335892\/"},"modified":"2025-08-22T09:40:16","modified_gmt":"2025-08-22T09:40:16","slug":"lun-des-freres-menendez-voit-sa-demande-de-liberation-conditionnelle-rejetee","status":"publish","type":"post","link":"https:\/\/www.europesays.com\/fr\/335892\/","title":{"rendered":"L\u2019un des fr\u00e8res Menendez voit sa demande de lib\u00e9ration conditionnelle rejet\u00e9e"},"content":{"rendered":"<p>        <img decoding=\"async\" loading=\"lazy\" src=\"https:\/\/www.europesays.com\/fr\/wp-content\/uploads\/2025\/08\/adee6f5_1730364036956-000-36kv67g.jpg\"  width=\"728\" height=\"409\" alt=\"L\u2019un des fr\u00e8res Menendez, Erik (ici \u00e0 gauche en 1992), voit sa demande de lib\u00e9ration conditionnelle rejet\u00e9e, celle de son fr\u00e8re Lyle (\u00e0 droite) doit encore \u00eatre examin\u00e9e.\"\/>  <\/p>\n<p>VINCE BUCCI \/ AFP<\/p>\n<p>L\u2019un des fr\u00e8res Menendez, Erik (ici \u00e0 gauche en 1992), voit sa demande de lib\u00e9ration conditionnelle rejet\u00e9e, celle de son fr\u00e8re Lyle (\u00e0 droite) doit encore \u00eatre examin\u00e9e.<\/p>\n<p class=\"asset asset-text\">\u00c9TATS-UNIS &#8211; Les membres de la commission judiciaire n\u2019ont pas \u00e9t\u00e9 convaincus. La justice am\u00e9ricaine a refus\u00e9 jeudi 21\u00a0ao\u00fbt la lib\u00e9ration conditionnelle d\u2019<a href=\"https:\/\/www.huffingtonpost.fr\/culture\/article\/monsters-la-serie-netflix-de-ryan-murphy-sur-les-freres-menedez-vivement-critiquee-par-l-un-d-eux_239913.html\" rel=\"nofollow noopener\" target=\"_blank\">Erik Menendez<\/a>, c\u00e9l\u00e8bre aux <a href=\"https:\/\/www.huffingtonpost.fr\/international\/article\/la-france-consternee-par-cette-decision-des-etats-unis-qui-cible-la-cpi-et-un-francais_253807.html\" rel=\"nofollow noopener\" target=\"_blank\">\u00c9tats-Unis<\/a> pour avoir avec son fr\u00e8re Lyle tu\u00e9 leurs richissimes parents dans leur villa de Beverly Hills en 1989. Le d\u00e9tenu de 54\u00a0ans se voit opposer un refus valable \u00ab\u00a0pour trois ans\u00a0\u00bb et pourra ensuite r\u00e9clamer un r\u00e9examen de sa demande, selon un communiqu\u00e9.<\/p>\n<p class=\"asset asset-text\">Cette d\u00e9cision est un mauvais signe pour son fr\u00e8re Lyle, 57\u00a0ans, dont le sort doit \u00eatre examin\u00e9 s\u00e9par\u00e9ment vendredi. Les deux Menendez comptent parmi les d\u00e9tenus les plus m\u00e9diatis\u00e9s d\u2019Am\u00e9rique\u00a0: leur proc\u00e8s au d\u00e9but des ann\u00e9es 90 a \u00e9t\u00e9 l\u2019un des premiers retransmis \u00e0 la t\u00e9l\u00e9vision et leur histoire est revenue dans la lumi\u00e8re gr\u00e2ce \u00e0 une s\u00e9rie ainsi qu\u2019un <a href=\"https:\/\/www.huffingtonpost.fr\/culture\/video\/la-serie-monsters-sur-netflix-raconte-l-histoire-vraie-de-lyle-et-erik-menendez-deux-freres-meurtriers-clx1_239813.html\" rel=\"nofollow noopener\" target=\"_blank\">documentaire de Netflix<\/a> l\u2019an dernier.<\/p>\n<p class=\"asset asset-text\">La lib\u00e9ration conditionnelle des deux fr\u00e8res, qui ont invoqu\u00e9 les violences sexuelles de leur p\u00e8re pour justifier l\u2019ex\u00e9cution de leurs parents, est r\u00e9clam\u00e9e par leur famille et soutenue par des c\u00e9l\u00e9brit\u00e9s comme <a href=\"https:\/\/www.huffingtonpost.fr\/france\/article\/au-proces-du-braquage-de-kim-kardashian-ce-portrait-de-l-influenceuse-a-beaucoup-amuse-les-internautes_250466.html\" rel=\"nofollow noopener\" target=\"_blank\">Kim Kardashian<\/a>. Leurs soutiens les d\u00e9peignent comme des \u00ab\u00a0d\u00e9tenus mod\u00e8les\u00a0\u00bb qui ont chang\u00e9 en prison.<\/p>\n<p>    \u00ab\u00a0Une capacit\u00e9 \u00e0 montrer un visage, mais \u00e0 \u00eatre autre chose\u00a0\u00bb    <\/p>\n<p class=\"asset asset-text\">Mais la commission du D\u00e9partement des services correctionnels et de r\u00e9insertion de Californie a \u00e9mis des doutes jeudi sur le fait qu\u2019Erik Menendez ne soit plus un danger pour la soci\u00e9t\u00e9. Tout en reconnaissant des progr\u00e8s, ses deux membres se sont inqui\u00e9t\u00e9s de sa consommation de drogue et d\u2019alcool derri\u00e8re les barreaux jusqu\u2019en 2013.<\/p>\n<p class=\"asset asset-text\">Ont aussi \u00e9t\u00e9 pris en compte son usage de t\u00e9l\u00e9phones de contrebande et des accusations selon lesquelles il aurait rendu service \u00e0 un gang de sa prison il y a une dizaine d\u2019ann\u00e9es. \u00ab\u00a0Cette capacit\u00e9 \u00e0 montrer un visage, mais \u00e0 \u00eatre autre chose, nous pr\u00e9occupe\u00a0\u00bb, a d\u00e9clar\u00e9 Robert Barton, l\u2019un des deux membres du panel. \u00ab\u00a0On peut grandir et m\u00fbrir \u00e0 certains \u00e9gards, mais avoir des angles morts dans d\u2019autres domaines.\u00a0\u00bb<\/p>\n<p class=\"asset asset-text\">Initialement condamn\u00e9s \u00e0 la perp\u00e9tuit\u00e9, les fr\u00e8res Menendez ont vu leur peine r\u00e9duite par un juge en mai, les rendant \u00e9ligibles \u00e0 une \u00e9ventuelle <a href=\"https:\/\/www.huffingtonpost.fr\/justice\/article\/les-freres-menendez-bientot-libres-leur-avenir-suspendu-a-une-audience-d-importance_248706.html\" rel=\"nofollow noopener\" target=\"_blank\">lib\u00e9ration conditionnelle<\/a>. \u00c0 l\u2019\u00e9poque des meurtres, le parquet avait accus\u00e9 les deux jeunes hommes, \u00e2g\u00e9s de 18 et 21\u00a0ans au moment des faits, d\u2019avoir assassin\u00e9 leurs parents pour h\u00e9riter de leur fortune de 14\u00a0millions de dollars. Arm\u00e9s de fusils \u00e0 pompe, ils ont tir\u00e9 cinq fois sur leur p\u00e8re Jos\u00e9 Menendez, notamment dans les rotules. Leur m\u00e8re, Kitty Menendez, est morte en rampant pour tenter de leur \u00e9chapper.<\/p>\n<p class=\"asset asset-text\">Les fr\u00e8res ont d\u2019abord attribu\u00e9 les meurtres \u00e0 un coup de la mafia, avant de changer leur version plusieurs fois. Les enqu\u00eateurs ont finalement mis la main sur l\u2019enregistrement d\u2019une s\u00e9ance de psychoth\u00e9rapie, au cours de laquelle Erik a avou\u00e9 le meurtre. Devant le tribunal, leurs avocats avaient invoqu\u00e9 une tentative d\u00e9sesp\u00e9r\u00e9e d\u2019autod\u00e9fense, en affirmant que les deux fr\u00e8res avaient \u00e9t\u00e9 viol\u00e9s pendant des ann\u00e9es par leur p\u00e8re et que leur m\u00e8re \u00e9tait au courant.<\/p>\n<p>                     La sinc\u00e9rit\u00e9 des remords d\u2019Erik Menendez remise en cause    <\/p>\n<p class=\"asset asset-text\">Interrog\u00e9 pour savoir s\u2019il pensait toujours avoir agi en l\u00e9gitime d\u00e9fense, Erik Menendez a r\u00e9pondu \u00ab\u00a0non\u00a0\u00bb jeudi. Mais il a aussi soulign\u00e9 qu\u2019\u00e0 l\u2019\u00e9poque, l\u2019emprise psychologique de son p\u00e8re \u00e9tait telle qu\u2019il n\u2019imaginait pas s\u2019enfuir. \u00ab\u00a0Il est difficile d\u2019exprimer \u00e0 quel point mon p\u00e8re \u00e9tait terrifiant\u00a0\u00bb, a-t-il expliqu\u00e9. Dans son cerveau d\u2019adolescent, \u00ab\u00a0fuir \u00e9tait inconcevable. Fuir signifiait la mort.\u00a0\u00bb<\/p>\n<p class=\"asset asset-text\">Le plus jeune des <a href=\"https:\/\/www.huffingtonpost.fr\/international\/article\/les-freres-erik-et-lyle-menendez-demandent-desormais-a-etre-gracies-par-le-gouverneur-de-californie_241611.html\" rel=\"nofollow noopener\" target=\"_blank\">fr\u00e8res Menendez<\/a> a \u00e9galement insist\u00e9 sur son repentir. \u00ab\u00a0Je veux juste que ma famille comprenne que je suis infiniment d\u00e9sol\u00e9 pour ce que je leur ai fait subir\u00a0\u00bb, a-t-il soulign\u00e9. Des remords que le repr\u00e9sentant du parquet de Los Angeles, Habib Balian, n\u2019a pas jug\u00e9s sinc\u00e8res. \u00ab\u00a0Quand quelqu\u2019un continue \u00e0 minimiser sa responsabilit\u00e9 dans un crime et continue \u00e0 donner les m\u00eames fausses excuses qu\u2019il donne depuis plus de 30\u00a0ans, cette personne est toujours aussi dangereuse qu\u2019elle l\u2019\u00e9tait lorsqu\u2019elle a abattu ses parents\u00a0\u00bb, a tacl\u00e9 le procureur. \u00ab\u00a0A-t-il vraiment chang\u00e9, ou dit-il simplement ce que nous voulons entendre\u00a0?\u00a0\u00bb<\/p>\n<p class=\"asset asset-text\">Apr\u00e8s ce refus pour Erik, une \u00e9ventuelle sortie de prison pour Lyle Menendez para\u00eet peu probable, m\u00eame si chacun de leur cas est examin\u00e9 s\u00e9par\u00e9ment. Si la commission cr\u00e9ait la surprise en recommandant sa lib\u00e9ration vendredi, Lyle ne pourrait pas sortir imm\u00e9diatement de prison. Le processus peut prendre jusqu\u2019\u00e0 quatre mois et le dernier mot revient au gouverneur d\u00e9mocrate de Californie, <a href=\"https:\/\/www.huffingtonpost.fr\/international\/article\/jamais-gavin-newsom-gouverneur-de-californie-n-etait-alle-aussi-loin-pour-qualifier-donald-trump_252639.html\" rel=\"nofollow noopener\" target=\"_blank\">Gavin Newsom<\/a>, qui pourra confirmer ou infirmer l\u2019octroi d\u2019une lib\u00e9ration conditionnelle, voire demander un r\u00e9examen par la commission.<\/p>\n","protected":false},"excerpt":{"rendered":"VINCE BUCCI \/ AFP L\u2019un des fr\u00e8res Menendez, Erik (ici \u00e0 gauche en 1992), voit sa demande de&hellip;\n","protected":false},"author":2,"featured_media":335893,"comment_status":"","ping_status":"","sticky":false,"template":"","format":"standard","meta":{"footnotes":""},"categories":[2],"tags":[11,73,118,1011,27,14,12],"class_list":{"0":"post-335892","1":"post","2":"type-post","3":"status-publish","4":"format-standard","5":"has-post-thumbnail","7":"category-actualites","8":"tag-actualites","9":"tag-etats-unis","10":"tag-faits-divers","11":"tag-fr","12":"tag-france","13":"tag-international","14":"tag-news"},"share_on_mastodon":{"url":"https:\/\/pubeurope.com\/@fr\/115071760742656619","error":""},"_links":{"self":[{"href":"https:\/\/www.europesays.com\/fr\/wp-json\/wp\/v2\/posts\/335892","targetHints":{"allow":["GET"]}}],"collection":[{"href":"https:\/\/www.europesays.com\/fr\/wp-json\/wp\/v2\/posts"}],"about":[{"href":"https:\/\/www.europesays.com\/fr\/wp-json\/wp\/v2\/types\/post"}],"author":[{"embeddable":true,"href":"https:\/\/www.europesays.com\/fr\/wp-json\/wp\/v2\/users\/2"}],"replies":[{"embeddable":true,"href":"https:\/\/www.europesays.com\/fr\/wp-json\/wp\/v2\/comments?post=335892"}],"version-history":[{"count":0,"href":"https:\/\/www.europesays.com\/fr\/wp-json\/wp\/v2\/posts\/335892\/revisions"}],"wp:featuredmedia":[{"embeddable":true,"href":"https:\/\/www.europesays.com\/fr\/wp-json\/wp\/v2\/media\/335893"}],"wp:attachment":[{"href":"https:\/\/www.europesays.com\/fr\/wp-json\/wp\/v2\/media?parent=335892"}],"wp:term":[{"taxonomy":"category","embeddable":true,"href":"https:\/\/www.europesays.com\/fr\/wp-json\/wp\/v2\/categories?post=335892"},{"taxonomy":"post_tag","embeddable":true,"href":"https:\/\/www.europesays.com\/fr\/wp-json\/wp\/v2\/tags?post=335892"}],"curies":[{"name":"wp","href":"https:\/\/api.w.org\/{rel}","templated":true}]}}