{"id":335894,"date":"2025-08-22T09:42:13","date_gmt":"2025-08-22T09:42:13","guid":{"rendered":"https:\/\/www.europesays.com\/fr\/335894\/"},"modified":"2025-08-22T09:42:13","modified_gmt":"2025-08-22T09:42:13","slug":"affaire-scortani-le-point-de-rupture","status":"publish","type":"post","link":"https:\/\/www.europesays.com\/fr\/335894\/","title":{"rendered":"Affaire Scortani : le point de rupture"},"content":{"rendered":"<p class=\"is-style-chapo\"><strong>Nul n\u2019est cens\u00e9 ignorer la Loire \u2013 volet 3. Durant tout le mois d\u2019ao\u00fbt, If Saint-Etienne vous propose de revenir sur sa s\u00e9rie de dossiers consacr\u00e9s aux affaires qui ont marqu\u00e9 la vie judiciaire st\u00e9phanoise et lig\u00e9rienne. On poursuit avec l\u2019affaire Jo\u00eblle Scortani.<\/strong><\/p>\n<p class=\"is-style-chapo\">Le 3 f\u00e9vrier 1989, Patrick Jerrold est tu\u00e9 d\u2019un coup de fusil alors qu\u2019il travaillait \u00e0 la bo\u00eete de nuit Le Lido, \u00e0 Saint-Paul-en-Cornillon. Ce qui ne semble \u00eatre au d\u00e9part qu\u2019un simple fait divers, va se transformer en une affaire rocambolesque dans laquelle tueur \u00e0 gages, divorce, mafia et Minitel rose cohabitent\u2026<\/p>\n<p>(Article initialement publi\u00e9 le 25 janvier 2022, mis \u00e0 jour le 20 ao\u00fbt 2025).<\/p>\n<p>\u00c0 la fin des ann\u00e9es 70, Jo\u00eblle Scortani a 22 ans. Issue d\u2019un milieu modeste, elle ne se d\u00e9marque pas particuli\u00e8rement mais excelle dans son cursus de droit. Elle veut devenir magistrate. En parall\u00e8le, elle fait la rencontre de Patrick Jerrold, un cordonnier au physique aff\u00fbt\u00e9, dont elle tombe \u00e9perdument amoureuse. Ce passionn\u00e9 de body-building accumule les troph\u00e9es dans cette pratique, et va m\u00eame jusqu\u2019\u00e0 d\u00e9crocher le titre de champion de Paris. En 1980, le couple se marie \u00e0 Saint-\u00c9tienne, puis donne naissance \u00e0 un fils. Un bonheur de courte dur\u00e9e.<\/p>\n<p>Jusqu\u2019\u00e0 la garde<\/p>\n<p>Car Patrick Jerrold pla\u00eet aux femmes et encha\u00eene les aventures extra-conjugales. Jo\u00eblle d\u00e9cide donc de le quitter, mais chacun demande \u00e0 obtenir la garde du petit gar\u00e7on. \u00ab Lui va obtenir la garde de l\u2019enfant, ce qui est quand m\u00eame rarissime \u00e0 l\u2019\u00e9poque, se souvient ma\u00eetre <a href=\"https:\/\/www.if-saint-etienne.fr\/immobilier-vie-juridique\/andre-buffard-ministre-ou-clochard-les-moteurs-sont-les-memes-largent-le-sexe-le-pouvoir\" target=\"_blank\" rel=\"noreferrer noopener\">Andr\u00e9 Buffard<\/a>, avocat de Jo\u00eblle Scortani et Pierre Mancuso \u00e0 l\u2019\u00e9poque des faits. Il va y parvenir gr\u00e2ce, il faut dire les choses comme elles sont, \u00e0 de fausses attestations disant qu\u2019il est quelqu\u2019un de remarquable, qu\u2019il s\u2019occupe bien de son fils et qu\u2019elle est une d\u00e9prav\u00e9e, car c\u2019est une adepte du Minitel rose. C\u2019\u00e9tait une autre \u00e9poque qu\u2019aujourd\u2019hui, les sites de rencontres et Internet n\u2019existaient pas\u2026 Et elle y passe effectivement beaucoup de temps \u00bb.<\/p>\n<p>Une d\u00e9cision que Jo\u00eblle Scortani, qui vient de rater de peu la magistrature, va tr\u00e8s mal vivre, tout comme sa m\u00e8re, tr\u00e8s attach\u00e9e \u00e0 son petit-fils. Devenue contr\u00f4leur des PTT, Jo\u00eblle Scortani continue d\u2019officier sur le Minitel rose en tant que \u00ab July \u00bb, et finit par y rencontrer un homme.<\/p>\n<p>Vendetta<\/p>\n<p>Cet homme, totalement fou d\u2019elle, s\u2019appelle Pierre Mancuso. D\u2019origine sicilienne, il vit dans l\u2019Ain o\u00f9 il est \u00e0 la t\u00eate d\u2019une petite entreprise. Seulement voil\u00e0, Jo\u00eblle Scortani et sa m\u00e8re Marie-Th\u00e9r\u00e8se Merle, nourrissent toujours l\u2019espoir de r\u00e9cup\u00e9rer la garde du petit. Il a entre-temps \u00e9t\u00e9 retir\u00e9 \u00e0 son p\u00e8re, devenu videur en discoth\u00e8que, et plac\u00e9 \u00e0 la Ddass. Malgr\u00e9 les nombreux recours utilis\u00e9s par les deux femmes, l\u2019affaire tra\u00eene. \u00ab Jo\u00eblle Scortani va dire \u00e0 son amant : \u2018mais fais quelque chose\u2019. Les Siciliens ont le sens de l\u2019honneur et donc il se d\u00e9cide \u00e0 agir. Il va lui parler du milieu sicilien de Grenoble. Ce sont ni plus ni moins des mafieux. Et Mancuso sait que l\u2019on peut trouver un tueur \u00e0 gages sur place \u00bb. Une fois la m\u00e8re mise dans la confidence et le plan approuv\u00e9, les trois protagonistes se rendent \u00e0 Grenoble, avec l\u2019espoir de trouver leur homme. <\/p>\n<p>\u00ab Apr\u00e8s qu\u2019on leur ait pr\u00e9sent\u00e9 plusieurs personnes dans diff\u00e9rents caf\u00e9s, ils vont tomber sur un type qui accepte leur offre \u00bb. Cet homme, c\u2019est Olivier Barragia, un ch\u00f4meur de 23 ans, qui n\u00e9gocie 20 millions de Lires, soit environ 10 000 euros. Avant lui, plusieurs ont accept\u00e9, puis se sont d\u00e9sist\u00e9s. Le trio a m\u00eame tent\u00e9 de sonder la mafia italienne \u00e0 Turin. Cette derni\u00e8re a refus\u00e9 le dossier, ne le jugeant pas assez clair et impliquant trop de monde. M\u00eame eux avaient senti venir les ennuis\u2026<\/p>\n<blockquote class=\"wp-block-quote is-layout-flow wp-block-quote-is-layout-flow\">\n<blockquote class=\"wp-block-quote is-layout-flow wp-block-quote-is-layout-flow\">\n<blockquote>\n<p>Cette affaire est d\u2019autant plus \u00e9tonnante que Jo\u00eblle Scortani, \u00e0 la base, n\u2019avait pas une vie tr\u00e8s agit\u00e9e.<\/p>\n<p>Ma\u00eetre Andr\u00e9 Buffard, avocat de Jo\u00eblle Scortani et de Pierre Mancuso \u00e0 l\u2019\u00e9poque des faits.<\/p><\/blockquote>\n<\/blockquote>\n<\/blockquote>\n<p>Des mafieux\u2026 aux aveux<\/p>\n<p>Nous voici donc le 3 f\u00e9vrier 1989, devant la discoth\u00e8que Le Lido, \u00e0 Saint-Paul-en-Cornillon, o\u00f9 travaille Patrick Jerrold. Install\u00e9 dans une Golf GTI, Olivier Barragia, affubl\u00e9 d\u2019une perruque, sort de sa voiture et ex\u00e9cute son contrat. \u00ab Le videur a pris une balle dans le ventre et est mort lors de son transport \u00e0 l\u2019h\u00f4pital, d\u00e9taille <a href=\"https:\/\/www.linkedin.com\/in\/avocat-andr%C3%A9-buffard\/?originalSubdomain=fr\" target=\"_blank\" rel=\"noreferrer noopener\">Andr\u00e9 Buffard<\/a>. Les investigations vont aller assez vite, puisque les enqu\u00eateurs sont rapidement mis au courant qu\u2019il y a un contentieux \u00e0 propos de la garde de l\u2019enfant, et que Scortani et sa m\u00e8re \u00e9taient tr\u00e8s remont\u00e9es. Elles seront, tout comme l\u2019amant et le tueur \u00e0 gages, plac\u00e9s en garde \u00e0 vue. Ils reconna\u00eetront tous les faits, mais vont vite tenter de minimiser les responsabilit\u00e9s de chacun. Scortani va dire qu\u2019elle n\u2019a jamais demand\u00e9 \u00e0 son amant de trouver un tueur, et lui dira que la demande \u00e9tait claire au contraire \u00bb. <\/p>\n<p>Quant \u00e0 la grand-m\u00e8re du petit, elle dira ne pas avoir compris de quoi il retournait puisque les \u00e9changes se faisaient en italien. Bien s\u00fbr, les enqu\u00eateurs ne sont pas dupes et tous seront incarc\u00e9r\u00e9s. Mais l\u2019affaire Scortani ne s\u2019arr\u00eate pas l\u00e0.<\/p>\n<p>Pacte de la mort<\/p>\n<p>Emprisonn\u00e9e dans l\u2019attente de son jugement \u00e0 la maison d\u2019arr\u00eat de la Talaudi\u00e8re, Jo\u00eblle Scortani fait la rencontre de Berthe Paire, de 11 ans son a\u00een\u00e9e. Tr\u00e8s vite, les deux femmes demandent \u00e0 faire cellule commune, ce qui leur est accord\u00e9. Leur relation d\u00e9passe rapidement la simple amiti\u00e9, et les cod\u00e9tenues d\u00e9veloppent un lien tr\u00e8s fort. \u00ab C\u2019est la deuxi\u00e8me histoire dans l\u2019affaire. C\u2019est la th\u00e8se rapport\u00e9e par Berthe Paire qui expliquera que Scortani lui a demand\u00e9 de la \u2018suicider\u2019. Elle lui a m\u00eame expliqu\u00e9 comment faire, avec une ceinture de peignoir. Et Berthe Paire va donc l\u2019\u00e9trangler \u00bb. <\/p>\n<p>Celle qui se faisait autrefois appeler \u00ab July \u00bb n\u2019envisageait pas que sa vie soit rendue publique lors d\u2019un proc\u00e8s. Pour celui qui a \u00e9t\u00e9 son avocat \u00ab cette affaire est d\u2019autant plus \u00e9tonnante que Jo\u00eblle Scortani, \u00e0 la base, n\u2019avait pas une vie tr\u00e8s agit\u00e9e, c\u2019\u00e9tait une intello, quelqu\u2019un de r\u00e9fl\u00e9chi. Elle n\u2019a pas support\u00e9 l\u2019id\u00e9e de perdre la garde de son fils, avec sans doute sa m\u00e8re qui remontait la m\u00e9canique en ce sens. Mancuso s\u2019est trouv\u00e9 l\u00e0, semblait \u00eatre l\u2019homme de la situation, et tout \u00e7a s\u2019est encha\u00een\u00e9 pour mener \u00e0 ce crime \u00bb. Une vie bien loin des r\u00eaves de magistratures de Jo\u00eblle Scortani.<\/p>\n","protected":false},"excerpt":{"rendered":"Nul n\u2019est cens\u00e9 ignorer la Loire \u2013 volet 3. Durant tout le mois d\u2019ao\u00fbt, If Saint-Etienne vous propose&hellip;\n","protected":false},"author":2,"featured_media":335895,"comment_status":"","ping_status":"","sticky":false,"template":"","format":"standard","meta":{"footnotes":""},"categories":[9653],"tags":[1111,11,47279,41207,2430,1777,674,1011,27,41209,12,44513,25,44514,4001],"class_list":{"0":"post-335894","1":"post","2":"type-post","3":"status-publish","4":"format-standard","5":"has-post-thumbnail","7":"category-saint-etienne","8":"tag-actu","9":"tag-actualites","10":"tag-affaires-judiciaires-loire","11":"tag-andre-buffard","12":"tag-auvergne-rhone-alpes","13":"tag-eu","14":"tag-europe","15":"tag-fr","16":"tag-france","17":"tag-maitre-andre-buffard","18":"tag-news","19":"tag-nul-nest-cense-ignorer-la-loire","20":"tag-republique-francaise","21":"tag-retroactif","22":"tag-saint-etienne"},"share_on_mastodon":{"url":"https:\/\/pubeurope.com\/@fr\/115071768651768266","error":""},"_links":{"self":[{"href":"https:\/\/www.europesays.com\/fr\/wp-json\/wp\/v2\/posts\/335894","targetHints":{"allow":["GET"]}}],"collection":[{"href":"https:\/\/www.europesays.com\/fr\/wp-json\/wp\/v2\/posts"}],"about":[{"href":"https:\/\/www.europesays.com\/fr\/wp-json\/wp\/v2\/types\/post"}],"author":[{"embeddable":true,"href":"https:\/\/www.europesays.com\/fr\/wp-json\/wp\/v2\/users\/2"}],"replies":[{"embeddable":true,"href":"https:\/\/www.europesays.com\/fr\/wp-json\/wp\/v2\/comments?post=335894"}],"version-history":[{"count":0,"href":"https:\/\/www.europesays.com\/fr\/wp-json\/wp\/v2\/posts\/335894\/revisions"}],"wp:featuredmedia":[{"embeddable":true,"href":"https:\/\/www.europesays.com\/fr\/wp-json\/wp\/v2\/media\/335895"}],"wp:attachment":[{"href":"https:\/\/www.europesays.com\/fr\/wp-json\/wp\/v2\/media?parent=335894"}],"wp:term":[{"taxonomy":"category","embeddable":true,"href":"https:\/\/www.europesays.com\/fr\/wp-json\/wp\/v2\/categories?post=335894"},{"taxonomy":"post_tag","embeddable":true,"href":"https:\/\/www.europesays.com\/fr\/wp-json\/wp\/v2\/tags?post=335894"}],"curies":[{"name":"wp","href":"https:\/\/api.w.org\/{rel}","templated":true}]}}