{"id":335900,"date":"2025-08-22T09:47:13","date_gmt":"2025-08-22T09:47:13","guid":{"rendered":"https:\/\/www.europesays.com\/fr\/335900\/"},"modified":"2025-08-22T09:47:13","modified_gmt":"2025-08-22T09:47:13","slug":"le-festival-cinemed-sinvite-a-panorama","status":"publish","type":"post","link":"https:\/\/www.europesays.com\/fr\/335900\/","title":{"rendered":"le festival Cinemed s&rsquo;invite \u00e0 Panorama"},"content":{"rendered":"<p>            Par<br \/>\n        <strong><br \/>\n            <a href=\"https:\/\/actu.fr\/auteur\/metropoop\" title=\"Consulter tous les articles de R\u00e9daction M\u00e9tropolitain\" rel=\"nofollow noopener\" target=\"_blank\">R\u00e9daction M\u00e9tropolitain<\/a><br \/>\n        <\/strong><\/p>\n<p>        Publi\u00e9 le<\/p>\n<p>            22 ao\u00fbt 2025 \u00e0 11h26        <\/p>\n<p>Tous les dimanches jusqu\u2019au 14 septembre, <strong>Panorama<\/strong>, le rooftop de <strong>la Halle Tropisme<\/strong> sur le toit du Corum \u00e0 <strong>Montpellier<\/strong>, propose une soir\u00e9e cin\u00e9ma. Ce dimanche 23 ao\u00fbt, le festival Cinemed propose <strong>une s\u00e9ance sp\u00e9ciale en plein air<\/strong> d\u00e9di\u00e9e au film <strong>Za\u00ef Za\u00ef Za\u00ef Za\u00ef<\/strong>, adaptation de la bande dessin\u00e9e du Montpelli\u00e9rain Fabcaro.<\/p>\n<p>Un univers loufoque<\/p>\n<p class=\" wall-content\">Tandis qu\u2019il fait ses courses dans un supermarch\u00e9, arrivant \u00e0 la caisse pour payer, Fabrice se rend compte qu\u2019il a oubli\u00e9 sa carte de fid\u00e9lit\u00e9. R\u00e9ussissant \u00e0 parvenir \u00e0 \u00e9chapper au vigile, devenant rapidement l\u2019ennemi public num\u00e9ro un, une cavale pour \u00e9chapper \u00e0 la police et aux m\u00e9dias va alors d\u00e9buter le conduisant jusqu\u2019en Loz\u00e8re.<\/p>\n<p>    <a href=\"https:\/\/www.google.com\/maps\/embed?pb=!1m18!1m12!1m3!1d2888.6977938908403!2d3.8795710758050057!3d43.61283357110398!2m3!1f0!2f0!3f0!3m2!1i1024!2i768!4f13.1!3m3!1m2!1s0x12b6af8e98c6ab6f%3A0x7d70ff5dea8a3865!2sPanorama%20-%20un%20%C3%A9t%C3%A9%20sur%20le%20toit%20du%20Corum!5e0!3m2!1sfr!2sfr!4v1755710159521!5m2!1sfr!2sfr\" title=\"Ouvrie le lien\" rel=\"nofollow noopener\" target=\"_blank\">Cliquez ici pour visualiser le contenu<\/a><\/p>\n<p class=\" wall-content\">Avec Jean-Paul Rouve dans le r\u00f4le de Fabrice, entour\u00e9 de Julie Depardieu, Ramzy Bedia, Julie Gayet ou encore Yolande Moreau, le r\u00e9alisateur Fran\u00e7ois Desagnat r\u00e9ussit une adaptation sympathique de la g\u00e9niale bande dessin\u00e9e Za\u00ef Za\u00ef Za\u00ef Za\u00ef sign\u00e9e du Montpelli\u00e9rain Fabcaro et \u00e9dit\u00e9e par la maison d\u2019\u00e9dition, \u00e9galement Montpelli\u00e9raine, Six Pieds Sous Terre.<\/p>\n<p class=\" wall-content\">Une carte blanche offerte au festival Cinemed qui a d\u2019ailleurs r\u00e9cemment d\u00e9voil\u00e9 l\u2019affiche de sa 47e \u00e9dition, emprunt\u00e9 du film Romeria de la r\u00e9alisatrice catalane Carla Sim\u00f3n. Rendez-vous du 17 au 25 octobre avec hommage en leur pr\u00e9sence au travail de Raymond Depardon et Claudine Nougaret, \u00e0 travers une r\u00e9trospective int\u00e9grale des films documentaires et de fiction.<\/p>\n<p>Vid\u00e9os : en ce moment sur Actu<br \/>\n    <a href=\"https:\/\/www.facebook.com\/plugins\/post.php?href=https%3A%2F%2Fwww.facebook.com%2Fcinemed.lofficiel%2Fposts%2Fpfbid032QecPZqVBEsyfpS8eHYifQsG5rERJVM6DmeSJMeAkiDmjJdJS8ZfB12ikajPLb1ol&amp;show_text=true&amp;width=350\" title=\"Ouvrie le lien\" rel=\"nofollow noopener\" target=\"_blank\">Cliquez ici pour visualiser le contenu<\/a><\/p>\n<p>&gt; Dimanche 24 ao\u00fbt sur le toit du Corum \u00e0 Montpellier. Ouverture \u00e0 18h, projection \u00e0 21h30. Entr\u00e9e libre. Voir le programme quotidien de Panorama sur <a href=\"https:\/\/panorama.coop\/evenement?id=55d7123f5cae17853c080d437e56dd86aec0469f\" rel=\"nofollow noopener\" target=\"_blank\">panorama.coop<\/a>. Du mardi au dimanche de 18h \u00e0 1h. Restauration sur place.<\/p>\n<p class=\" wall-content\">Personnalisez votre actualit\u00e9 en ajoutant vos villes et m\u00e9dias en favori avec <a href=\"https:\/\/moncompte.actu.fr\" title=\"D\u00e9couvez Mon Actu\" rel=\"nofollow noopener\" data-trk=\"{&quot;cta&quot;:{&quot;action&quot;:&quot;https:\\\/\\\/moncompte.actu.fr&quot;,&quot;category&quot;:&quot;mon compte&quot;,&quot;from&quot;:&quot;article footer&quot;,&quot;name&quot;:&quot;Mon actu&quot;,&quot;type&quot;:&quot;cta&quot;}}\" target=\"_blank\">Mon Actu<\/a>.<\/p>\n","protected":false},"excerpt":{"rendered":"Par R\u00e9daction M\u00e9tropolitain Publi\u00e9 le 22 ao\u00fbt 2025 \u00e0 11h26 Tous les dimanches jusqu\u2019au 14 septembre, Panorama, le&hellip;\n","protected":false},"author":2,"featured_media":335901,"comment_status":"","ping_status":"","sticky":false,"template":"","format":"standard","meta":{"footnotes":""},"categories":[9599],"tags":[1111,11,1777,674,1011,27,1652,2208,12,2680,25],"class_list":{"0":"post-335900","1":"post","2":"type-post","3":"status-publish","4":"format-standard","5":"has-post-thumbnail","7":"category-montpellier","8":"tag-actu","9":"tag-actualites","10":"tag-eu","11":"tag-europe","12":"tag-fr","13":"tag-france","14":"tag-loisirs-culture","15":"tag-montpellier","16":"tag-news","17":"tag-occitanie","18":"tag-republique-francaise"},"share_on_mastodon":{"url":"https:\/\/pubeurope.com\/@fr\/115071788232962006","error":""},"_links":{"self":[{"href":"https:\/\/www.europesays.com\/fr\/wp-json\/wp\/v2\/posts\/335900","targetHints":{"allow":["GET"]}}],"collection":[{"href":"https:\/\/www.europesays.com\/fr\/wp-json\/wp\/v2\/posts"}],"about":[{"href":"https:\/\/www.europesays.com\/fr\/wp-json\/wp\/v2\/types\/post"}],"author":[{"embeddable":true,"href":"https:\/\/www.europesays.com\/fr\/wp-json\/wp\/v2\/users\/2"}],"replies":[{"embeddable":true,"href":"https:\/\/www.europesays.com\/fr\/wp-json\/wp\/v2\/comments?post=335900"}],"version-history":[{"count":0,"href":"https:\/\/www.europesays.com\/fr\/wp-json\/wp\/v2\/posts\/335900\/revisions"}],"wp:featuredmedia":[{"embeddable":true,"href":"https:\/\/www.europesays.com\/fr\/wp-json\/wp\/v2\/media\/335901"}],"wp:attachment":[{"href":"https:\/\/www.europesays.com\/fr\/wp-json\/wp\/v2\/media?parent=335900"}],"wp:term":[{"taxonomy":"category","embeddable":true,"href":"https:\/\/www.europesays.com\/fr\/wp-json\/wp\/v2\/categories?post=335900"},{"taxonomy":"post_tag","embeddable":true,"href":"https:\/\/www.europesays.com\/fr\/wp-json\/wp\/v2\/tags?post=335900"}],"curies":[{"name":"wp","href":"https:\/\/api.w.org\/{rel}","templated":true}]}}