{"id":335904,"date":"2025-08-22T09:54:13","date_gmt":"2025-08-22T09:54:13","guid":{"rendered":"https:\/\/www.europesays.com\/fr\/335904\/"},"modified":"2025-08-22T09:54:13","modified_gmt":"2025-08-22T09:54:13","slug":"la-police-lance-un-appel-a-temoins-apres-un-accident-mortel-dans-la-metropole-grenobloise","status":"publish","type":"post","link":"https:\/\/www.europesays.com\/fr\/335904\/","title":{"rendered":"La police lance un appel \u00e0 t\u00e9moins apr\u00e8s un accident mortel dans la m\u00e9tropole grenobloise"},"content":{"rendered":"<p>La police cherche des t\u00e9moins d&rsquo;un accident mortel survenu ce dimanche 17 ao\u00fbt sur la rocade sud, en-dessous du pont qui relie Saint-Martin-d&rsquo;H\u00e8res \u00e0 Poisat. <\/p>\n<p>Un <strong>appel \u00e0 t\u00e9moins<\/strong> est lanc\u00e9 ce vendredi 22 ao\u00fbt par la police nationale pour <strong>un accident mortel<\/strong> survenu cinq jours plus t\u00f4t dans la m\u00e9tropole grenobloise. Un homme d&rsquo;environ 70 ans a chut\u00e9 du pont avenue Marcel Cachin qui relie Saint-Martin-d&rsquo;H\u00e8res \u00e0 Poisat, au-dessus de la <strong>rocade sud<\/strong>, dimanche 17 ao\u00fbt entre 5h40 et 6h05 du matin. Il aurait alors \u00e9t\u00e9 percut\u00e9 par un ou plusieurs v\u00e9hicules, dans le sens Chamb\u00e9ry-Lyon, juste avant la sortie 5 direction Eybens.<\/p>\n<p>La victime portait au moment de l&rsquo;accident un short rose et un polo blanc \u00e0 manches courtes, pr\u00e9cise le commissariat de Grenoble. Si vous avez la moindre information sur cet accident qui pourrait aider les enqu\u00eateurs, vous pouvez contacter <strong>l&rsquo;h\u00f4tel de police de Grenoble au 04.76.60.40.40.<\/strong><\/p>\n<p>\u00c0 lire aussi   <img decoding=\"async\" src=\"https:\/\/www.europesays.com\/fr\/wp-content\/uploads\/2025\/08\/1755856453_360_560x315\" alt=\"Camion pompiers Grenoble SDIS 38\" style=\"--_image-preview:url('data:image\/jpeg;base64,\/9j\/2wBDACgcHiMeGSgjISMtKygwPGRBPDc3PHtYXUlkkYCZlo+AjIqgtObDoKrarYqMyP\/L2u71\/\/\/\/m8H\/\/\/\/6\/+b9\/\/j\/2wBDASstLTw1PHZBQXb4pYyl+Pj4+Pj4+Pj4+Pj4+Pj4+Pj4+Pj4+Pj4+Pj4+Pj4+Pj4+Pj4+Pj4+Pj4+Pj4+Pj4+Pj\/wAARCAAXACoDASIAAhEBAxEB\/8QAFwAAAwEAAAAAAAAAAAAAAAAAAAECA\/\/EABgQAQEBAQEAAAAAAAAAAAAAAAABEQIS\/8QAFQEBAQAAAAAAAAAAAAAAAAAAAQD\/xAAUEQEAAAAAAAAAAAAAAAAAAAAA\/9oADAMBAAIRAxEAPwByq9ILQVddMuqdqaCmlisPCG9ibAEEWDAETkPAEH\/\/2Q==');\" loading=\"lazy\" fetchpriority=\"low\" aria-hidden=\"true\" class=\"svelte-1pnmlwx rounded\" onload=\"this.__e=event\" onerror=\"this.__e=event\"\/><\/p>\n","protected":false},"excerpt":{"rendered":"La police cherche des t\u00e9moins d&rsquo;un accident mortel survenu ce dimanche 17 ao\u00fbt sur la rocade sud, en-dessous&hellip;\n","protected":false},"author":2,"featured_media":335905,"comment_status":"","ping_status":"","sticky":false,"template":"","format":"standard","meta":{"footnotes":""},"categories":[9566],"tags":[1111,11,2430,1777,674,1011,27,2731,12,25],"class_list":{"0":"post-335904","1":"post","2":"type-post","3":"status-publish","4":"format-standard","5":"has-post-thumbnail","7":"category-grenoble","8":"tag-actu","9":"tag-actualites","10":"tag-auvergne-rhone-alpes","11":"tag-eu","12":"tag-europe","13":"tag-fr","14":"tag-france","15":"tag-grenoble","16":"tag-news","17":"tag-republique-francaise"},"share_on_mastodon":{"url":"https:\/\/pubeurope.com\/@fr\/115071815839776843","error":""},"_links":{"self":[{"href":"https:\/\/www.europesays.com\/fr\/wp-json\/wp\/v2\/posts\/335904","targetHints":{"allow":["GET"]}}],"collection":[{"href":"https:\/\/www.europesays.com\/fr\/wp-json\/wp\/v2\/posts"}],"about":[{"href":"https:\/\/www.europesays.com\/fr\/wp-json\/wp\/v2\/types\/post"}],"author":[{"embeddable":true,"href":"https:\/\/www.europesays.com\/fr\/wp-json\/wp\/v2\/users\/2"}],"replies":[{"embeddable":true,"href":"https:\/\/www.europesays.com\/fr\/wp-json\/wp\/v2\/comments?post=335904"}],"version-history":[{"count":0,"href":"https:\/\/www.europesays.com\/fr\/wp-json\/wp\/v2\/posts\/335904\/revisions"}],"wp:featuredmedia":[{"embeddable":true,"href":"https:\/\/www.europesays.com\/fr\/wp-json\/wp\/v2\/media\/335905"}],"wp:attachment":[{"href":"https:\/\/www.europesays.com\/fr\/wp-json\/wp\/v2\/media?parent=335904"}],"wp:term":[{"taxonomy":"category","embeddable":true,"href":"https:\/\/www.europesays.com\/fr\/wp-json\/wp\/v2\/categories?post=335904"},{"taxonomy":"post_tag","embeddable":true,"href":"https:\/\/www.europesays.com\/fr\/wp-json\/wp\/v2\/tags?post=335904"}],"curies":[{"name":"wp","href":"https:\/\/api.w.org\/{rel}","templated":true}]}}