{"id":335910,"date":"2025-08-22T09:57:17","date_gmt":"2025-08-22T09:57:17","guid":{"rendered":"https:\/\/www.europesays.com\/fr\/335910\/"},"modified":"2025-08-22T09:57:17","modified_gmt":"2025-08-22T09:57:17","slug":"un-musee-du-palais-rohan-ferme-ses-portes","status":"publish","type":"post","link":"https:\/\/www.europesays.com\/fr\/335910\/","title":{"rendered":"un mus\u00e9e du palais Rohan ferme ses portes"},"content":{"rendered":"<p>Quand la pr\u00e9sence de chauves-souris bouscule le train-train touristique estival. Mercredi 20\u00a0ao\u00fbt, la d\u00e9tection d\u2019une trentaine de jeunes <a href=\"https:\/\/www.dna.fr\/environnement\/2024\/07\/05\/pres-de-350-pipistrelles-ont-elu-domicile-dans-une-creche\" target=\"_blank\" rel=\"nofollow noopener\">pipistrelles communes<\/a> \u00a0dans deux pi\u00e8ces du mus\u00e9e des Arts d\u00e9coratifs, situ\u00e9 dans le c\u00e9l\u00e8bre Palais Rohan \u00e0 Strasbourg, a n\u00e9cessit\u00e9 sa fermeture \u00ab\u00a0exceptionnelle\u00a0\u00bb pour la journ\u00e9e. Le temps de permettre aux experts du\u00a0p\u00f4le m\u00e9diation faune sauvage\u00a0de <a href=\"https:\/\/www.dna.fr\/societe\/2025\/05\/30\/la-lpo-face-a-des-besoins-croissants\" target=\"_blank\" rel=\"nofollow noopener\">la LPO<\/a> et du <a href=\"https:\/\/www.dna.fr\/environnement\/2025\/06\/14\/les-associations-de-protection-de-la-nature-sous-le-meme-toit\" target=\"_blank\" rel=\"nofollow noopener\">Gepma<\/a> d\u2019intervenir dans la matin\u00e9e pour tenter de sauver les fragiles chiropt\u00e8res, affaiblis et enferm\u00e9s depuis plusieurs jours.<\/p>\n<p>  Des jeunes chauves-souris perdues \u00a0?<\/p>\n<p>\u00ab\u00a0C\u2019est classique \u00e0 cette p\u00e9riode de l\u2019ann\u00e9e. Il s\u2019agit probablement de jeunes <a href=\"https:\/\/www.dna.fr\/videos\/pourquoi-les-chauves-souris-sont-nos-amies-xfs03vk\" target=\"_blank\" rel=\"nofollow noopener\">chauves-souris<\/a> qui ont quitt\u00e9 le g\u00eete et se sont perdues\u00a0\u00bb, explique Suzel Hurstel, du p\u00f4le m\u00e9diation faune sauvage.\u00a0\u00ab Notre coll\u00e8gue sur place a pu r\u00e9cup\u00e9rer deux chauves-souris qui \u00e9taient au sol, mais l\u2019une n\u2019a pas surv\u00e9cu. L\u2019autre, tr\u00e8s amaigrie, a re\u00e7u des soins d\u2019hydratation et a \u00e9t\u00e9 r\u00e9chauff\u00e9e au centre de soins de la LPO \u00e0 Rosenwiller avant d\u2019\u00eatre rel\u00e2ch\u00e9e. \u00bb Six \u00e0 sept cadavres de <a href=\"https:\/\/lpo061-my.sharepoint.com\/:b:\/g\/personal\/alsace_mediation_lpo_fr\/EW6o8hdTXIBIjJXv4zKPNKAB9SpnRPMq6kRQpZRXABOEYA?e=djHCgj\" target=\"_blank\" rel=\"nofollow noopener\">ces chiropt\u00e8res<\/a> ont par ailleurs \u00e9t\u00e9 retrouv\u00e9s mercredi dans l\u2019\u00e9tablissement\u00a0qui jouxte la <a href=\"https:\/\/www.dna.fr\/p\/cathedrale-de-strasbourg\" target=\"_blank\" rel=\"nofollow noopener\">cath\u00e9drale de Strasbourg<\/a>, place du Ch\u00e2teau.<\/p>\n<p>\u00ab\u00a0Des chauves-souris \u00e9taient toujours pr\u00e9sentes dans une pi\u00e8ce du mus\u00e9e jeudi, ajoute Suzel Hurstel, car les fen\u00eatres n\u2019ont pas pu \u00eatre laiss\u00e9es ouvertes la nuit pour des raisons de s\u00e9curit\u00e9. Une solution pour venir en aide \u00e0 ces animaux en d\u00e9tresse est \u00e0 l\u2019\u00e9tude.\u00a0\u00bb Huit d&rsquo;entre elles ont n\u00e9anmoins pu \u00eatre r\u00e9cup\u00e9r\u00e9es derri\u00e8re un tableau et dans un vase. Elles seront \u00ab\u00a0rel\u00e2ch\u00e9es \u00e0 la tomb\u00e9e de la nuit\u00a0\u00bb pr\u00e8s du palais Rohan.\u00a0<\/p>\n<p>Ce contenu est bloqu\u00e9 car vous n&rsquo;avez pas accept\u00e9 les cookies et autres traceurs.<\/p>\n<p>En cliquant sur \u00ab J\u2019accepte \u00bb, les cookies et autres traceurs seront d\u00e9pos\u00e9s et vous pourrez visualiser les contenus  (<a href=\"\" class=\"consentModule_policy\" target=\"_blank\" title=\"Consulter la politique de protection des donn\u00e9es du fournisseur\">plus d&rsquo;informations<\/a>).<\/p>\n<p>En cliquant sur \u00ab J\u2019accepte tous les cookies \u00bb, vous autorisez des d\u00e9p\u00f4ts de cookies et autres traceurs pour le stockage de vos donn\u00e9es sur nos sites et applications \u00e0 des fins de personnalisation et de ciblage publicitaire.<\/p>\n<p class=\"consentModule_secondaryText\">Vous gardez la possibilit\u00e9 de retirer votre consentement \u00e0 tout moment en consultant notre <a href=\"https:\/\/www.dna.fr\/protection-des-donnees\" target=\"_blank\" title=\"Consulter notre politique de protection des donn\u00e9es\" rel=\"nofollow noopener\">politique de protection des donn\u00e9es<\/a>. <br \/>&#13;<br \/>\n            <a href=\"https:\/\/www.dna.fr\/societe\/2025\/08\/21\/javascript:Didomi.notice.show()\" class=\"consentModule_cmp\" rel=\"nofollow noopener\" target=\"_blank\">G\u00e9rer mes choix<\/a>&#13;\n        <\/p>\n<p>&#13;<br \/>\n                        J&rsquo;accepte&#13;<br \/>\n            J&rsquo;accepte tous les cookies&#13;\n        <\/p>\n<p>  Ne pas essayer de les attraper<\/p>\n<p>\u00ab\u00a0Si l\u2019on se retrouve en pr\u00e9sence de chauves-souris dans une pi\u00e8ce, il faut laisser les fen\u00eatres ouvertes \u00e0 la tomb\u00e9e de la nuit pour leur permettre de sortir, indique la LPO. Il ne faut surtout pas essayer de les attraper, elles sont tr\u00e8s fragiles et pourrait \u00eatre bless\u00e9es.\u00a0\u00bb L\u2019esp\u00e8ce p\u00e8se \u00e0 peine 6 grammes \u00e0 l\u2019\u00e2ge adulte, mais se r\u00e9v\u00e8le \u00eatre un super aspirateur \u00e0 insectes\u00a0: <a href=\"https:\/\/www.dna.fr\/environnement\/2025\/04\/15\/la-commune-s-equipe-d-une-vingtaine-d-abris-a-chauves-souris\" target=\"_blank\" rel=\"nofollow noopener\">1\u00a0300 insectes ingurgit\u00e9s chaque nuit<\/a>.<\/p>\n<p>\u00ab\u00a0Leur utilit\u00e9 est cruciale\u00a0\u00bb, appuie Suzel Hurstel. \u00ab\u00a0Il ne faut pas h\u00e9siter \u00e0 nous contacter si besoin (au 03\u00a088\u00a022\u00a007\u00a035, au 06 87 14 66 78 ou par mail alsace.mediation@lpo.fr).\u00a0\u00bb Le p\u00f4le re\u00e7oit 5\u00a0000 sollicitations chaque ann\u00e9e\u00a0en Alsace pour des esp\u00e8ces de la petite faune sauvage.<\/p>\n","protected":false},"excerpt":{"rendered":"Quand la pr\u00e9sence de chauves-souris bouscule le train-train touristique estival. Mercredi 20\u00a0ao\u00fbt, la d\u00e9tection d\u2019une trentaine de jeunes&hellip;\n","protected":false},"author":2,"featured_media":335911,"comment_status":"","ping_status":"","sticky":false,"template":"","format":"standard","meta":{"footnotes":""},"categories":[2820],"tags":[1111,11,2389,1867,2649,2880,436,1777,674,107,1011,27,775,1757,12,25,104,640,2879],"class_list":{"0":"post-335910","1":"post","2":"type-post","3":"status-publish","4":"format-standard","5":"has-post-thumbnail","7":"category-strasbourg","8":"tag-actu","9":"tag-actualites","10":"tag-alsace","11":"tag-animaux","12":"tag-bas-rhin","13":"tag-edition-strasbourg","14":"tag-environnement","15":"tag-eu","16":"tag-europe","17":"tag-fil-info","18":"tag-fr","19":"tag-france","20":"tag-grand-est","21":"tag-insolite","22":"tag-news","23":"tag-republique-francaise","24":"tag-societe","25":"tag-strasbourg","26":"tag-strasbourg-ville"},"share_on_mastodon":{"url":"https:\/\/pubeurope.com\/@fr\/115071827559155982","error":""},"_links":{"self":[{"href":"https:\/\/www.europesays.com\/fr\/wp-json\/wp\/v2\/posts\/335910","targetHints":{"allow":["GET"]}}],"collection":[{"href":"https:\/\/www.europesays.com\/fr\/wp-json\/wp\/v2\/posts"}],"about":[{"href":"https:\/\/www.europesays.com\/fr\/wp-json\/wp\/v2\/types\/post"}],"author":[{"embeddable":true,"href":"https:\/\/www.europesays.com\/fr\/wp-json\/wp\/v2\/users\/2"}],"replies":[{"embeddable":true,"href":"https:\/\/www.europesays.com\/fr\/wp-json\/wp\/v2\/comments?post=335910"}],"version-history":[{"count":0,"href":"https:\/\/www.europesays.com\/fr\/wp-json\/wp\/v2\/posts\/335910\/revisions"}],"wp:featuredmedia":[{"embeddable":true,"href":"https:\/\/www.europesays.com\/fr\/wp-json\/wp\/v2\/media\/335911"}],"wp:attachment":[{"href":"https:\/\/www.europesays.com\/fr\/wp-json\/wp\/v2\/media?parent=335910"}],"wp:term":[{"taxonomy":"category","embeddable":true,"href":"https:\/\/www.europesays.com\/fr\/wp-json\/wp\/v2\/categories?post=335910"},{"taxonomy":"post_tag","embeddable":true,"href":"https:\/\/www.europesays.com\/fr\/wp-json\/wp\/v2\/tags?post=335910"}],"curies":[{"name":"wp","href":"https:\/\/api.w.org\/{rel}","templated":true}]}}