{"id":335914,"date":"2025-08-22T09:59:19","date_gmt":"2025-08-22T09:59:19","guid":{"rendered":"https:\/\/www.europesays.com\/fr\/335914\/"},"modified":"2025-08-22T09:59:19","modified_gmt":"2025-08-22T09:59:19","slug":"palais-des-sports-football-americain-padel-les-annonces-de-la-mairie-de-nice","status":"publish","type":"post","link":"https:\/\/www.europesays.com\/fr\/335914\/","title":{"rendered":"palais des sports, football am\u00e9ricain, padel&#8230; Les annonces de la mairie de Nice"},"content":{"rendered":"<p><strong>Juste avant la rentr\u00e9e, l\u2019adjoint au maire <a href=\"https:\/\/nicepresse.com\/nice-18-millions-deuros-pour-renover-nos-equipements-sportifs-annonce-ladjoint-pascal-condomitti\/\" rel=\"nofollow noopener\" target=\"_blank\">Pascal Condomitti<\/a> fait le point dans Nice-Presse sur les grands chantiers de l\u2019\u00e9t\u00e9, mais aussi sur les nouveaut\u00e9s les plus attendues. Sans oublier d\u2019\u00e9voquer le projet de Palais des Sports pour Saint Roch.<\/strong><\/p>\n<p>Coup de neuf pour plusieurs gymnases<\/p>\n<p>Les fortes chaleurs n\u2019y auront rien chang\u00e9 : les ouvriers ont bel et bien \u00e9t\u00e9 \u00e0 pied d\u2019oeuvre, et le sont d\u2019ailleurs toujours ! Le gymnase Terra Amata, au Port Lympia, jug\u00e9 v\u00e9tuste, a fait l\u2019objet de bien des attentions. Depuis le 21 juin et jusqu\u2019en septembre, il est question de reprendre tout l\u2019\u00e9quipement, du sol au plafond, ainsi que ses vestiaires et sanitaires. Ce sont presque 250.000 euros qui sont mobilis\u00e9s :<\/p>\n<p><img loading=\"lazy\" decoding=\"async\" width=\"1120\" height=\"630\" src=\"data:image\/svg+xml,%3Csvg%20xmlns=\" http:=\"\" alt=\"IMG 4767\" class=\"wp-image-247676\" title=\"&quot;60 millions d'euros pour les \u00e9quipements sportifs&quot;: palais des sports, football am\u00e9ricain, padel... Les annonces de la mairie de Nice 1\" data-lazy- data-lazy- data-lazy-src=\"https:\/\/www.europesays.com\/fr\/wp-content\/uploads\/2025\/08\/IMG_4767-1120x630.jpg\"\/><\/p>\n<p>\u00ab\u00a0Au cours des vacances, pour une livraison \u00e0 la rentr\u00e9e, nous avons travaill\u00e9 sur la salle des Eucalyptus, avec notamment un parquet aux couleurs de l\u2019ASBTP\u00a0\u00bb glisse \u00e0 Nice-Presse Pascal Condomitti, au cours d\u2019une visite de chantier ce jeudi 21 ao\u00fbt, pour 312.000 euros. \u00ab\u00a0\u00c0 Pasteur, c\u2019est la s\u00e9curisation et le terrain de handball qui sont repris, pour 250,000 euros\u00a0\u00bb. Avec la m\u00eame date d\u2019ach\u00e8vement.<\/p>\n<p>Notons que le ruban du nouveau plateau de Caucade (basket, handball, piste d\u2019athl\u00e9), sur le toit d\u2019un supermarch\u00e9, sera coup\u00e9 d\u2019ici une petite semaine.<\/p>\n<p>Padel et\u2026 motos \u00e9lectriques <\/p>\n<p><img loading=\"lazy\" decoding=\"async\" width=\"1120\" height=\"630\" src=\"data:image\/svg+xml,%3Csvg%20xmlns=\" http:=\"\" alt=\"IMG 4778\" class=\"wp-image-247674\" title=\"&quot;60 millions d'euros pour les \u00e9quipements sportifs&quot;: palais des sports, football am\u00e9ricain, padel... Les annonces de la mairie de Nice 2\" data-lazy- data-lazy- data-lazy-src=\"https:\/\/www.europesays.com\/fr\/wp-content\/uploads\/2025\/08\/IMG_4778-1120x630.jpg\"\/>[\u00a9 Nice-Presse]<\/p>\n<p>\u00ab\u00a010 millions d\u2019euros sont budget\u00e9s chaque ann\u00e9e (60 sur le mandat) pour la cr\u00e9ation ou la requalification des stades, gymnases et divers terrains\u00a0\u00bb renseigne l\u2019\u00e9lu municipal. Parmi les nouveaut\u00e9s, on note l\u2019ouverture de deux espaces d\u00e9di\u00e9s \u00e0 la pratique du padel, pour arriver \u00e0 quatre du c\u00f4t\u00e9 du Complexe les Combes, boulevard du Mercantour (livr\u00e9s d\u00e9but juillet, pour 300.000 euros).<\/p>\n<p>Padel encore pour le Complexe du Mercantour. Les travaux de la sortie de la Voie Mathis ont entra\u00een\u00e9 la modification de deux terrains de tennis, rabot\u00e9s par les pelleteuses. Au final, la commune va en am\u00e9nager un seul, au c\u00f4t\u00e9 d\u2019un emplacement nouveau pour l\u2019autre sport de raquettes. Un local associatif sera d\u00e9livr\u00e9. Tout serait pr\u00eat pour la mi-septembre (500.000 euros).<\/p>\n<p>D\u2019ici \u00e0 la fin de l\u2019ann\u00e9e, un priv\u00e9 installera face \u00e0 l\u2019Allianz Riviera dix terrains de padel et un de pickleball (ou \u00ab\u00a0tennis l\u00e9ger\u00a0\u00bb, avec des balles en plastique). La Ville compl\u00e8te l\u2019offre d\u2019un \u00ab\u00a0petit foot\u00a0\u00bb, sur 30\u00d720 m\u00e8tres, ainsi que de six jeux de boules. Les environs seront v\u00e9g\u00e9talis\u00e9s.<\/p>\n<p>Place au foot US !<\/p>\n<p>Au rayon des originalit\u00e9s, sur les trois terrains de foot proches du chemin de la Lauvette, l\u2019un d\u2019eux accueille d\u00e9sormais plut\u00f4t un circuit pour les motos \u00e9lectriques (donc silencieuses !). Les aficionados s\u2019en saisiront d\u00e8s le mois de septembre.<\/p>\n<p><a href=\"https:\/\/anneedelamer.nice.fr\/\" rel=\"nofollow noopener\" target=\"_blank\"><img loading=\"lazy\" decoding=\"async\" width=\"300\" height=\"300\" src=\"data:image\/svg+xml,%3Csvg%20xmlns=\" http:=\"\" alt=\"\" class=\"wp-image-235449\" data-lazy-src=\"https:\/\/www.europesays.com\/fr\/wp-content\/uploads\/2025\/04\/IMG_1416-2.png\"\/><\/a><\/p>\n<p>Boulevard de l\u2019Oli (secteur de La Trinit\u00e9), l\u2019un des terrains restait jusqu\u2019\u00e0 pr\u00e9sent en friche. \u00ab\u00a0Nous avons d\u00e9cid\u00e9 d\u2019en d\u00e9dier l\u2019usage au football am\u00e9ricain. Lequel \u00e9tait d\u00e9j\u00e0 jou\u00e9, mais dans un stade mixe, \u00e0 Nice-Ouest. L\u00e0, nous aurons une structure d\u00e9di\u00e9e. L\u2019an prochain, nous y inaugurerons m\u00eame des tribunes pour 300 personnes. Avant cela, quatre vestiaires auront \u00e9t\u00e9 r\u00e9habilit\u00e9s, avec un local tout neuf\u00a0\u00bb. Une op\u00e9ration qui se monte \u00e0 1,2 millions d\u2019euros.<\/p>\n<p>Un palais pour les sportifs ?<\/p>\n<blockquote class=\"twitter-tweet\">\n<p lang=\"fr\" dir=\"ltr\">\ud83d\udd34 Un projet qui fait son grand retour<a href=\"https:\/\/twitter.com\/hashtag\/Nice06?src=hash&amp;ref_src=twsrc%5Etfw\" target=\"_blank\" rel=\"noopener nofollow\">#Nice06<\/a><\/p>\n<p>\u27a1\ufe0f <a href=\"https:\/\/t.co\/ADvumZiXh5\" rel=\"nofollow\">https:\/\/t.co\/ADvumZiXh5<\/a> <a href=\"https:\/\/t.co\/DEXi1ij0XL\" rel=\"nofollow\">pic.twitter.com\/DEXi1ij0XL<\/a><\/p>\n<p>\u2014 Nice-Presse \u00b7 Top infos (@NicePresse) <a href=\"https:\/\/twitter.com\/NicePresse\/status\/1919965413133127834?ref_src=twsrc%5Etfw\" target=\"_blank\" rel=\"noopener nofollow\">May 7, 2025<\/a><\/p><\/blockquote>\n<p>La consultation citoyenne sera cl\u00f4tur\u00e9e le 31 ao\u00fbt : la commune \u00e9voque l\u2019id\u00e9e d\u2019une sorte de Palais des Sports, qui serait construit dans le quartier Saint Roch, en lieu et place de l\u2019actuelle caserne Auvare (les policiers d\u00e9m\u00e9nageant l\u2019an prochain dans le futur \u00ab\u00a0super commissariat\u00a0\u00bb du centre-ville).<\/p>\n<p>Ainsi, les Ni\u00e7ois pourraient avoir acc\u00e8s \u00e0 \u00ab une grande salle omnisports, avec tribunes, adapt\u00e9e \u00e0 l\u2019accueil de comp\u00e9titions de haut niveau (basket-ball, handball, volley-ball), d\u2019autres disciplines comme les arts martiaux, la boxe, la danse ou encore le badminton \u00bb.<\/p>\n<p>Mais aussi \u00e0 \u00ab une salle d\u00e9di\u00e9e aux associations sportives de quartier, pour leurs entra\u00eenements, ateliers ou stages, en soutien \u00e0 la vie locale et au dynamisme associatif \u00bb ; \u00ab un terrain ext\u00e9rieur polyvalent, en acc\u00e8s libre, pour permettre aux plus jeunes de pratiquer le football et d\u2019autres sports collectifs. \u00bb<\/p>\n<p>L\u2019adjoint Pascal Condomitti d\u00e9crypte, en cette fin de semaine : \u00ab\u00a0les clubs auraient acc\u00e8s \u00e0 un site de 2500 places, ce n\u2019est pas neutre du tout, ni pour ce qui est de la billetterie, ni pour le d\u00e9veloppement des financements, avec le sponsoring du priv\u00e9\u00a0\u00bb. <\/p>\n<p>Et de compl\u00e9ter : \u00ab\u00a0nous \u00e9quilibrerons ainsi l\u2019offre sportive locale, \u00e0 l\u2019Ouest la patinoire h\u00e9rit\u00e9e des Jeux olympiques de 2030, proche de l\u2019Allianz Riviera, \u00e0 l\u2019Est, une belle salle omnisports, fonctionnelle et populaire\u00a0\u00bb.<\/p>\n<p>Tout en pr\u00e9cisant un \u00e9l\u00e9ment important : \u00ab\u00a0la patinoire, modulable, sera dot\u00e9e de 5000 places. Nous pourrons y voir s\u2019organiser tr\u00e8s facilement un championnat du monde de handball, par exemple\u00a0\u00bb.<\/p>\n<p>\t<script async src=\"https:\/\/platform.twitter.com\/widgets.js\" charset=\"utf-8\"><\/script><\/p>\n","protected":false},"excerpt":{"rendered":"Juste avant la rentr\u00e9e, l\u2019adjoint au maire Pascal Condomitti fait le point dans Nice-Presse sur les grands chantiers&hellip;\n","protected":false},"author":2,"featured_media":335915,"comment_status":"","ping_status":"","sticky":false,"template":"","format":"standard","meta":{"footnotes":""},"categories":[2819],"tags":[1111,11,1777,674,1011,27,12,2401,882,25],"class_list":{"0":"post-335914","1":"post","2":"type-post","3":"status-publish","4":"format-standard","5":"has-post-thumbnail","7":"category-nice","8":"tag-actu","9":"tag-actualites","10":"tag-eu","11":"tag-europe","12":"tag-fr","13":"tag-france","14":"tag-news","15":"tag-nice","16":"tag-provence-alpes-cote-dazur","17":"tag-republique-francaise"},"share_on_mastodon":{"url":"https:\/\/pubeurope.com\/@fr\/115071835435156724","error":""},"_links":{"self":[{"href":"https:\/\/www.europesays.com\/fr\/wp-json\/wp\/v2\/posts\/335914","targetHints":{"allow":["GET"]}}],"collection":[{"href":"https:\/\/www.europesays.com\/fr\/wp-json\/wp\/v2\/posts"}],"about":[{"href":"https:\/\/www.europesays.com\/fr\/wp-json\/wp\/v2\/types\/post"}],"author":[{"embeddable":true,"href":"https:\/\/www.europesays.com\/fr\/wp-json\/wp\/v2\/users\/2"}],"replies":[{"embeddable":true,"href":"https:\/\/www.europesays.com\/fr\/wp-json\/wp\/v2\/comments?post=335914"}],"version-history":[{"count":0,"href":"https:\/\/www.europesays.com\/fr\/wp-json\/wp\/v2\/posts\/335914\/revisions"}],"wp:featuredmedia":[{"embeddable":true,"href":"https:\/\/www.europesays.com\/fr\/wp-json\/wp\/v2\/media\/335915"}],"wp:attachment":[{"href":"https:\/\/www.europesays.com\/fr\/wp-json\/wp\/v2\/media?parent=335914"}],"wp:term":[{"taxonomy":"category","embeddable":true,"href":"https:\/\/www.europesays.com\/fr\/wp-json\/wp\/v2\/categories?post=335914"},{"taxonomy":"post_tag","embeddable":true,"href":"https:\/\/www.europesays.com\/fr\/wp-json\/wp\/v2\/tags?post=335914"}],"curies":[{"name":"wp","href":"https:\/\/api.w.org\/{rel}","templated":true}]}}