{"id":335916,"date":"2025-08-22T10:00:12","date_gmt":"2025-08-22T10:00:12","guid":{"rendered":"https:\/\/www.europesays.com\/fr\/335916\/"},"modified":"2025-08-22T10:00:12","modified_gmt":"2025-08-22T10:00:12","slug":"stado-contre-nice-les-tarbais-ont-lopportunite-de-lancer-leur-saison-par-un-exploit","status":"publish","type":"post","link":"https:\/\/www.europesays.com\/fr\/335916\/","title":{"rendered":"Stado\u00a0: contre Nice, les Tarbais ont l\u2019opportunit\u00e9 de lancer leur saison par un exploit"},"content":{"rendered":"<p>\n                                                                    l&rsquo;essentiel<br \/>\n                                                                Avec la r\u00e9ception de Nice, annonc\u00e9e comme l\u2019\u00e9pouvantail de la Nationale, les Bigourdans vont avoir l\u2019occasion de se jauger d\u2019entr\u00e9e et de savoir \u00e0 quelle sauce ils vont \u00eatre mang\u00e9s cette saison.\n                            <\/p>\n<p>Depuis la sortie du calendrier, il y a quelques semaines, les sp\u00e9culations vont bon train sur la premi\u00e8re journ\u00e9e du Stado. De l\u2019exploit \u00e0 la d\u00e9culott\u00e9e, tous les sc\u00e9narios se murmurent chez les suiveurs du Stado. Reste que les Tarbais, eux, font preuve de confiance. Pas une confiance d\u00e9mesur\u00e9e, mais ils savent qu\u2019ils n\u2019ont rien \u00e0 perdre sur cette premi\u00e8re journ\u00e9e.<\/p>\n<p>Une d\u00e9faite contre Nice ne serait pas si surprenante, tant les Azur\u00e9ens ont constitu\u00e9 une armada \u00e0 coups d\u2019anciens joueurs de Top 14 pour cette saison de Nationale, mais en cas de victoire, les pensionnaires de Tr\u00e9lut auraient de quoi taper du poing sur la table et affirmer leurs ambitions pour cette nouvelle saison.<\/p>\n<p>Et pour pr\u00e9parer cette rencontre, pas question d\u2019\u00e9v\u00e9nementialiser la venue du rel\u00e9gu\u00e9 de Pro D2. \u00ab\u00a0On a pr\u00e9par\u00e9 ce match comme tous les autres. Il y a surtout beaucoup d\u2019envie de d\u00e9marrer ce championnat \u00e0 la maison. On ne se fait pas tout un monde de la venue de Nice, m\u00eame si on sait que c\u2019est une grosse \u00e9quipe du championnat, on a h\u00e2te d\u2019\u00eatre \u00e0 vendredi soir\u00a0\u00bb, reconna\u00eet le deuxi\u00e8me ligne tarbais Baptiste Peytavi.<\/p>\n<p>Relever le d\u00e9fi physique impos\u00e9 par Nice<\/p>\n<p>Une grosse \u00e9quipe de Nice qui a largement battu Soyaux-Angoul\u00eame en amical \u00e0 Saint-Lary et contre laquelle les Tarbais devront mettre les barbel\u00e9s pour esp\u00e9rer s\u2019imposer. \u00ab\u00a0La d\u00e9fense, c\u2019est notre ligne directrice pour la saison. C\u2019est ce qu\u2019on essaie de mettre en place depuis plus de deux mois maintenant, on sait qu\u2019il y a beaucoup d\u2019individualit\u00e9s dans leur \u00e9quipe et il faudra r\u00e9pondre pr\u00e9sent\u00a0\u00bb, affirme l\u2019entra\u00eeneur adjoint des arri\u00e8res Johan Paulet, qui confirme s\u2019\u00eatre appuy\u00e9 sur les images du match amical pour travailler cette premi\u00e8re journ\u00e9e. \u00ab\u00a0C\u2019\u00e9tait un match tr\u00e8s d\u00e9cousu o\u00f9 il y a peu de retours \u00e0 faire. Mais \u00e7a nous a quand m\u00eame permis d\u2019appuyer l\u2019id\u00e9e qu\u2019on avait de l\u2019\u00e9quipe de Nice. C\u2019est-\u00e0-dire une \u00e9quipe tr\u00e8s frontale, tr\u00e8s solide et qui va nous imposer un d\u00e9fi physique et beaucoup porter le ballon.\u00a0\u00bb<\/p>\n<p>Et apr\u00e8s une saison gal\u00e8re l\u2019ann\u00e9e derni\u00e8re, les avants du Stado vont d\u2019entr\u00e9e voir si le travail de l\u2019\u00e9t\u00e9 a port\u00e9 ses fruits. \u00ab\u00a0On s\u2019attend \u00e0 un gros combat contre les avants de Nice, \u00e0 de gros ballons port\u00e9s, \u00e0 de grosses m\u00eal\u00e9es et on s\u2019est pr\u00e9par\u00e9 en cons\u00e9quence. L\u2019ann\u00e9e derni\u00e8re, on a eu quelques soucis dans la construction du jeu d\u2019avants, mais on a essay\u00e9 de r\u00e9gler \u00e7a pendant l\u2019\u00e9t\u00e9, maintenant on va voir \u00e7a en situation de match\u00a0\u00bb, explique Baptiste Peytavi.<\/p>\n<p>Apr\u00e8s avoir subi physiquement lors de leurs trois entra\u00eenements dirig\u00e9s, les Tarbais ne devraient pas \u00eatre surpris de l\u2019intensit\u00e9 mise par les Ni\u00e7ois. Reste maintenant \u00e0 savoir si Florian Lamothe et ses partenaires auront les atouts pour r\u00e9pondre.<\/p>\n<p>    La composition de Tarbes<\/p>\n<p>Berbizier\u00a0; Roux, Cellier, Mamao, Duffau\u00a0; (o) Descoubet, (m) Millet\u00a0; Salhi, Saint-Guilhem, Salman\u00a0; Peytavi, Soufflet\u00a0; V\u00e9a, Lamothe (cap.), Baggiani<br \/>Rempla\u00e7ants\u00a0: Dollier, Bessonart, Toleafoa, Cantan, Brocal, Botica, Van de Ven, Da Cunha<\/p>\n","protected":false},"excerpt":{"rendered":"l&rsquo;essentiel Avec la r\u00e9ception de Nice, annonc\u00e9e comme l\u2019\u00e9pouvantail de la Nationale, les Bigourdans vont avoir l\u2019occasion de&hellip;\n","protected":false},"author":2,"featured_media":335917,"comment_status":"","ping_status":"","sticky":false,"template":"","format":"standard","meta":{"footnotes":""},"categories":[2819],"tags":[1111,11,1777,674,1011,27,12,2401,882,25],"class_list":{"0":"post-335916","1":"post","2":"type-post","3":"status-publish","4":"format-standard","5":"has-post-thumbnail","7":"category-nice","8":"tag-actu","9":"tag-actualites","10":"tag-eu","11":"tag-europe","12":"tag-fr","13":"tag-france","14":"tag-news","15":"tag-nice","16":"tag-provence-alpes-cote-dazur","17":"tag-republique-francaise"},"share_on_mastodon":{"url":"https:\/\/pubeurope.com\/@fr\/115071839320244284","error":""},"_links":{"self":[{"href":"https:\/\/www.europesays.com\/fr\/wp-json\/wp\/v2\/posts\/335916","targetHints":{"allow":["GET"]}}],"collection":[{"href":"https:\/\/www.europesays.com\/fr\/wp-json\/wp\/v2\/posts"}],"about":[{"href":"https:\/\/www.europesays.com\/fr\/wp-json\/wp\/v2\/types\/post"}],"author":[{"embeddable":true,"href":"https:\/\/www.europesays.com\/fr\/wp-json\/wp\/v2\/users\/2"}],"replies":[{"embeddable":true,"href":"https:\/\/www.europesays.com\/fr\/wp-json\/wp\/v2\/comments?post=335916"}],"version-history":[{"count":0,"href":"https:\/\/www.europesays.com\/fr\/wp-json\/wp\/v2\/posts\/335916\/revisions"}],"wp:featuredmedia":[{"embeddable":true,"href":"https:\/\/www.europesays.com\/fr\/wp-json\/wp\/v2\/media\/335917"}],"wp:attachment":[{"href":"https:\/\/www.europesays.com\/fr\/wp-json\/wp\/v2\/media?parent=335916"}],"wp:term":[{"taxonomy":"category","embeddable":true,"href":"https:\/\/www.europesays.com\/fr\/wp-json\/wp\/v2\/categories?post=335916"},{"taxonomy":"post_tag","embeddable":true,"href":"https:\/\/www.europesays.com\/fr\/wp-json\/wp\/v2\/tags?post=335916"}],"curies":[{"name":"wp","href":"https:\/\/api.w.org\/{rel}","templated":true}]}}