{"id":335918,"date":"2025-08-22T10:02:13","date_gmt":"2025-08-22T10:02:13","guid":{"rendered":"https:\/\/www.europesays.com\/fr\/335918\/"},"modified":"2025-08-22T10:02:13","modified_gmt":"2025-08-22T10:02:13","slug":"a-nantes-des-travaux-entrainent-a-nouveau-des-fermetures-de-lautoroute-a11","status":"publish","type":"post","link":"https:\/\/www.europesays.com\/fr\/335918\/","title":{"rendered":"\u00c0 Nantes, des travaux entra\u00eenent \u00e0 nouveau des fermetures de l&rsquo;autoroute A11"},"content":{"rendered":"<p>            Par<br \/>\n        <strong><br \/>\n            <a href=\"https:\/\/actu.fr\/auteur\/clemence-pays02-actu-fr\" title=\"Consulter tous les articles de Cl\u00e9mence Pays\" target=\"_blank\" rel=\"noopener\">Cl\u00e9mence Pays<\/a><br \/>\n        <\/strong><\/p>\n<p>        Publi\u00e9 le<\/p>\n<p>            22 ao\u00fbt 2025 \u00e0 10h42        <\/p>\n<p>De nouvelles <strong>perturbations<\/strong> sont annonc\u00e9es sur le r\u00e9seau routier de l\u2019agglom\u00e9ration de <a href=\"https:\/\/actu.fr\/nantes\/\" target=\"_blank\" rel=\"noopener\">Nantes<\/a>. Dans un communiqu\u00e9 de presse, Vinci Autoroutes annonce des fermetures de <a href=\"https:\/\/actu.fr\/tag\/autoroute-11-a11\" target=\"_blank\" rel=\"noopener\">l\u2019autoroute A11<\/a> fin ao\u00fbt\u00a02025.<\/p>\n<p class=\" wall-content\">Ces fermetures interviennent \u00ab\u2009dans le cadre de la poursuite des <strong>travaux de renforcement de la buse hydraulique<\/strong> assurant le franchissement du cours d\u2019eau Le Gesvres sous l\u2019A11, au niveau de la commune de <a href=\"https:\/\/actu.fr\/pays-de-la-loire\/la-chapelle-sur-erdre_44035\" target=\"_blank\" rel=\"noopener\">La Chapelle-sur-Erdre<\/a>\u2009\u00bb, pr\u00e9cise Vinci Autoroutes.<\/p>\n<p>Les dates des fermetures<\/p>\n<p class=\" wall-content\">\u00ab\u2009Jusqu\u2019au <strong>5\u00a0septembre<\/strong> 2025, date de la fin des travaux de renforcement d\u2019une buse hydraulique, les conditions de circulation seront adapt\u00e9es et n\u00e9cessiteront des <strong>fermetures de nuit<\/strong> de l\u2019autoroute A11.\u2009\u00bb<\/p>\n<p class=\" wall-content\">Ainsi\u2009:<\/p>\n<ul class=\" wall-content\">\n<li>au cours des <strong>nuits du mardi\u00a026 et du mercredi 27\u00a0ao\u00fbt,<\/strong> de 20h30 \u00e0 5h45 le lendemain, la bretelle d\u2019acc\u00e8s de l\u2019\u00e9changeur de la porte de Gesvres (n\u00b038) depuis Paris vers La Beaujoire sera ferm\u00e9e\u2009;<\/li>\n<li>les <strong>nuits du mardi\u00a026, du mercredi\u00a027 et du jeudi 28\u00a0ao\u00fbt,<\/strong> de 20h30 \u00e0 5h45 le lendemain, le p\u00e9riph\u00e9rique est sera ferm\u00e9 en direction de Paris.<\/li>\n<\/ul>\n<p class=\" wall-content\">Des <strong>itin\u00e9raires de d\u00e9viations<\/strong> seront mis en place durant les travaux. Vinci autoroutes recommande \u00e9galement de se tenir inform\u00e9 via sa radio (107.7) et son application, mais aussi ses r\u00e9seaux sociaux et site internet.<\/p>\n<p class=\" wall-content\">Personnalisez votre actualit\u00e9 en ajoutant vos villes et m\u00e9dias en favori avec <a href=\"https:\/\/moncompte.actu.fr\" title=\"D\u00e9couvez Mon Actu\" rel=\"nofollow noopener\" data-trk=\"{&quot;cta&quot;:{&quot;action&quot;:&quot;https:\\\/\\\/moncompte.actu.fr&quot;,&quot;category&quot;:&quot;mon compte&quot;,&quot;from&quot;:&quot;article footer&quot;,&quot;name&quot;:&quot;Mon actu&quot;,&quot;type&quot;:&quot;cta&quot;}}\" target=\"_blank\">Mon Actu<\/a>.<\/p>\n","protected":false},"excerpt":{"rendered":"Par Cl\u00e9mence Pays Publi\u00e9 le 22 ao\u00fbt 2025 \u00e0 10h42 De nouvelles perturbations sont annonc\u00e9es sur le r\u00e9seau&hellip;\n","protected":false},"author":2,"featured_media":335919,"comment_status":"","ping_status":"","sticky":false,"template":"","format":"standard","meta":{"footnotes":""},"categories":[2818],"tags":[1111,11,4012,1777,674,1011,27,803,766,12,2636,25,104,2086],"class_list":{"0":"post-335918","1":"post","2":"type-post","3":"status-publish","4":"format-standard","5":"has-post-thumbnail","7":"category-nantes","8":"tag-actu","9":"tag-actualites","10":"tag-autoroute-11-a11","11":"tag-eu","12":"tag-europe","13":"tag-fr","14":"tag-france","15":"tag-info-trafic","16":"tag-nantes","17":"tag-news","18":"tag-pays-de-la-loire","19":"tag-republique-francaise","20":"tag-societe","21":"tag-travaux"},"share_on_mastodon":{"url":"https:\/\/pubeurope.com\/@fr\/115071847290648796","error":""},"_links":{"self":[{"href":"https:\/\/www.europesays.com\/fr\/wp-json\/wp\/v2\/posts\/335918","targetHints":{"allow":["GET"]}}],"collection":[{"href":"https:\/\/www.europesays.com\/fr\/wp-json\/wp\/v2\/posts"}],"about":[{"href":"https:\/\/www.europesays.com\/fr\/wp-json\/wp\/v2\/types\/post"}],"author":[{"embeddable":true,"href":"https:\/\/www.europesays.com\/fr\/wp-json\/wp\/v2\/users\/2"}],"replies":[{"embeddable":true,"href":"https:\/\/www.europesays.com\/fr\/wp-json\/wp\/v2\/comments?post=335918"}],"version-history":[{"count":0,"href":"https:\/\/www.europesays.com\/fr\/wp-json\/wp\/v2\/posts\/335918\/revisions"}],"wp:featuredmedia":[{"embeddable":true,"href":"https:\/\/www.europesays.com\/fr\/wp-json\/wp\/v2\/media\/335919"}],"wp:attachment":[{"href":"https:\/\/www.europesays.com\/fr\/wp-json\/wp\/v2\/media?parent=335918"}],"wp:term":[{"taxonomy":"category","embeddable":true,"href":"https:\/\/www.europesays.com\/fr\/wp-json\/wp\/v2\/categories?post=335918"},{"taxonomy":"post_tag","embeddable":true,"href":"https:\/\/www.europesays.com\/fr\/wp-json\/wp\/v2\/tags?post=335918"}],"curies":[{"name":"wp","href":"https:\/\/api.w.org\/{rel}","templated":true}]}}