{"id":335920,"date":"2025-08-22T10:03:19","date_gmt":"2025-08-22T10:03:19","guid":{"rendered":"https:\/\/www.europesays.com\/fr\/335920\/"},"modified":"2025-08-22T10:03:19","modified_gmt":"2025-08-22T10:03:19","slug":"la-premiere-edition-du-festival-hypnotize-a-bordeaux-se-precise","status":"publish","type":"post","link":"https:\/\/www.europesays.com\/fr\/335920\/","title":{"rendered":"La premi\u00e8re \u00e9dition du festival Hypnotize \u00e0 Bordeaux se pr\u00e9cise !"},"content":{"rendered":"<p>Bordeaux va bient\u00f4t accueillir la toute premi\u00e8re \u00e9dition du Festival Hypnotize, un rendez-vous enti\u00e8rement consacr\u00e9 au rap et aux cultures urbaines. Et pour une premi\u00e8re \u00e9dition dans la m\u00e9tropole, l\u2019affiche a de quoi faire tourner les t\u00eates : Booba, SCH, Vald, Leto, Maureen et Fav\u00e9 figurent parmi les t\u00eates d\u2019affiche.<\/p>\n<p>Un line-up XXL<\/p>\n<p style=\"font-size:16px\"><a href=\"https:\/\/hypnotizefestival.com\/\" target=\"_blank\" rel=\"noreferrer noopener nofollow\">Hypnotize <\/a>n\u2019arrive pas les mains vides : l\u2019\u00e9v\u00e9nement s\u2019annonce comme un nouveau poids lourd du calendrier urbain, apr\u00e8s un premier passage remarqu\u00e9 \u00e0 Lyon mi-juin. \u00c0 Bordeaux, en plus des grosses pointures, tu pourras d\u00e9couvrir des talents montants comme <strong>Aupinard, Dal\u00ed, Jolagreen23, La Mano 1.9, Prince Waly, Souffrance<\/strong>, sans oublier le ou la laur\u00e9at(e) du <strong>Buzz Booster<\/strong>, tremplin national pour les artistes \u00e9mergents. Un m\u00e9lange parfait entre stars confirm\u00e9es et sc\u00e8ne montante, pour refl\u00e9ter la diversit\u00e9 et l\u2019\u00e9nergie du rap hexagonal.<\/p>\n<p><img fetchpriority=\"high\" decoding=\"async\" width=\"1024\" height=\"576\" data-id=\"82581\" src=\"https:\/\/www.bougerabordeaux.com\/wp-content\/uploads\/2025\/08\/generations-1024x576.webp\" alt=\"\" class=\"wp-image-82581\"  \/>Hypnotize va accueillir l\u2019artiste Maureen \u00e0 Bordeaux. \u00a9G\u00e9n\u00e9rations<\/p>\n<p><img loading=\"lazy\" decoding=\"async\" width=\"1024\" height=\"539\" data-id=\"82584\" src=\"https:\/\/www.bougerabordeaux.com\/wp-content\/uploads\/2025\/08\/promo-musique-1024x539.webp\" alt=\"\" class=\"wp-image-82584\"  \/>Hypnotize va accueillir l\u2019artiste Jolagreen23 \u00e0 Bordeaux. \u00a9Promo Musique<\/p>\n<p>Plus qu\u2019un simple festival<\/p>\n<p style=\"font-size:16px\">Mais <strong>Hypnotize <\/strong>ne se limite pas aux concerts. L\u2019\u00e9dition bordelaise veut aussi mettre en avant l\u2019univers des cultures urbaines : <strong>installations artistiques, battles, live graffiti<\/strong> et d\u2019autres animations rythmeront les deux soir\u00e9es. Le <strong>Parc des Expositions de Bordeaux<\/strong>, capable d\u2019accueillir de grandes jauges, se transformera en v\u00e9ritable terrain de jeu pour les passionn\u00e9s de rap et de street culture.<\/p>\n<p><img loading=\"lazy\" decoding=\"async\" width=\"1024\" height=\"580\" data-id=\"82585\" src=\"https:\/\/www.europesays.com\/fr\/wp-content\/uploads\/2025\/08\/radio-france-1-1024x580.jpg\" alt=\"\" class=\"wp-image-82585\"  \/>Booba appara\u00eet en t\u00eate d\u2019affiche au festival Hypnotize. \u00a9Radio France<\/p>\n<p><img loading=\"lazy\" decoding=\"async\" width=\"1024\" height=\"683\" data-id=\"82583\" src=\"https:\/\/www.europesays.com\/fr\/wp-content\/uploads\/2025\/08\/interlude-1024x683.jpg\" alt=\"\" class=\"wp-image-82583\"  \/>Vald revient sur Bordeaux pour le festival Hypnotize. \u00a9Interludes<\/p>\n<p>Infos pratiques et acc\u00e8s<\/p>\n<p style=\"font-size:16px\">Les concerts se d\u00e9rouleront les <strong>vendredi 5 et samedi 6 septembre<\/strong>, de <strong>18 h \u00e0 00h 00<\/strong> selon l\u2019agenda officiel de <strong>l\u2019Office de tourisme<\/strong>. Le d\u00e9tail des horaires par artiste n\u2019a pas encore \u00e9t\u00e9 communiqu\u00e9, mais tu peux d\u00e9j\u00e0 organiser ton trajet.<\/p>\n<p style=\"font-size:16px\">Le Parc des Expositions est facilement accessible : prends la <strong>ligne C du tram<\/strong> (arr\u00eat \u201cParc des Expositions \u2013 Stade Atlantique\u201d), le moyen le plus direct depuis la gare Saint-Jean. Si tu viens en voiture, la rocade et les parkings, notamment le <strong>P5<\/strong>, sont indiqu\u00e9s par la m\u00e9tropole. Des bus (37 et 75) desservent aussi le site. Pour les personnes en situation de handicap, les organisateurs invitent \u00e0 consulter les consignes sp\u00e9cifiques.<\/p>\n<p><img loading=\"lazy\" decoding=\"async\" width=\"650\" height=\"366\" src=\"https:\/\/www.europesays.com\/fr\/wp-content\/uploads\/2025\/08\/hypnotize-bordeaux.jpg\" alt=\"\" class=\"wp-image-82582\"  \/>Les concerts Hypnotize se d\u00e9rouleront du vendredi au samedi 6 septembre. \u00a9Ville de Bordeaux<\/p>\n<p>Une dynamique culturelle en marche<\/p>\n<p style=\"font-size:16px\">L\u2019arriv\u00e9e d\u2019Hypnotize \u00e0 Bordeaux confirme <strong>l\u2019importance croissante du rap dans la programmation culturelle locale<\/strong>. En r\u00e9unissant \u00e0 la fois des l\u00e9gendes comme Booba et des artistes \u00e9mergents, le festival pourrait cr\u00e9er un v\u00e9ritable effet d\u2019entra\u00eenement : attirer de nouveaux publics, donner de la visibilit\u00e9 aux sc\u00e8nes locales et encourager des partenariats \u00e0 plus long terme.<\/p>\n<p style=\"font-size:16px\">Au-del\u00e0 du spectacle, c\u2019est donc un moment de rencontre entre g\u00e9n\u00e9rations d\u2019artistes et de publics qui se pr\u00e9pare. Et qui sait ? Si le succ\u00e8s est au rendez-vous, <strong><a href=\"https:\/\/hypnotizefestival.com\/\" target=\"_blank\" rel=\"noreferrer noopener nofollow\">Hypnotize <\/a><\/strong>pourrait bien devenir un rendez-vous r\u00e9current dans le paysage musical bordelais.<\/p>\n<p style=\"font-size:16px\">Alors, si tu veux vibrer au son des plus grands noms du rap fran\u00e7ais et d\u00e9couvrir les voix qui feront demain, r\u00e9serve vite tes soir\u00e9es des <strong>5 et 6 septembre<\/strong> : Bordeaux s\u2019appr\u00eate \u00e0 entrer en transe au rythme d\u2019Hypnotize.<\/p>\n<p style=\"font-size:16px\">\u00c0 lire aussi : <a href=\"https:\/\/www.bougerabordeaux.com\/food\/restaurants\/bordeaux-fond-pour-la-glace-japonaise-dhokkaido\/\" target=\"_blank\" rel=\"noreferrer noopener nofollow\">Bordeaux fond pour la glace japonaise d\u2019Hokkaido<\/a><\/p>\n","protected":false},"excerpt":{"rendered":"Bordeaux va bient\u00f4t accueillir la toute premi\u00e8re \u00e9dition du Festival Hypnotize, un rendez-vous enti\u00e8rement consacr\u00e9 au rap et&hellip;\n","protected":false},"author":2,"featured_media":335921,"comment_status":"","ping_status":"","sticky":false,"template":"","format":"standard","meta":{"footnotes":""},"categories":[2817],"tags":[1111,11,1997,1777,674,1011,27,12,2219,25],"class_list":{"0":"post-335920","1":"post","2":"type-post","3":"status-publish","4":"format-standard","5":"has-post-thumbnail","7":"category-bordeaux","8":"tag-actu","9":"tag-actualites","10":"tag-bordeaux","11":"tag-eu","12":"tag-europe","13":"tag-fr","14":"tag-france","15":"tag-news","16":"tag-nouvelle-aquitaine","17":"tag-republique-francaise"},"share_on_mastodon":{"url":"https:\/\/pubeurope.com\/@fr\/115071851913154924","error":""},"_links":{"self":[{"href":"https:\/\/www.europesays.com\/fr\/wp-json\/wp\/v2\/posts\/335920","targetHints":{"allow":["GET"]}}],"collection":[{"href":"https:\/\/www.europesays.com\/fr\/wp-json\/wp\/v2\/posts"}],"about":[{"href":"https:\/\/www.europesays.com\/fr\/wp-json\/wp\/v2\/types\/post"}],"author":[{"embeddable":true,"href":"https:\/\/www.europesays.com\/fr\/wp-json\/wp\/v2\/users\/2"}],"replies":[{"embeddable":true,"href":"https:\/\/www.europesays.com\/fr\/wp-json\/wp\/v2\/comments?post=335920"}],"version-history":[{"count":0,"href":"https:\/\/www.europesays.com\/fr\/wp-json\/wp\/v2\/posts\/335920\/revisions"}],"wp:featuredmedia":[{"embeddable":true,"href":"https:\/\/www.europesays.com\/fr\/wp-json\/wp\/v2\/media\/335921"}],"wp:attachment":[{"href":"https:\/\/www.europesays.com\/fr\/wp-json\/wp\/v2\/media?parent=335920"}],"wp:term":[{"taxonomy":"category","embeddable":true,"href":"https:\/\/www.europesays.com\/fr\/wp-json\/wp\/v2\/categories?post=335920"},{"taxonomy":"post_tag","embeddable":true,"href":"https:\/\/www.europesays.com\/fr\/wp-json\/wp\/v2\/tags?post=335920"}],"curies":[{"name":"wp","href":"https:\/\/api.w.org\/{rel}","templated":true}]}}