{"id":335922,"date":"2025-08-22T10:04:17","date_gmt":"2025-08-22T10:04:17","guid":{"rendered":"https:\/\/www.europesays.com\/fr\/335922\/"},"modified":"2025-08-22T10:04:17","modified_gmt":"2025-08-22T10:04:17","slug":"girondins-une-offre-pour-grzegorz-krychowiak-a-ete-formulee-par-bordeaux","status":"publish","type":"post","link":"https:\/\/www.europesays.com\/fr\/335922\/","title":{"rendered":"Girondins : une offre pour Grzegorz Krychowiak a \u00e9t\u00e9 formul\u00e9e par Bordeaux"},"content":{"rendered":"<p><img decoding=\"async\" src=\"https:\/\/www.europesays.com\/fr\/wp-content\/uploads\/2025\/08\/671_88bb162922be567d61dde80788527d80.jpg\" alt=\"Girondins : une offre pour Grzegorz Krychowiak a \u00e9t\u00e9 formul\u00e9e par Bordeaux\" class=\"img-responsive mt-3\"\/><\/p>\n<p class=\"text-center mb-3\" style=\"font-size: 14px\">\u00a9 Iconsport<\/p>\n<p>      <strong>Girondins de Bordeaux : Vers un retour aux sources pour Krychowiak ?<\/strong><\/p>\n<p style=\"text-align: justify;\">C&rsquo;est le m\u00e9dia polonais <a href=\"https:\/\/sport.fakt.pl\/pilka-nozna\/co-z-grzegorzem-krychowiakiem-moze-podjac-nowe-wyzwanie\/qwx9cb3\" target=\"_blank\" rel=\"noopener nofollow\">Fakt<\/a> qui d\u00e9voile l&rsquo;offre des Girondins de Bordeaux pour le milieu de terrain Grzegorz Krychowiak (35 ans).<\/p>\n<p style=\"text-align: justify;\">En fin de contrat avec l&rsquo;Anorthosis Famagouste (Chypre), Grzegorz Krychowiak est \u00e0 l&rsquo;\u00e9coute des opportunit\u00e9s. Ainsi, comme la saison derni\u00e8re, les Girondins de Bordeaux ont montr\u00e9 leur int\u00e9r\u00eat avec une offre pour attirer Grzegorz Krychowiak. On ne connait pas le d\u00e9tail. Issu de l&rsquo;acad\u00e9mie bordelaise, le club a tent\u00e9 le coup, comme l&rsquo;annonce Fakt. Son \u00e9pouse est originaire de Bordeaux.<\/p>\n<blockquote class=\"twitter-tweet\">\n<p dir=\"ltr\" lang=\"en\">Grzegorz Krychowiak has received an offer from Girondins de Bordeaux :fr:, as happened last summer<\/p>\n<p>The 35 y\/o defensive midfielder, free after finishing his contract with Anorthosis Famagusta, is also said to have received proposals from Cyprus and Qatar<\/p>\n<p>:writing_hand:\ufe0f <a href=\"https:\/\/twitter.com\/Fakt_pl?ref_src=twsrc%5Etfw\" rel=\"nofollow noopener\" target=\"_blank\">@Fakt_pl<\/a> <a href=\"https:\/\/t.co\/jRpaUD9Zqf\" rel=\"nofollow\">pic.twitter.com\/jRpaUD9Zqf<\/a><\/p>\n<p>\u2014 Polski Transfers :flag-pl: (@polskitransfers) <a href=\"https:\/\/twitter.com\/polskitransfers\/status\/1958792815808311611?ref_src=twsrc%5Etfw\" rel=\"nofollow noopener\" target=\"_blank\">August 22, 2025<\/a>\n<\/p><\/blockquote>\n<p>\u00a0<\/p>\n<p><strong>Une opportunit\u00e9 pour Bordeaux, Grzegorz Krychowiak a du choix<\/strong><\/p>\n<p style=\"text-align: justify;\">Il percevait environ 14 000 \u20ac par mois \u00e0 Famagoust, selon le m\u00e9dia. Aujourd&rsquo;hui, il est libre de s&rsquo;engager avec le club de son choix.<\/p>\n<p style=\"text-align: justify;\">La saison derni\u00e8re, il a disput\u00e9 21 matchs avec l&rsquo;Anorthosis Famagouste, inscrivant deux buts et d\u00e9livrant autant de passes d\u00e9cisives.<\/p>\n<p style=\"text-align: justify;\">Les offres ne manquent pas pour l&rsquo;ancien international polonais (Qatar, Chypre) qui pourrait aussi se diriger vers une retraite sportive si aucun projet ne lui convient. Un rebond dans les m\u00e9dias est tout \u00e0 fait possible, tout comme un poste dans un staff technique dans un club fran\u00e7ais.<\/p>\n<p style=\"text-align: justify;\">Lors de l\u00e9t\u00e9 2024, les Girondins avaient \u00e9galement sond\u00e9 en vain le joueur polonais.<\/p>\n<p>\u00c0 lire &gt;&gt;\u00a0<strong><a href=\"https:\/\/www.webgirondins.com\/actualite-girondins-bordeaux-granville-l-avertissement-de-l-entraineur-matthias-jouan-avant-le-match-en-n2-130131\" target=\"_blank\" rel=\"noopener nofollow\">Bordeaux-Granville : L&rsquo;avertissement de l&rsquo;entra\u00eeneur Matthias Jouan avant le match en N2<\/a><\/strong><\/p>\n<p>Notre podcast court \u00e0 \u00e9couter :<\/p>\n<p>\u00a0<\/p>\n<p>    <script async src=\"https:\/\/platform.twitter.com\/widgets.js\" charset=\"utf-8\"><\/script><\/p>\n","protected":false},"excerpt":{"rendered":"\u00a9 Iconsport Girondins de Bordeaux : Vers un retour aux sources pour Krychowiak ? C&rsquo;est le m\u00e9dia polonais&hellip;\n","protected":false},"author":2,"featured_media":335923,"comment_status":"","ping_status":"","sticky":false,"template":"","format":"standard","meta":{"footnotes":""},"categories":[2817],"tags":[1111,11,33437,1997,1777,674,47285,6796,47284,1011,27,1987,47282,47283,3754,12,2219,5235,37314,471,25,15298,1858],"class_list":{"0":"post-335922","1":"post","2":"type-post","3":"status-publish","4":"format-standard","5":"has-post-thumbnail","7":"category-bordeaux","8":"tag-actu","9":"tag-actualites","10":"tag-attacher","11":"tag-bordeaux","12":"tag-eu","13":"tag-europe","14":"tag-fakt","15":"tag-formule","16":"tag-formulee","17":"tag-fr","18":"tag-france","19":"tag-girondins","20":"tag-grzegorz","21":"tag-krychowiak","22":"tag-media","23":"tag-news","24":"tag-nouvelle-aquitaine","25":"tag-offre","26":"tag-polonais","27":"tag-pour","28":"tag-republique-francaise","29":"tag-selon","30":"tag-services"},"share_on_mastodon":{"url":"https:\/\/pubeurope.com\/@fr\/115071855087821651","error":""},"_links":{"self":[{"href":"https:\/\/www.europesays.com\/fr\/wp-json\/wp\/v2\/posts\/335922","targetHints":{"allow":["GET"]}}],"collection":[{"href":"https:\/\/www.europesays.com\/fr\/wp-json\/wp\/v2\/posts"}],"about":[{"href":"https:\/\/www.europesays.com\/fr\/wp-json\/wp\/v2\/types\/post"}],"author":[{"embeddable":true,"href":"https:\/\/www.europesays.com\/fr\/wp-json\/wp\/v2\/users\/2"}],"replies":[{"embeddable":true,"href":"https:\/\/www.europesays.com\/fr\/wp-json\/wp\/v2\/comments?post=335922"}],"version-history":[{"count":0,"href":"https:\/\/www.europesays.com\/fr\/wp-json\/wp\/v2\/posts\/335922\/revisions"}],"wp:featuredmedia":[{"embeddable":true,"href":"https:\/\/www.europesays.com\/fr\/wp-json\/wp\/v2\/media\/335923"}],"wp:attachment":[{"href":"https:\/\/www.europesays.com\/fr\/wp-json\/wp\/v2\/media?parent=335922"}],"wp:term":[{"taxonomy":"category","embeddable":true,"href":"https:\/\/www.europesays.com\/fr\/wp-json\/wp\/v2\/categories?post=335922"},{"taxonomy":"post_tag","embeddable":true,"href":"https:\/\/www.europesays.com\/fr\/wp-json\/wp\/v2\/tags?post=335922"}],"curies":[{"name":"wp","href":"https:\/\/api.w.org\/{rel}","templated":true}]}}