{"id":335924,"date":"2025-08-22T10:05:09","date_gmt":"2025-08-22T10:05:09","guid":{"rendered":"https:\/\/www.europesays.com\/fr\/335924\/"},"modified":"2025-08-22T10:05:09","modified_gmt":"2025-08-22T10:05:09","slug":"toulouse-pourquoi-tomer-sisley-sera-de-passage-pendant-plusieurs-jours-dans-la-ville-rose","status":"publish","type":"post","link":"https:\/\/www.europesays.com\/fr\/335924\/","title":{"rendered":"Toulouse. Pourquoi Tomer Sisley sera de passage pendant plusieurs jours dans la Ville rose\u00a0?"},"content":{"rendered":"<p>            Par<br \/>\n        <strong><br \/>\n            <a href=\"https:\/\/actu.fr\/auteur\/nina-hossein-zadeh\" title=\"Consulter tous les articles de Nina Hossein-Zadeh\" rel=\"nofollow noopener\" target=\"_blank\">Nina Hossein-Zadeh<\/a><br \/>\n        <\/strong><\/p>\n<p>        Publi\u00e9 le<\/p>\n<p>            22 ao\u00fbt 2025 \u00e0 11h45        <\/p>\n<p>Toulouse s\u2019appr\u00eate \u00e0 accueillir un visage bien connu du grand et du petit \u00e9cran. Acteur aux multiples facettes, <strong>Tomer Sisley<\/strong> a marqu\u00e9 le cin\u00e9ma d\u2019action avec Largo Winch, s\u00e9duit le public t\u00e9l\u00e9vis\u00e9 dans la s\u00e9rie Balthazar, et s\u2019est impos\u00e9 dans de nombreux r\u00f4les. R\u00e9cemment, il est \u00e0 l\u2019affiche de <a href=\"https:\/\/actu.fr\/normandie\/alencon_61001\/ce-comedien-dalencon-joue-aux-cotes-de-laura-smet-et-tomer-sisley-dans-une-serie-sur-france-tv-a-la-rentree_63061473.html\" rel=\"nofollow noopener\" target=\"_blank\">la s\u00e9rie Surface, aux c\u00f4t\u00e9s de Laura Smet<\/a>, disponible sur France 2 depuis jeudi 21\u00a0ao\u00fbt 2025\u2026 Il ne ch\u00f4me pas et dans les prochains jours, c\u2019est \u00e0 <a href=\"https:\/\/actu.fr\/toulouse\/\" rel=\"nofollow noopener\" target=\"_blank\"><strong>Toulouse<\/strong><\/a> qu\u2019il viendra donner vie \u00e0 un nouveau personnage<strong>, le temps d\u2019un tournage<\/strong> encore entour\u00e9 de myst\u00e8re\u2026<\/p>\n<p>Un tournage pour TF1\u2026<\/p>\n<p class=\" wall-content\">Il ne faudra donc pas \u00eatre surpris de voir Tomer Sisley d\u00e9ambuler dans les rues de Toulouse, ou encore faire <strong>de nombreuses cascades depuis le Pont Neuf\u2026<\/strong><\/p>\n<p class=\" wall-content\">Du lundi\u00a025 au mercredi 27\u00a0ao\u00fbt 2025, il sera dans le secteur pour tourner les images d\u2019une s\u00e9rie \u00e0 d\u00e9couvrir <strong>prochainement sur TF1\u2009: La Cible<\/strong>. Si l\u2019on ne conna\u00eet rien du synopsis, il se pourrait bien que Tomer Sisley incarne le personnage principal dans cette production sign\u00e9e Bengumi.<\/p>\n<p class=\" wall-content\">Il devrait \u00e9galement faire des apparitions <strong>au Capitole ou \u00e0 l\u2019\u00e9glise Saint-Etienne<\/strong>\u2026<\/p>\n<p>Le Pont Neuf ferm\u00e9 \u00e0 la circulation<\/p>\n<p class=\" wall-content\">Ce tournage impliquera des restrictions de circulation \u00e0 Toulouse, notamment sur le Pont Neuf.<\/p>\n<p>Vid\u00e9os : en ce moment sur Actu<\/p>\n<p class=\" wall-content\">Il sera <strong>ferm\u00e9 du lundi au mercredi de 8\u00a0heures \u00e0 18\u00a0heures<\/strong> \u00e0 la circulation pi\u00e9tonne, aux cyclistes et aux voitures.<\/p>\n<p class=\" wall-content\"><strong>Les alentours pourraient \u00e9galement \u00eatre boucl\u00e9s<\/strong> afin que \u00ab\u2009les passants n\u2019apparaissent pas sur les images de la s\u00e9rie\u2009\u00bb, pr\u00e9cise Toulouse Tournages \u00e0 Actu Toulouse\u2026<\/p>\n<p class=\" wall-content\">Personnalisez votre actualit\u00e9 en ajoutant vos villes et m\u00e9dias en favori avec <a href=\"https:\/\/moncompte.actu.fr\" title=\"D\u00e9couvez Mon Actu\" rel=\"nofollow noopener\" data-trk=\"{&quot;cta&quot;:{&quot;action&quot;:&quot;https:\\\/\\\/moncompte.actu.fr&quot;,&quot;category&quot;:&quot;mon compte&quot;,&quot;from&quot;:&quot;article footer&quot;,&quot;name&quot;:&quot;Mon actu&quot;,&quot;type&quot;:&quot;cta&quot;}}\" target=\"_blank\">Mon Actu<\/a>.<\/p>\n","protected":false},"excerpt":{"rendered":"Par Nina Hossein-Zadeh Publi\u00e9 le 22 ao\u00fbt 2025 \u00e0 11h45 Toulouse s\u2019appr\u00eate \u00e0 accueillir un visage bien connu&hellip;\n","protected":false},"author":2,"featured_media":335925,"comment_status":"","ping_status":"","sticky":false,"template":"","format":"standard","meta":{"footnotes":""},"categories":[2816],"tags":[1111,11,1777,674,1011,27,12,2680,25,1314,104,2312],"class_list":{"0":"post-335924","1":"post","2":"type-post","3":"status-publish","4":"format-standard","5":"has-post-thumbnail","7":"category-toulouse","8":"tag-actu","9":"tag-actualites","10":"tag-eu","11":"tag-europe","12":"tag-fr","13":"tag-france","14":"tag-news","15":"tag-occitanie","16":"tag-republique-francaise","17":"tag-series","18":"tag-societe","19":"tag-toulouse"},"share_on_mastodon":{"url":"https:\/\/pubeurope.com\/@fr\/115071859015634495","error":""},"_links":{"self":[{"href":"https:\/\/www.europesays.com\/fr\/wp-json\/wp\/v2\/posts\/335924","targetHints":{"allow":["GET"]}}],"collection":[{"href":"https:\/\/www.europesays.com\/fr\/wp-json\/wp\/v2\/posts"}],"about":[{"href":"https:\/\/www.europesays.com\/fr\/wp-json\/wp\/v2\/types\/post"}],"author":[{"embeddable":true,"href":"https:\/\/www.europesays.com\/fr\/wp-json\/wp\/v2\/users\/2"}],"replies":[{"embeddable":true,"href":"https:\/\/www.europesays.com\/fr\/wp-json\/wp\/v2\/comments?post=335924"}],"version-history":[{"count":0,"href":"https:\/\/www.europesays.com\/fr\/wp-json\/wp\/v2\/posts\/335924\/revisions"}],"wp:featuredmedia":[{"embeddable":true,"href":"https:\/\/www.europesays.com\/fr\/wp-json\/wp\/v2\/media\/335925"}],"wp:attachment":[{"href":"https:\/\/www.europesays.com\/fr\/wp-json\/wp\/v2\/media?parent=335924"}],"wp:term":[{"taxonomy":"category","embeddable":true,"href":"https:\/\/www.europesays.com\/fr\/wp-json\/wp\/v2\/categories?post=335924"},{"taxonomy":"post_tag","embeddable":true,"href":"https:\/\/www.europesays.com\/fr\/wp-json\/wp\/v2\/tags?post=335924"}],"curies":[{"name":"wp","href":"https:\/\/api.w.org\/{rel}","templated":true}]}}