{"id":335928,"date":"2025-08-22T10:07:16","date_gmt":"2025-08-22T10:07:16","guid":{"rendered":"https:\/\/www.europesays.com\/fr\/335928\/"},"modified":"2025-08-22T10:07:16","modified_gmt":"2025-08-22T10:07:16","slug":"les-chretiens-offrent-le-repas-gratuitement-durant-deux-jours","status":"publish","type":"post","link":"https:\/\/www.europesays.com\/fr\/335928\/","title":{"rendered":"les chr\u00e9tiens offrent le repas gratuitement durant deux jours"},"content":{"rendered":"<p>            Par<br \/>\n        <strong><br \/>\n            <a href=\"https:\/\/actu.fr\/auteur\/annesophie-2\" title=\"Consulter tous les articles de Anne-Sophie Hourdeaux\" rel=\"nofollow noopener\" target=\"_blank\">Anne-Sophie Hourdeaux<\/a><br \/>\n        <\/strong><\/p>\n<p>        Publi\u00e9 le<\/p>\n<p>            22 ao\u00fbt 2025 \u00e0 10h55        <\/p>\n<p>Pendant 3\u00a0jours <b>jusqu\u2019au samedi 23\u00a0ao\u00fbt 2025<\/b> inclus, le parc <b>entre Lille Europe et Westfield-Euralille <\/b>\u00e0 <a href=\"https:\/\/actu.fr\/hauts-de-france\/lille_59350\" rel=\"nofollow noopener\" target=\"_blank\">Lille<\/a> (Nord) accueille de grandes tabl\u00e9es et des<b> barbecues le midi<\/b>. C\u2019est <b>gratuit et ouvert \u00e0 tous.<\/b> L\u2019organisateur est un <b>groupe chr\u00e9tien<\/b>, En route ensemble. Une autre fa\u00e7on de rencontrer les gens, voire de parler de <a href=\"https:\/\/actu.fr\/tag\/religion\" rel=\"nofollow noopener\" target=\"_blank\">religion<\/a>. <b>Plus de 2000 repas seront distribu\u00e9s.<\/b><\/p>\n<p>    <img   decoding=\"async\" loading=\"lazy\" class=\"size-large\" src=\"https:\/\/www.europesays.com\/fr\/wp-content\/uploads\/2025\/08\/33341578f5e4627341578f5e4fa341v-960x640.jpg\" alt=\"barbecue g\u00e9ant lille\" width=\"960\" height=\"640\"\/><br \/>\n    On chante devant le centre commercial Westfield-Euralille pour faire la pub pour le barbecue g\u00e9ant des 22 et 23\u00a0ao\u00fbt 2025. \u00a9Anne-Sophie Hourdeaux\/Croix du NordDepuis 26\u00a0ans<\/p>\n<p class=\" wall-content\">Ils chantent devant Westfield-Euralille pour orienter vers le parc \u00e0 proximit\u00e9\u2009: l\u2019association En route ensemble a sa technique bien rod\u00e9e, cela fait 26\u00a0ans qu\u2019elle organise ce rendez-vous de fin d\u2019\u00e9t\u00e9\u2009!<\/p>\n<p class=\" wall-content\">On fait la queue pour remplir son assiette, entre\u00a02000 et\u00a03000 repas sont pr\u00e9vus chaque ann\u00e9e pendant 3\u00a0jours.<\/p>\n<p>    <img   decoding=\"async\" loading=\"lazy\" class=\"size-large\" src=\"https:\/\/www.europesays.com\/fr\/wp-content\/uploads\/2025\/08\/f3c5bcb8f5e46c7c5bcb8f5e4abc5bv-960x640.jpg\" alt=\"barbecue g\u00e9ant lille\" width=\"960\" height=\"640\"\/><br \/>\n    Pendant 3\u00a0jours, des centaines de sandwichs et assiettes de crudit\u00e9s seront servis gratuitement. \u00a9Anne-Sophie Hourdeaux\/Croix du NordUnit\u00e9 des chr\u00e9tiens<\/p>\n<p class=\" wall-content\">En Route Ensemble se pr\u00e9sente ainsi\u2009: \u00ab\u2009association qui a pour but d\u2019unir les \u00c9glises chr\u00e9tiennes de diff\u00e9rentes d\u00e9nominations pour \u00e9vang\u00e9liser les villes de France \u00e0 travers des BBQs g\u00e9ants\u2009\u00bb. Chaque membre fait partie d\u2019une \u00c9glise catholique ou protestante dans le Nord. Leur but est d\u2019offrir un moment convivial pour parler de Dieu en toute simplicit\u00e9. 70\u00a0b\u00e9n\u00e9voles sont mobilis\u00e9s chaque ann\u00e9e.<\/p>\n<p class=\" wall-content\">Ne soyez donc pas surpris si une fois assis, des membres du groupe viennent s\u2019asseoir \u00e0 c\u00f4t\u00e9 de vous et discuter. Cela peut m\u00eame aller jusqu\u2019\u00e0 une b\u00e9n\u00e9diction ou un temps de pri\u00e8re \u00e0 table\u2009! Mais bien s\u00fbr, tout cela avec le consentement des invit\u00e9s.<\/p>\n<p>Votre r\u00e9gion, votre actu !<\/p>\n<p>Recevez chaque jour les infos qui comptent pour vous.<\/p>\n<p>\t<a href=\"https:\/\/actu.fr\/newsletter\" class=\"ac-btn ac-btn--corner ac-btn--medium ac-btn--blue800\" rel=\"nofollow noopener\" target=\"_blank\">S&rsquo;incrire<\/a><\/p>\n<p class=\" wall-content\">Bon app\u00e9tit\u2009!<\/p>\n<p>De 12\u2009h \u00e0 14\u2009h, place Mitterrand \u00e0 Lille. Gratuit, pour tous sans r\u00e9servation.<\/p>\n<p class=\" wall-content\">Personnalisez votre actualit\u00e9 en ajoutant vos villes et m\u00e9dias en favori avec <a href=\"https:\/\/moncompte.actu.fr\" title=\"D\u00e9couvez Mon Actu\" rel=\"nofollow noopener\" data-trk=\"{&quot;cta&quot;:{&quot;action&quot;:&quot;https:\\\/\\\/moncompte.actu.fr&quot;,&quot;category&quot;:&quot;mon compte&quot;,&quot;from&quot;:&quot;article footer&quot;,&quot;name&quot;:&quot;Mon actu&quot;,&quot;type&quot;:&quot;cta&quot;}}\" target=\"_blank\">Mon Actu<\/a>.<\/p>\n","protected":false},"excerpt":{"rendered":"Par Anne-Sophie Hourdeaux Publi\u00e9 le 22 ao\u00fbt 2025 \u00e0 10h55 Pendant 3\u00a0jours jusqu\u2019au samedi 23\u00a0ao\u00fbt 2025 inclus, le&hellip;\n","protected":false},"author":2,"featured_media":335929,"comment_status":"","ping_status":"","sticky":false,"template":"","format":"standard","meta":{"footnotes":""},"categories":[2815],"tags":[1111,11,1777,674,1011,27,811,1307,12,4020,25,104],"class_list":{"0":"post-335928","1":"post","2":"type-post","3":"status-publish","4":"format-standard","5":"has-post-thumbnail","7":"category-lille","8":"tag-actu","9":"tag-actualites","10":"tag-eu","11":"tag-europe","12":"tag-fr","13":"tag-france","14":"tag-hauts-de-france","15":"tag-lille","16":"tag-news","17":"tag-religion","18":"tag-republique-francaise","19":"tag-societe"},"share_on_mastodon":{"url":"https:\/\/pubeurope.com\/@fr\/115071867031792175","error":""},"_links":{"self":[{"href":"https:\/\/www.europesays.com\/fr\/wp-json\/wp\/v2\/posts\/335928","targetHints":{"allow":["GET"]}}],"collection":[{"href":"https:\/\/www.europesays.com\/fr\/wp-json\/wp\/v2\/posts"}],"about":[{"href":"https:\/\/www.europesays.com\/fr\/wp-json\/wp\/v2\/types\/post"}],"author":[{"embeddable":true,"href":"https:\/\/www.europesays.com\/fr\/wp-json\/wp\/v2\/users\/2"}],"replies":[{"embeddable":true,"href":"https:\/\/www.europesays.com\/fr\/wp-json\/wp\/v2\/comments?post=335928"}],"version-history":[{"count":0,"href":"https:\/\/www.europesays.com\/fr\/wp-json\/wp\/v2\/posts\/335928\/revisions"}],"wp:featuredmedia":[{"embeddable":true,"href":"https:\/\/www.europesays.com\/fr\/wp-json\/wp\/v2\/media\/335929"}],"wp:attachment":[{"href":"https:\/\/www.europesays.com\/fr\/wp-json\/wp\/v2\/media?parent=335928"}],"wp:term":[{"taxonomy":"category","embeddable":true,"href":"https:\/\/www.europesays.com\/fr\/wp-json\/wp\/v2\/categories?post=335928"},{"taxonomy":"post_tag","embeddable":true,"href":"https:\/\/www.europesays.com\/fr\/wp-json\/wp\/v2\/tags?post=335928"}],"curies":[{"name":"wp","href":"https:\/\/api.w.org\/{rel}","templated":true}]}}