{"id":335930,"date":"2025-08-22T10:08:14","date_gmt":"2025-08-22T10:08:14","guid":{"rendered":"https:\/\/www.europesays.com\/fr\/335930\/"},"modified":"2025-08-22T10:08:14","modified_gmt":"2025-08-22T10:08:14","slug":"lille-ils-volent-une-trottinette-sans-savoir-quun-temoin-a-tout-filme","status":"publish","type":"post","link":"https:\/\/www.europesays.com\/fr\/335930\/","title":{"rendered":"Lille. Ils volent une trottinette&#8230; sans savoir qu&rsquo;un t\u00e9moin a tout film\u00e9\u00a0!"},"content":{"rendered":"<p>            Par<br \/>\n        <strong><br \/>\n            <a href=\"https:\/\/actu.fr\/auteur\/bastien-grossin\" title=\"Consulter tous les articles de Bastien Grossin\" rel=\"nofollow noopener\" target=\"_blank\">Bastien Grossin<\/a><br \/>\n        <\/strong><\/p>\n<p>        Publi\u00e9 le<\/p>\n<p>            22 ao\u00fbt 2025 \u00e0 11h42        <\/p>\n<p>Ce<b> mercredi 20 ao\u00fbt 2025<\/b>, deux hommes ont \u00e9t\u00e9 interpell\u00e9s aupr\u00e8s de la <a href=\"https:\/\/actu.fr\/tag\/gare-lille-flandres\" rel=\"nofollow noopener\" target=\"_blank\">gare Lille Flandres<\/a> pour vol en r\u00e9union. En effet, vers <b>17\u2009h\u200920<\/b> les deux mis en cause <b>n\u00e9s en 1979 et 1989<\/b> sont interpell\u00e9s \u00e0 <a href=\"https:\/\/actu.fr\/tag\/lille\" rel=\"nofollow noopener\" target=\"_blank\">Lille <\/a>(Nord), apr\u00e8s un signalement de la victime aux forces de l\u2019ordre. C\u2019est gr\u00e2ce \u00e0 <b>un t\u00e9moin qui avait tout film\u00e9<\/b> que les <a href=\"https:\/\/actu.fr\/tag\/police\" rel=\"nofollow noopener\" target=\"_blank\">policiers<\/a> ont pu remonter vers les deux individus. D\u00e9tails.<\/p>\n<p>\u00ab\u00a0\u2009La victime avait pourtant attach\u00e9 sa trottinette \u00e0 l\u2019aide d\u2019un antivol\u2009\u00a0\u00bb<\/p>\n<p class=\" wall-content\">La veille de l\u2019interpellation, la victime avait laiss\u00e9 sa trottinette attach\u00e9e sur un emplacement d\u00e9di\u00e9 avant de vaquer \u00e0 ses occupations. Mais \u00e0 son retour, son v\u00e9hicule avait disparu. Une source polici\u00e8re nous indique\u2009: \u00ab\u2009La victime avait <b>pourtant attach\u00e9 sa trottinette \u00e0 l\u2019aide d\u2019un antivol<\/b>\u2009\u00bb.<\/p>\n<p class=\" wall-content\">Rapidement, elle va signaler la disparition de sa trottinette \u00e0 la police. Heureusement pour elle, un t\u00e9moin \u00e0 vu la sc\u00e8ne et affirme avoir film\u00e9 les faits. Lorsque les forces de l\u2019ordre voient la sc\u00e8ne, ils reconnaissent tout de suite les deux individus, d\u00e9favorablement connus des services de police.<\/p>\n<p class=\" wall-content\">Le lendemain les policiers aper\u00e7oivent les deux hommes \u00e2g\u00e9s de 36 et 46\u00a0ans <b>place Buisses Lille,<\/b> entre les gares Lille Flandre et <a href=\"https:\/\/actu.fr\/tag\/lille-europe\" rel=\"nofollow noopener\" target=\"_blank\">Lille Europe<\/a>. Ils sont finalement interpell\u00e9s et <b>plac\u00e9s en garde \u00e0 vue.<\/b><\/p>\n<p class=\" wall-content\">Personnalisez votre actualit\u00e9 en ajoutant vos villes et m\u00e9dias en favori avec <a href=\"https:\/\/moncompte.actu.fr\" title=\"D\u00e9couvez Mon Actu\" rel=\"nofollow noopener\" data-trk=\"{&quot;cta&quot;:{&quot;action&quot;:&quot;https:\\\/\\\/moncompte.actu.fr&quot;,&quot;category&quot;:&quot;mon compte&quot;,&quot;from&quot;:&quot;article footer&quot;,&quot;name&quot;:&quot;Mon actu&quot;,&quot;type&quot;:&quot;cta&quot;}}\" target=\"_blank\">Mon Actu<\/a>.<\/p>\n","protected":false},"excerpt":{"rendered":"Par Bastien Grossin Publi\u00e9 le 22 ao\u00fbt 2025 \u00e0 11h42 Ce mercredi 20 ao\u00fbt 2025, deux hommes ont&hellip;\n","protected":false},"author":2,"featured_media":335931,"comment_status":"","ping_status":"","sticky":false,"template":"","format":"standard","meta":{"footnotes":""},"categories":[2815],"tags":[1111,11,1777,674,118,1011,27,811,1307,12,1072,25,6960],"class_list":{"0":"post-335930","1":"post","2":"type-post","3":"status-publish","4":"format-standard","5":"has-post-thumbnail","7":"category-lille","8":"tag-actu","9":"tag-actualites","10":"tag-eu","11":"tag-europe","12":"tag-faits-divers","13":"tag-fr","14":"tag-france","15":"tag-hauts-de-france","16":"tag-lille","17":"tag-news","18":"tag-police","19":"tag-republique-francaise","20":"tag-trottinette-electrique"},"share_on_mastodon":{"url":"https:\/\/pubeurope.com\/@fr\/115071870816963438","error":""},"_links":{"self":[{"href":"https:\/\/www.europesays.com\/fr\/wp-json\/wp\/v2\/posts\/335930","targetHints":{"allow":["GET"]}}],"collection":[{"href":"https:\/\/www.europesays.com\/fr\/wp-json\/wp\/v2\/posts"}],"about":[{"href":"https:\/\/www.europesays.com\/fr\/wp-json\/wp\/v2\/types\/post"}],"author":[{"embeddable":true,"href":"https:\/\/www.europesays.com\/fr\/wp-json\/wp\/v2\/users\/2"}],"replies":[{"embeddable":true,"href":"https:\/\/www.europesays.com\/fr\/wp-json\/wp\/v2\/comments?post=335930"}],"version-history":[{"count":0,"href":"https:\/\/www.europesays.com\/fr\/wp-json\/wp\/v2\/posts\/335930\/revisions"}],"wp:featuredmedia":[{"embeddable":true,"href":"https:\/\/www.europesays.com\/fr\/wp-json\/wp\/v2\/media\/335931"}],"wp:attachment":[{"href":"https:\/\/www.europesays.com\/fr\/wp-json\/wp\/v2\/media?parent=335930"}],"wp:term":[{"taxonomy":"category","embeddable":true,"href":"https:\/\/www.europesays.com\/fr\/wp-json\/wp\/v2\/categories?post=335930"},{"taxonomy":"post_tag","embeddable":true,"href":"https:\/\/www.europesays.com\/fr\/wp-json\/wp\/v2\/tags?post=335930"}],"curies":[{"name":"wp","href":"https:\/\/api.w.org\/{rel}","templated":true}]}}