{"id":335932,"date":"2025-08-22T10:09:10","date_gmt":"2025-08-22T10:09:10","guid":{"rendered":"https:\/\/www.europesays.com\/fr\/335932\/"},"modified":"2025-08-22T10:09:10","modified_gmt":"2025-08-22T10:09:10","slug":"vingt-trois-policiers-municipaux-marseillais-menaces-de-sanctions-disciplinaires","status":"publish","type":"post","link":"https:\/\/www.europesays.com\/fr\/335932\/","title":{"rendered":"Vingt-trois policiers municipaux marseillais menac\u00e9s de sanctions disciplinaires"},"content":{"rendered":"<p>Le conflit social au sein de la police municipale marseillaise n\u2019en finit plus de faire des vagues. 23 policiers municipaux ont re\u00e7u ces derniers jours un courrier les informant de l\u2019ouverture d\u2019une proc\u00e9dure disciplinaire \u00e0 leur encontre, <a href=\"https:\/\/www.lamarseillaise.fr\/social\/vingt-trois-policiers-municipaux-marseillais-menaces-de-sanctions-AH18680321\" target=\"_blank\" rel=\"noopener nofollow\">r\u00e9v\u00e8le La Marseillaise<\/a>. En cause, une gr\u00e8ve et une manifestation \u00e0 l\u2019appel de l\u2019alliance CFTC\/CGC-CFE et de la FSU en novembre dernier auxquelles ces agents auraient activement particip\u00e9.<\/p>\n<p>La mobilisation s\u2019\u00e9tait conclue par un envahissement des salles de l\u2019h\u00f4tel de ville. Dans la foul\u00e9e, la municipalit\u00e9 avait annonc\u00e9 d\u00e9poser plainte contre X et d\u00e9clench\u00e9 une enqu\u00eate administrative pour cette action militante qualifi\u00e9e de \u201ccomportement inappropri\u00e9\u201d et de \u201cmanquement au devoir d\u2019exemplarit\u00e9\u201c. Interrog\u00e9s par le quotidien, les syndicalistes voient dans cette d\u00e9cision une forme de r\u00e9pression syndicale. \u201cOn bafoue le droit de gr\u00e8ve en sanctionnant des gens qui ont exprim\u00e9 des choses dans ce cadre-l\u00e0\u201c, estime Philippe Angelelli, secr\u00e9taire g\u00e9n\u00e9ral de la CFTC. Depuis plusieurs mois, le service est r\u00e9guli\u00e8rement l\u2019objet de tensions alors que la municipalit\u00e9 a fait du renforcement de la police municipale l\u2019un des points forts de son bilan.<\/p>\n<p>                        Source : <a href=\"https:\/\/www.lamarseillaise.fr\/\" title=\"La Marseillaise\" rel=\"nofollow noopener\" target=\"_blank\">La Marseillaise<\/a><\/p>\n","protected":false},"excerpt":{"rendered":"Le conflit social au sein de la police municipale marseillaise n\u2019en finit plus de faire des vagues. 23&hellip;\n","protected":false},"author":2,"featured_media":335933,"comment_status":"","ping_status":"","sticky":false,"template":"","format":"standard","meta":{"footnotes":""},"categories":[2814],"tags":[1111,11,1777,674,1011,27,884,12,882,25],"class_list":{"0":"post-335932","1":"post","2":"type-post","3":"status-publish","4":"format-standard","5":"has-post-thumbnail","7":"category-marseille","8":"tag-actu","9":"tag-actualites","10":"tag-eu","11":"tag-europe","12":"tag-fr","13":"tag-france","14":"tag-marseille","15":"tag-news","16":"tag-provence-alpes-cote-dazur","17":"tag-republique-francaise"},"share_on_mastodon":{"url":"https:\/\/pubeurope.com\/@fr\/115071874834438775","error":""},"_links":{"self":[{"href":"https:\/\/www.europesays.com\/fr\/wp-json\/wp\/v2\/posts\/335932","targetHints":{"allow":["GET"]}}],"collection":[{"href":"https:\/\/www.europesays.com\/fr\/wp-json\/wp\/v2\/posts"}],"about":[{"href":"https:\/\/www.europesays.com\/fr\/wp-json\/wp\/v2\/types\/post"}],"author":[{"embeddable":true,"href":"https:\/\/www.europesays.com\/fr\/wp-json\/wp\/v2\/users\/2"}],"replies":[{"embeddable":true,"href":"https:\/\/www.europesays.com\/fr\/wp-json\/wp\/v2\/comments?post=335932"}],"version-history":[{"count":0,"href":"https:\/\/www.europesays.com\/fr\/wp-json\/wp\/v2\/posts\/335932\/revisions"}],"wp:featuredmedia":[{"embeddable":true,"href":"https:\/\/www.europesays.com\/fr\/wp-json\/wp\/v2\/media\/335933"}],"wp:attachment":[{"href":"https:\/\/www.europesays.com\/fr\/wp-json\/wp\/v2\/media?parent=335932"}],"wp:term":[{"taxonomy":"category","embeddable":true,"href":"https:\/\/www.europesays.com\/fr\/wp-json\/wp\/v2\/categories?post=335932"},{"taxonomy":"post_tag","embeddable":true,"href":"https:\/\/www.europesays.com\/fr\/wp-json\/wp\/v2\/tags?post=335932"}],"curies":[{"name":"wp","href":"https:\/\/api.w.org\/{rel}","templated":true}]}}