{"id":335934,"date":"2025-08-22T10:10:10","date_gmt":"2025-08-22T10:10:10","guid":{"rendered":"https:\/\/www.europesays.com\/fr\/335934\/"},"modified":"2025-08-22T10:10:10","modified_gmt":"2025-08-22T10:10:10","slug":"apres-laffaire-rabiot-rowe-suivez-la-conference-de-presse-de-roberto-de-zerbi-et-pierre-emile-hojbjerg-en-live","status":"publish","type":"post","link":"https:\/\/www.europesays.com\/fr\/335934\/","title":{"rendered":"apr\u00e8s l&rsquo;affaire Rabiot-Rowe, suivez la conf\u00e9rence de presse de Roberto De Zerbi et Pierre-Emile Hojbjerg en live"},"content":{"rendered":"<p>10h01<\/p>\n<p>Un spectateur sp\u00e9cial attendu au V\u00e9lodrome samedi<\/p>\n<p>Le propri\u00e9taire am\u00e9ricain de l&rsquo;Olympique de Marseille, Frank McCourt, sera pr\u00e9sent au V\u00e9lodrome samedi pour la r\u00e9ception du Paris FC (17h) dans le cadre de la deuxi\u00e8me journ\u00e9e de Ligue 1.<\/p>\n<p><a href=\"https:\/\/rmcsport.bfmtv.com\/football\/clubs\/olympique-marseille\/om-frank-mc-court-attendu-au-velodrome-samedi-pour-le-match-face-au-paris-fc_AV-202508200279.html\" title=\"OM: Frank McCourt attendu au V\u00e9lodrome samedi pour le match face au Paris FC\" class=\"internal_link\" rel=\"nofollow noopener\" target=\"_blank\">&gt;&gt; McCourt sera au V\u00e9lodrome contre le Paris FC<\/a><\/p>\n<p>09h48<\/p>\n<p>La contre-attaque de V\u00e9ronique Rabiot<\/p>\n<p>Alors que Pablo Longoria a \u00e9voqu\u00e9 un \u00ab\u00a0<a href=\"https:\/\/rmcsport.bfmtv.com\/football\/clubs\/olympique-marseille\/om-un-evenement-d-une-violence-extreme-quelque-chose-d-inoui-pablo-longoria-sort-du-silence-sur-l-affaire-rabiot-rowe_AV-202508200357.html\" title=\"OM: &quot;Un \u00e9v\u00e8nement d&#039;une violence extr\u00eame, quelque chose d&#039;inoui&quot;, Pablo Longoria sort du silence sur l&#039;affaire Rabiot-Rowe\" class=\"internal_link\" rel=\"nofollow noopener\" target=\"_blank\">\u00e9v\u00e9nement d&rsquo;une violence inou\u00efe<\/a>\u00a0\u00bb pour expliquer la d\u00e9cision de l&rsquo;OM de placer Adrien Rabiot (et Jonathan Rowe) sur la <a href=\"https:\/\/rmcsport.bfmtv.com\/football\/transferts\/mercato-l-om-place-officiellement-rabiot-et-rowe-sur-la-liste-des-transferts_AV-202508190472.html\" title=\"Mercato: l&#039;OM place officiellement Rabiot et Rowe sur la liste des transferts\" class=\"internal_link\" rel=\"nofollow noopener\" target=\"_blank\">liste des transferts<\/a>, la m\u00e8re et agente du milieu de terrain fran\u00e7ais <a href=\"https:\/\/rmcsport.bfmtv.com\/football\/ligue-1\/om-personne-n-a-ete-blesse-personne-n-est-alle-a-l-hopital-veronique-rabiot-conteste-la-version-de-pablo-longoria-sur-l-affaire-rabiot-rowe_AV-202508210499.html\" title=\"OM: &quot;Personne n&#039;a \u00e9t\u00e9 bless\u00e9, personne n&#039;est all\u00e9 \u00e0 l&#039;h\u00f4pital&quot;, V\u00e9ronique Rabiot conteste la version de Pablo Longoria sur l&#039;affaire Rabiot-Rowe\" class=\"internal_link\" rel=\"nofollow noopener\" target=\"_blank\">a contest\u00e9<\/a> cette version des faits dans un entretien \u00e0 RTL.<\/p>\n<p>V\u00e9ronique Rabiot s&rsquo;en est <a href=\"https:\/\/rmcsport.bfmtv.com\/football\/clubs\/olympique-marseille\/om-le-president-et-le-directeur-du-foot-ont-un-costume-trop-grand-pour-eux-veronique-rabiot-dezingue-longoria-et-benatia_AV-202508220030.html\" title=\"OM: &quot;le pr\u00e9sident et le directeur du foot ont un costume trop grand pour eux&quot;, V\u00e9ronique Rabiot d\u00e9zingue Longoria et Benatia\" class=\"internal_link\" rel=\"nofollow noopener\" target=\"_blank\">plus largement pris<\/a>, avec vigueur, \u00e0 la direction marseillaise. Selon elle, Pablo Longoria et Mehdi Benatia ont \u00ab\u00a0menti\u00a0\u00bb et les accusent d&rsquo;avoir \u00e9t\u00e9 \u00ab\u00a0d\u00e9vor\u00e9s par leur orgueil et leurs \u00e9gos surdimensionn\u00e9s\u00a0\u00bb.<\/p>\n<p>09h29<\/p>\n<p>L&rsquo;entretien exclusif de Benatia \u00e0 RMC Sport sur l&rsquo;affaire Rabiot-Rowe<\/p>\n<p>Directeur du football \u00e0 l\u2019Olympique de Marseille, Medhi Benatia <a href=\"https:\/\/rmcsport.bfmtv.com\/football\/clubs\/olympique-marseille\/om-une-decision-qui-fait-mal-mais-on-est-obliges-de-trancher-les-verites-de-medhi-benatia-sur-l-affaire-rabiot-rowe_AV-202508200422.html\" title=\"OM: &quot;Une d\u00e9cision qui fait mal, mais on est oblig\u00e9s de trancher&quot;, les v\u00e9rit\u00e9s de Medhi Benatia sur l&#039;affaire Rabiot-Rowe\" class=\"internal_link\" rel=\"nofollow noopener\" target=\"_blank\">s\u2019est confi\u00e9<\/a> mercredi \u00e0 RMC Sport apr\u00e8s la d\u00e9flagration de l\u2019affaire Rabiot-Rowe dans le vestiaire phoc\u00e9en.<\/p>\n<p><a href=\"https:\/\/rmcsport.bfmtv.com\/football\/clubs\/olympique-marseille\/om-le-best-of-de-l-entretien-avec-medhi-benatia-sur-l-affaire-rabiot-rowe_AV-202508210214.html\" title=\"OM: le best-of de l&#039;entretien avec Medhi Benatia sur l&#039;affaire Rabiot-Rowe\" class=\"internal_link\" rel=\"nofollow noopener\" target=\"_blank\">&gt;&gt;&gt; En voici les meilleurs moments.<\/a><\/p>\n<p>09h13<\/p>\n<p>C&rsquo;est d\u00e9j\u00e0 la crise \u00e0 l&rsquo;OM<\/p>\n<p>L\u2019Olympique de Marseille ne manquait pas d\u2019ambition au d\u00e9but de l\u2019\u00e9t\u00e9 mais le club connait une premi\u00e8re crise d\u00e8s la reprise du championnat apr\u00e8s la grosse altercation dans le vestiaire entre Adrien Rabiot et Jonathan Rowe, \u00e0 l&rsquo;issue de la d\u00e9faite contre Rennes vendredi dernier.<\/p>\n<p><a href=\"https:\/\/rmcsport.bfmtv.com\/football\/ligue-1\/om-du-reve-de-titre-au-chaos-comment-l-ete-des-marseillais-a-bascule_AV-202508190464.html\" title=\"OM: du r\u00eave de titre au chaos, comment l\u2019\u00e9t\u00e9 des Marseillais a bascul\u00e9\" class=\"internal_link\" rel=\"nofollow noopener\" target=\"_blank\">&gt;&gt;&gt; Du r\u00eave de titre au chaos, comment l\u2019\u00e9t\u00e9 des Marseillais a bascul\u00e9<\/a><\/p>\n<p>09h08<\/p>\n<p>Bonjour \u00e0 tous<\/p>\n<p>Et bienvenue dans ce direct comment\u00e9 de la conf\u00e9rence de presse de l&rsquo;OM en marge de la deuxi\u00e8me journ\u00e9e de Ligue 1. D\u00e9faits \u00e0 Rennes en ouverture <a href=\"https:\/\/rmcsport.bfmtv.com\/football\/ligue-1\/direct-rennes-marseille-suivez-en-live-le-premier-match-de-la-saison-2025-2026-de-ligue-1_LS-202508150325.html\" title=\"Ligue 1: \u00c0 10 contre 11, Rennes arrache la victoire face \u00e0 Marseille au bout du temps r\u00e9glementaire\" class=\"internal_link\" rel=\"nofollow noopener\" target=\"_blank\">(0-1),<\/a> les Phoc\u00e9ens recevront le Paris FC, lui aussi battu pour son premier match, samedi \u00e0 17h.<\/p>\n<p>Roberto De Zerbi et Pierre-Emile Hojbjerg sont attendus en conf\u00e9rence de presse ce vendredi \u00e0 13h30.<\/p>\n","protected":false},"excerpt":{"rendered":"10h01 Un spectateur sp\u00e9cial attendu au V\u00e9lodrome samedi Le propri\u00e9taire am\u00e9ricain de l&rsquo;Olympique de Marseille, Frank McCourt, sera&hellip;\n","protected":false},"author":2,"featured_media":335935,"comment_status":"","ping_status":"","sticky":false,"template":"","format":"standard","meta":{"footnotes":""},"categories":[2814],"tags":[1111,11,1777,674,1011,27,884,12,882,25],"class_list":{"0":"post-335934","1":"post","2":"type-post","3":"status-publish","4":"format-standard","5":"has-post-thumbnail","7":"category-marseille","8":"tag-actu","9":"tag-actualites","10":"tag-eu","11":"tag-europe","12":"tag-fr","13":"tag-france","14":"tag-marseille","15":"tag-news","16":"tag-provence-alpes-cote-dazur","17":"tag-republique-francaise"},"share_on_mastodon":{"url":"https:\/\/pubeurope.com\/@fr\/115071878749482718","error":""},"_links":{"self":[{"href":"https:\/\/www.europesays.com\/fr\/wp-json\/wp\/v2\/posts\/335934","targetHints":{"allow":["GET"]}}],"collection":[{"href":"https:\/\/www.europesays.com\/fr\/wp-json\/wp\/v2\/posts"}],"about":[{"href":"https:\/\/www.europesays.com\/fr\/wp-json\/wp\/v2\/types\/post"}],"author":[{"embeddable":true,"href":"https:\/\/www.europesays.com\/fr\/wp-json\/wp\/v2\/users\/2"}],"replies":[{"embeddable":true,"href":"https:\/\/www.europesays.com\/fr\/wp-json\/wp\/v2\/comments?post=335934"}],"version-history":[{"count":0,"href":"https:\/\/www.europesays.com\/fr\/wp-json\/wp\/v2\/posts\/335934\/revisions"}],"wp:featuredmedia":[{"embeddable":true,"href":"https:\/\/www.europesays.com\/fr\/wp-json\/wp\/v2\/media\/335935"}],"wp:attachment":[{"href":"https:\/\/www.europesays.com\/fr\/wp-json\/wp\/v2\/media?parent=335934"}],"wp:term":[{"taxonomy":"category","embeddable":true,"href":"https:\/\/www.europesays.com\/fr\/wp-json\/wp\/v2\/categories?post=335934"},{"taxonomy":"post_tag","embeddable":true,"href":"https:\/\/www.europesays.com\/fr\/wp-json\/wp\/v2\/tags?post=335934"}],"curies":[{"name":"wp","href":"https:\/\/api.w.org\/{rel}","templated":true}]}}