{"id":335936,"date":"2025-08-22T10:11:14","date_gmt":"2025-08-22T10:11:14","guid":{"rendered":"https:\/\/www.europesays.com\/fr\/335936\/"},"modified":"2025-08-22T10:11:14","modified_gmt":"2025-08-22T10:11:14","slug":"lyon-ville-des-lumieres-et-capitale-du-septieme-art","status":"publish","type":"post","link":"https:\/\/www.europesays.com\/fr\/335936\/","title":{"rendered":"Lyon, Ville des Lumi\u00e8res et capitale du septi\u00e8me art"},"content":{"rendered":"<p>\t\t\t\t\t\t\t\t\t\t\t\t\t\t\t\t\t\t\t\t\t\t<img loading=\"lazy\" decoding=\"async\" src=\"data:image\/svg+xml,%3Csvg%20xmlns=\" http:=\"\" class=\"img-fluid\" alt=\"cin\u00e9ma lyon article adresses cin\u00e9philes\" width=\"1024\" height=\"683\" data-lazy-src=\"https:\/\/www.europesays.com\/fr\/wp-content\/uploads\/2025\/08\/BeFunky-collage-2025-08-22T112519.828-1024x683.jpg\"\/><\/p>\n<p>Avis aux cin\u00e9philes. Lyon n\u2019est pas seulement la <strong>ville des Lumi\u00e8res<\/strong>\u2026 (des fr\u00e8res Lumi\u00e8re, inventeurs du cin\u00e9matographe), c\u2019est aussi <strong>le berceau du cin\u00e9ma<\/strong> ! En effet, invent\u00e9 par Auguste et Louis Lumi\u00e8re en 1895, le septi\u00e8me art fait partie int\u00e9grante de l\u2019ADN de la capitale des Gaules.\u00a0Entre <strong>le Mus\u00e9e Cin\u00e9ma &amp; Miniature<\/strong>, l\u2019<strong>Institut Lumi\u00e8re<\/strong>, ses <strong>cin\u00e9mas ind\u00e9pendants<\/strong> et ses <strong>lieux de tournage embl\u00e9matiques<\/strong>, Lyon est un terrain de jeu r\u00eav\u00e9 pour les amoureux du 7e art. Alors, la prochaine fois que vous cherchez que faire \u00e0 Lyon, oubliez Netflix et plongez dans la magie du cin\u00e9ma !<\/p>\n<p>Le Mus\u00e9e Cin\u00e9ma &amp; Miniature : dans les coulisses des plus grands films<\/p>\n<p><img decoding=\"async\" src=\"data:image\/svg+xml,%3Csvg%20xmlns=\" http:=\"\" alt=\"Mus\u00e9e miniature et cin\u00e9ma \u00e0 Lyon | 4 raisons de le visiter - Le blog du h\u00e9risson\" data-lazy-src=\"https:\/\/www.europesays.com\/fr\/wp-content\/uploads\/2025\/08\/musee-miniature-cinema-lyon-dan-olhmann-1024x734.jpg\"\/><\/p>\n<p>Impossible de parler de cin\u00e9ma \u00e0 Lyon sans \u00e9voquer le <strong>Mus\u00e9e Cin\u00e9ma &amp; Miniature<\/strong>, nich\u00e9 dans le Vieux-Lyon. V\u00e9ritable caverne d\u2019Ali Baba pour les passionn\u00e9s de cin\u00e9ma, il abrite des costumes, accessoires et d\u00e9cors originaux issus de films cultes comme Star Wars, Le Seigneur des Anneaux ou encore Harry Potter. Cerise sur le g\u00e2teau : il pr\u00e9sente les <strong>miniatures hyper-r\u00e9alistes de Dan Ohlmann<\/strong> qui recr\u00e9ent des sc\u00e8nes de vie avec une pr\u00e9cision \u00e0 couper le souffle. Une visite magique, aussi bien pour les grands que pour les enfants et un must-have pour tout amoureux du 7e art qui se respecte. Astuce : On vous conseille de <a href=\"https:\/\/feverup.com\/m\/396019\" rel=\"noopener noreferrer nofollow\" target=\"_blank\" class=\"shortcode-outbound-link\" data-has-ga=\"true\" data-ga-type=\"click\" data-label=\"https:\/\/feverup.com\/m\/396019\" data-action=\"text_cta_0\" data-tracked=\"1\" data-category=\"click_sales\" data-cp_smn_source=\"lyonsecret\" data-cp_smn_content=\"que-faire-a-lyon-cinema\" data-cp_smn_term=\"text_cta_0\">r\u00e9server vos billets<\/a> pour \u00e9viter la file d\u2019attente, surtout le week-end.<\/p>\n<p>L\u2019Institut Lumi\u00e8re : l\u00e0 o\u00f9 l\u2019histoire du Cin\u00e9ma a commenc\u00e9<\/p>\n<p><img fetchpriority=\"high\" decoding=\"async\" class=\"alignnone\" src=\"data:image\/svg+xml,%3Csvg%20xmlns=\" http:=\"\" alt=\"cin\u00e9mas lumi\u00e8re\" width=\"2048\" height=\"1367\" data-lazy-src=\"https:\/\/www.europesays.com\/fr\/wp-content\/uploads\/2025\/08\/486550946_1466147037689837_6054738724440819862_n.jpg\"\/><\/p>\n<p>Saviez-vous que<strong> la premi\u00e8re projection publique de cin\u00e9ma<\/strong> a eu lieu \u00e0 Lyon ? Direction <strong>l\u2019Institut Lumi\u00e8re<\/strong>, install\u00e9 dans l\u2019ancienne demeure des<strong> fr\u00e8res Lumi\u00e8re<\/strong>, pour une immersion dans l\u2019histoire du cin\u00e9ma, l\u00e0 o\u00f9 tout a commenc\u00e9. Entre les expositions,<strong> la salle de projection<\/strong> et le fameux hangar o\u00f9 fut tourn\u00e9e<strong> la premi\u00e8re sc\u00e8ne film\u00e9e<\/strong> (La Sortie de l\u2019usine Lumi\u00e8re), vous marchez litt\u00e9ralement sur les traces des pionniers du cin\u00e9ma. Chaque ann\u00e9e, il accueille le <strong>Festival Lumi\u00e8re<\/strong>, un rendez-vous incontournable qui attire les cin\u00e9philes du monde entier. Un \u00e9v\u00e9nement \u00e0 ne pas manquer si vous aimez regarder vos films pr\u00e9f\u00e9r\u00e9s projet\u00e9s sur grand \u00e9cran et rencontrer les plus grands r\u00e9alisateurs.<\/p>\n<p>Les cin\u00e9mas ind\u00e9pendants de Lyon : une ode \u00e0 la salle obscure !<\/p>\n<p>Si<strong> vous pr\u00e9f\u00e9rez les salles intimistes aux multiplexes<\/strong>, Lyon regorge de petites p\u00e9pites. Citons par exemple :<\/p>\n<ul>\n<li><strong>Le Comoedia<\/strong> (7e arrondissement), temple des films d\u2019auteur et des avant-premi\u00e8res.<\/li>\n<li><strong>Le CNP Bellecour<\/strong> et <strong>Le CNP Terreaux<\/strong>, pour une s\u00e9lection pointue et engag\u00e9e.<\/li>\n<li><strong>Le Zola<\/strong> \u00e0 Villeurbanne, r\u00e9put\u00e9 pour sa programmation ind\u00e9pendante et ses festivals.<\/li>\n<\/ul>\n<p>Ces lieux sont tout simplement parfaits pour d\u00e9couvrir des films rares et prolonger l\u2019exp\u00e9rience avec des d\u00e9bats passionn\u00e9s autour d\u2019un verre apr\u00e8s la s\u00e9ance.<\/p>\n<p>Les lieux de tournage \u00e0 Lyon : sur les pas des plus grandes stars de cin\u00e9ma<\/p>\n<p>De nombreux films ont \u00e9t\u00e9 tourn\u00e9s \u00e0 Lyon, et certains d\u00e9cors sont devenus iconiques. Baladez-vous dans le Vieux Lyon ou sur les quais du Rh\u00f4ne pour retrouver des ambiances dignes de cin\u00e9ma. Le<strong> quartier de la Croix-Rouss<\/strong>e a, lui aussi, servi de d\u00e9cor \u00e0 plusieurs productions fran\u00e7aises.<\/p>\n<p>Pour une exp\u00e9rience encore plus immersive, optez pour une <strong>visite guid\u00e9e \u201cLyon et le cin\u00e9ma\u201d<\/strong>, propos\u00e9e par <strong>l\u2019Office du tourisme<\/strong>, qui r\u00e9v\u00e8le les secrets de tournage et anecdotes croustillantes qui vous feront brilelr en soir\u00e9e.<\/p>\n","protected":false},"excerpt":{"rendered":"Avis aux cin\u00e9philes. Lyon n\u2019est pas seulement la ville des Lumi\u00e8res\u2026 (des fr\u00e8res Lumi\u00e8re, inventeurs du cin\u00e9matographe), c\u2019est&hellip;\n","protected":false},"author":2,"featured_media":335937,"comment_status":"","ping_status":"","sticky":false,"template":"","format":"standard","meta":{"footnotes":""},"categories":[1889],"tags":[1111,11,2430,1777,674,1011,27,2428,12,25],"class_list":{"0":"post-335936","1":"post","2":"type-post","3":"status-publish","4":"format-standard","5":"has-post-thumbnail","7":"category-lyon","8":"tag-actu","9":"tag-actualites","10":"tag-auvergne-rhone-alpes","11":"tag-eu","12":"tag-europe","13":"tag-fr","14":"tag-france","15":"tag-lyon","16":"tag-news","17":"tag-republique-francaise"},"share_on_mastodon":{"url":"https:\/\/pubeurope.com\/@fr\/115071882676418589","error":""},"_links":{"self":[{"href":"https:\/\/www.europesays.com\/fr\/wp-json\/wp\/v2\/posts\/335936","targetHints":{"allow":["GET"]}}],"collection":[{"href":"https:\/\/www.europesays.com\/fr\/wp-json\/wp\/v2\/posts"}],"about":[{"href":"https:\/\/www.europesays.com\/fr\/wp-json\/wp\/v2\/types\/post"}],"author":[{"embeddable":true,"href":"https:\/\/www.europesays.com\/fr\/wp-json\/wp\/v2\/users\/2"}],"replies":[{"embeddable":true,"href":"https:\/\/www.europesays.com\/fr\/wp-json\/wp\/v2\/comments?post=335936"}],"version-history":[{"count":0,"href":"https:\/\/www.europesays.com\/fr\/wp-json\/wp\/v2\/posts\/335936\/revisions"}],"wp:featuredmedia":[{"embeddable":true,"href":"https:\/\/www.europesays.com\/fr\/wp-json\/wp\/v2\/media\/335937"}],"wp:attachment":[{"href":"https:\/\/www.europesays.com\/fr\/wp-json\/wp\/v2\/media?parent=335936"}],"wp:term":[{"taxonomy":"category","embeddable":true,"href":"https:\/\/www.europesays.com\/fr\/wp-json\/wp\/v2\/categories?post=335936"},{"taxonomy":"post_tag","embeddable":true,"href":"https:\/\/www.europesays.com\/fr\/wp-json\/wp\/v2\/tags?post=335936"}],"curies":[{"name":"wp","href":"https:\/\/api.w.org\/{rel}","templated":true}]}}