{"id":335938,"date":"2025-08-22T10:12:13","date_gmt":"2025-08-22T10:12:13","guid":{"rendered":"https:\/\/www.europesays.com\/fr\/335938\/"},"modified":"2025-08-22T10:12:13","modified_gmt":"2025-08-22T10:12:13","slug":"lyon-un-camion-sencastre-sous-la-tremie-de-la-part-dieu-un-de-plus","status":"publish","type":"post","link":"https:\/\/www.europesays.com\/fr\/335938\/","title":{"rendered":"Lyon. Un camion s\u2019encastre sous la tr\u00e9mie de la Part-Dieu, un de plus\u00a0!"},"content":{"rendered":"<p>Comme une impression de d\u00e9j\u00e0-vu, dans le quartier de la Part-Dieu. Ce vendredi 22\u00a0ao\u00fbt, vers 11 heures, un camion s\u2019est encastr\u00e9 sous la tr\u00e9mie, rue de la Villette (Lyon 3e). La hauteur du v\u00e9hicule accident\u00e9 d\u00e9passait manifestement celle autoris\u00e9e (2,60 m\u00e8tres) \u00e0 l\u2019entr\u00e9e du tunnel.<\/p>\n<p>Ce ph\u00e9nom\u00e8ne n\u2019est pas rare, et c\u2019est peu dire. Ces derni\u00e8res ann\u00e9es, <a href=\"https:\/\/www.google.com\/search?q=accident+tr%25C3%25A9mie+part+dieu+site%253Ble+progres.fr&amp;sca_esv=ce44fb6aa5ce43e4&amp;sxsrf=AE3TifPLbEhe07O0LROdde5ok5X4-XFn4A%253A1755856109331&amp;ei=7TyoaLq8E6DU7M8Ps_bp2Qw&amp;ved=0ahUKEwj65rDdkZ6PAxUgKvsDHTN7OssQ4dUDCBA&amp;uact=5&amp;oq=accident+tr%25C3%25A9mie+part+dieu+site%253Ble+progres.fr&amp;gs_lp=Egxnd3Mtd2l6LXNlcnAiLWFjY2lkZW50IHRyw6ltaWUgcGFydCBkaWV1IHNpdGU7bGUgcHJvZ3Jlcy5mcjIIECEYoAEYwwRItRNQhgdY3hBwAXgAkAEAmAFsoAHWBaoBAzguMbgBA8gBAPgBAZgCCaACngXCAggQABiwAxjvBcICCxAAGIAEGLADGKIEwgILEAAYsAMYogQYiQXCAgcQIxiwAhgnwgIIEAAYgAQYogTCAggQABiiBBiJBcICBRAAGO8FwgIKECEYoAEYwwQYCpgDAIgGAZAGBZIHAzguMaAHrzqyBwM3LjG4B5wFwgcDMC45yAcO&amp;sclient=gws-wiz-serp\" target=\"_blank\" rel=\"noopener\">bon nombre de\u00a0camions ou bus hors gabarit<\/a> se sont emplafonn\u00e9s au m\u00eame endroit, ou sont rest\u00e9s coinc\u00e9s sous la m\u00eame tr\u00e9mie de la Part-Dieu. Le dernier accident port\u00e9 \u00e0 notre connaissance remonte au mois d\u2019octobre\u00a02024.\u00a0Un camion de livraison avait arrach\u00e9 sa structure arri\u00e8re.<\/p>\n<p>  10 v\u00e9hicules hors gabarit par an<\/p>\n<p>Cet axe de la Villette, qui relie le cours Lafayette \u00e0 la rue Paul-Bert, est tr\u00e8s fr\u00e9quent\u00e9\u00a0; plus de 10\u00a0000 v\u00e9hicules l\u2019empruntent au quotidien.<\/p>\n<p>Ce contenu est bloqu\u00e9 car vous n&rsquo;avez pas accept\u00e9 les cookies et autres traceurs.<\/p>\n<p>En cliquant sur \u00ab J\u2019accepte \u00bb, les cookies et autres traceurs seront d\u00e9pos\u00e9s et vous pourrez visualiser les contenus  (<a href=\"\" class=\"consentModule_policy\" target=\"_blank\" title=\"Consulter la politique de protection des donn\u00e9es du fournisseur\">plus d&rsquo;informations<\/a>).<\/p>\n<p>En cliquant sur \u00ab J\u2019accepte tous les cookies \u00bb, vous autorisez des d\u00e9p\u00f4ts de cookies et autres traceurs pour le stockage de vos donn\u00e9es sur nos sites et applications \u00e0 des fins de personnalisation et de ciblage publicitaire.<\/p>\n<p class=\"consentModule_secondaryText\">Vous gardez la possibilit\u00e9 de retirer votre consentement \u00e0 tout moment en consultant notre <a href=\"https:\/\/www.leprogres.fr\/protection-des-donnees\" target=\"_blank\" title=\"Consulter notre politique de protection des donn\u00e9es\" rel=\"noopener\">politique de protection des donn\u00e9es<\/a>. <br \/>&#13;<br \/>\n            <a href=\"https:\/\/www.leprogres.fr\/transport\/2025\/08\/22\/javascript:Didomi.notice.show()\" class=\"consentModule_cmp\" target=\"_blank\" rel=\"noopener\">G\u00e9rer mes choix<\/a>&#13;\n        <\/p>\n<p>&#13;<br \/>\n                        J&rsquo;accepte&#13;<br \/>\n            J&rsquo;accepte tous les cookies&#13;\n        <\/p>\n<p>Selon la M\u00e9tropole de Lyon, il enregistre aussi\u00a0chaque ann\u00e9e le passage d\u2019environ 10 v\u00e9hicules hors gabarit, le plus souvent apr\u00e8s des erreurs d\u2019itin\u00e9raire.<\/p>\n","protected":false},"excerpt":{"rendered":"Comme une impression de d\u00e9j\u00e0-vu, dans le quartier de la Part-Dieu. Ce vendredi 22\u00a0ao\u00fbt, vers 11 heures, un&hellip;\n","protected":false},"author":2,"featured_media":335939,"comment_status":"","ping_status":"","sticky":false,"template":"","format":"standard","meta":{"footnotes":""},"categories":[1889],"tags":[1111,11,2430,3542,2757,1777,674,1011,27,2428,2756,12,25,2429,2803],"class_list":{"0":"post-335938","1":"post","2":"type-post","3":"status-publish","4":"format-standard","5":"has-post-thumbnail","7":"category-lyon","8":"tag-actu","9":"tag-actualites","10":"tag-auvergne-rhone-alpes","11":"tag-circulation","12":"tag-edition-lyon-villeurbanne","13":"tag-eu","14":"tag-europe","15":"tag-fr","16":"tag-france","17":"tag-lyon","18":"tag-lyon-bassin","19":"tag-news","20":"tag-republique-francaise","21":"tag-rhone","22":"tag-transport"},"share_on_mastodon":{"url":"https:\/\/pubeurope.com\/@fr\/115071886468987395","error":""},"_links":{"self":[{"href":"https:\/\/www.europesays.com\/fr\/wp-json\/wp\/v2\/posts\/335938","targetHints":{"allow":["GET"]}}],"collection":[{"href":"https:\/\/www.europesays.com\/fr\/wp-json\/wp\/v2\/posts"}],"about":[{"href":"https:\/\/www.europesays.com\/fr\/wp-json\/wp\/v2\/types\/post"}],"author":[{"embeddable":true,"href":"https:\/\/www.europesays.com\/fr\/wp-json\/wp\/v2\/users\/2"}],"replies":[{"embeddable":true,"href":"https:\/\/www.europesays.com\/fr\/wp-json\/wp\/v2\/comments?post=335938"}],"version-history":[{"count":0,"href":"https:\/\/www.europesays.com\/fr\/wp-json\/wp\/v2\/posts\/335938\/revisions"}],"wp:featuredmedia":[{"embeddable":true,"href":"https:\/\/www.europesays.com\/fr\/wp-json\/wp\/v2\/media\/335939"}],"wp:attachment":[{"href":"https:\/\/www.europesays.com\/fr\/wp-json\/wp\/v2\/media?parent=335938"}],"wp:term":[{"taxonomy":"category","embeddable":true,"href":"https:\/\/www.europesays.com\/fr\/wp-json\/wp\/v2\/categories?post=335938"},{"taxonomy":"post_tag","embeddable":true,"href":"https:\/\/www.europesays.com\/fr\/wp-json\/wp\/v2\/tags?post=335938"}],"curies":[{"name":"wp","href":"https:\/\/api.w.org\/{rel}","templated":true}]}}