{"id":335942,"date":"2025-08-22T10:16:12","date_gmt":"2025-08-22T10:16:12","guid":{"rendered":"https:\/\/www.europesays.com\/fr\/335942\/"},"modified":"2025-08-22T10:16:12","modified_gmt":"2025-08-22T10:16:12","slug":"la-troupe-dorigine-se-reforme-pour-les-25-ans-de-la-comedie-musicale","status":"publish","type":"post","link":"https:\/\/www.europesays.com\/fr\/335942\/","title":{"rendered":"la troupe d&rsquo;origine se reforme pour les 25 ans de la com\u00e9die musicale"},"content":{"rendered":"<p><img decoding=\"async\" src=\"https:\/\/www.europesays.com\/fr\/wp-content\/uploads\/2025\/08\/photo_1755855552.jpg\" class=\"textcenter img-content\" loading=\"lazy\"\/>Instagram<br \/>\n<br \/>\nEn 1998, la com\u00e9die musicale <a href=\"https:\/\/www.chartsinfrance.net\/Garou\/news-132066.html\" target=\"_blank\" class=\"spip_out\" rel=\"nofollow noopener\">\u00ab\u00a0Notre Dame de Paris\u00a0\u00bb<\/a> triomphait \u00e0 Paris et en tourn\u00e9e dans toute la France, tout en devenant un ph\u00e9nom\u00e8ne dans les charts gr\u00e2ce notamment au tube <a href=\"https:\/\/www.chartsinfrance.net\/actualite\/news-121676.html\" target=\"_blank\" class=\"spip_out\" rel=\"nofollow noopener\">\u00ab\u00a0Belle\u00a0\u00bb<\/a>. Un spectacle qui a permis de r\u00e9v\u00e9ler de nombreux talents au public, de Patrick Fiori \u00e0 H\u00e9l\u00e8ne S\u00e9gara en passant par Garou et Julie Zenatti. Pour c\u00e9l\u00e9brer les 25 ans de ce succ\u00e8s sans pr\u00e9c\u00e9dent, \u00e0 l&rsquo;initiative de Luc Plamondon et Richard Cocciante, une soir\u00e9e sp\u00e9ciale a \u00e9t\u00e9 annonc\u00e9e chez nos voisins qu\u00e9b\u00e9cois. \u00ab \u00c0 cette occasion, le casting original de cette magnifique com\u00e9die musicale sera r\u00e9uni pour un \u00e9v\u00e9nement magique \u00bb a \u00e9crit l&rsquo;interpr\u00e8te d&rsquo;Esmeralda sur Instagram, heureuse de retrouver celles et ceux qui ont v\u00e9cu cette aventure unique \u00e0 ses c\u00f4t\u00e9s.<\/p>\n<p>Le player Dailymotion est en train de se charger&#8230;<\/p>\n<p>\u00ab\u00a0Plus de 30.000 billets vendus en un \u00e9clair\u00a0\u00bb<br \/>\n\u00ab Plus de 30.000 billets vendus en un \u00e9clair pour un concert complet \u00e0 l&rsquo;agora de Qu\u00e9bec. H\u00e2te de retrouver le public canadien et si seulement un tel \u00e9v\u00e9nement pouvait aussi se faire en France \u00bb a poursuivi H\u00e9l\u00e8ne S\u00e9gara, avant de d\u00e9voiler quelques images des r\u00e9p\u00e9titions. Le grand soir est arriv\u00e9 ! Baptis\u00e9 \u00ab\u00a0Notre Dame de Paris &#8211; Les grandes retrouvailles, 25 ans apr\u00e8s\u00a0\u00bb, le concert a eu lieu au festival de la SuperFrancoF\u00eate ce 20 ao\u00fbt \u00e0 l&rsquo;Agora du Qu\u00e9bec. Sur sc\u00e8ne, Garou, H\u00e9l\u00e8ne S\u00e9gara, Daniel Lavoie, Patrick Fiori, Julie Zenatti ou Bruno Pelletier ont repris leur r\u00f4le de Quasimodo, Esmeralda, Frollo, Phoebus, Fleur de Lys et Gringoire pour le plus grand bonheur des spectateurs.<\/p>\n<blockquote class=\"instagram-media\" data-instgrm-permalink=\"https:\/\/www.instagram.com\/p\/DNn0NNrAtUc\/?utm_source=ig_embed&amp;utm_campaign=loading\" data-instgrm-version=\"14\" style=\" background:#FFF; border:0; border-radius:3px; box-shadow:0 0 1px 0 rgba(0,0,0,0.5),0 1px 10px 0 rgba(0,0,0,0.15); margin: 1px; max-width:540px; min-width:326px; padding:0; width:99.375%; width:-webkit-calc(100% - 2px); width:calc(100% - 2px);\"\/>\n<p>L&rsquo;occasion de faire vibrer \u00e0 nouveau le public avec les chansons <a href=\"https:\/\/www.chartsinfrance.net\/actualite\/news-109958.html\" target=\"_blank\" class=\"spip_out\" rel=\"nofollow noopener\">\u00ab\u00a0Le temps des cath\u00e9drales\u00a0\u00bb<\/a>, \u00ab\u00a0Belle\u00a0\u00bb, \u00ab\u00a0Vivre\u00a0\u00bb (en trio par Natasha St-Pier, H\u00e9l\u00e8ne S\u00e9gara et Julie Zanetti), \u00ab\u00a0D\u00e9chir\u00e9\u00a0\u00bb ou \u00ab\u00a0Les sans-papiers\u00a0\u00bb dans un d\u00e9cor de cath\u00e9drale et entour\u00e9s d&rsquo;un orchestre. Un moment \u00ab magique \u00bb pour H\u00e9l\u00e8ne S\u00e9gara tandis que Garou a publi\u00e9 plusieurs photographies du concert sur son compte Instagram : \u00ab 25 ans plus tard, un \u00e9v\u00e9nement d&rsquo;amour, d&rsquo;amiti\u00e9 et de partage, avec une soir\u00e9e pleine d&rsquo;\u00e9motions. Merci pour ces retrouvailles inoubliables \u00bb. Bonne nouvelle : le spectacle a \u00e9t\u00e9 capt\u00e9 afin d&rsquo;\u00eatre diffus\u00e9 prochainement sur Radio-Canada et M6 !<\/p>\n<p><script async src=\"\/\/www.instagram.com\/embed.js\"><\/script><\/p>\n","protected":false},"excerpt":{"rendered":"Instagram En 1998, la com\u00e9die musicale \u00ab\u00a0Notre Dame de Paris\u00a0\u00bb triomphait \u00e0 Paris et en tourn\u00e9e dans toute&hellip;\n","protected":false},"author":2,"featured_media":335943,"comment_status":"","ping_status":"","sticky":false,"template":"","format":"standard","meta":{"footnotes":""},"categories":[1888],"tags":[1111,1928,11,1927,1777,674,1011,27,12,1926,626,1925,25],"class_list":{"0":"post-335942","1":"post","2":"type-post","3":"status-publish","4":"format-standard","5":"has-post-thumbnail","7":"category-paris","8":"tag-actu","9":"tag-actu-paris","10":"tag-actualites","11":"tag-actualites-paris","12":"tag-eu","13":"tag-europe","14":"tag-fr","15":"tag-france","16":"tag-news","17":"tag-news-paris","18":"tag-paris","19":"tag-paris-news","20":"tag-republique-francaise"},"share_on_mastodon":{"url":"https:\/\/pubeurope.com\/@fr\/115071902578689768","error":""},"_links":{"self":[{"href":"https:\/\/www.europesays.com\/fr\/wp-json\/wp\/v2\/posts\/335942","targetHints":{"allow":["GET"]}}],"collection":[{"href":"https:\/\/www.europesays.com\/fr\/wp-json\/wp\/v2\/posts"}],"about":[{"href":"https:\/\/www.europesays.com\/fr\/wp-json\/wp\/v2\/types\/post"}],"author":[{"embeddable":true,"href":"https:\/\/www.europesays.com\/fr\/wp-json\/wp\/v2\/users\/2"}],"replies":[{"embeddable":true,"href":"https:\/\/www.europesays.com\/fr\/wp-json\/wp\/v2\/comments?post=335942"}],"version-history":[{"count":0,"href":"https:\/\/www.europesays.com\/fr\/wp-json\/wp\/v2\/posts\/335942\/revisions"}],"wp:featuredmedia":[{"embeddable":true,"href":"https:\/\/www.europesays.com\/fr\/wp-json\/wp\/v2\/media\/335943"}],"wp:attachment":[{"href":"https:\/\/www.europesays.com\/fr\/wp-json\/wp\/v2\/media?parent=335942"}],"wp:term":[{"taxonomy":"category","embeddable":true,"href":"https:\/\/www.europesays.com\/fr\/wp-json\/wp\/v2\/categories?post=335942"},{"taxonomy":"post_tag","embeddable":true,"href":"https:\/\/www.europesays.com\/fr\/wp-json\/wp\/v2\/tags?post=335942"}],"curies":[{"name":"wp","href":"https:\/\/api.w.org\/{rel}","templated":true}]}}