{"id":335944,"date":"2025-08-22T10:17:12","date_gmt":"2025-08-22T10:17:12","guid":{"rendered":"https:\/\/www.europesays.com\/fr\/335944\/"},"modified":"2025-08-22T10:17:12","modified_gmt":"2025-08-22T10:17:12","slug":"lignes-c-du-rer-ligne-h-du-transilien-gare-aux-perturbations-ce-week-end-des-23-et-24-aout","status":"publish","type":"post","link":"https:\/\/www.europesays.com\/fr\/335944\/","title":{"rendered":"Lignes C du RER, ligne H du Transilien&#8230; Gare aux perturbations ce week-end des 23 et 24 ao\u00fbt"},"content":{"rendered":"<p class=\"paragraph text_align_left lp-f-body-02\">C\u2019est l\u2019\u00e9t\u00e9 de tous les chantiers sur les r\u00e9seaux de transport en commun de la r\u00e9gion parisienne. Apr\u00e8s l\u2019\u00e9t\u00e9 2024 o\u00f9, Jeux olympiques obligent, les travaux d\u2019entretien avaient \u00e9t\u00e9 suspendus, cette ann\u00e9e, que ce soit du c\u00f4t\u00e9 de la RATP ou de la SNCF, on met les bouch\u00e9es doubles pour <a href=\"https:\/\/www.leparisien.fr\/info-paris-ile-de-france-oise\/transports\/de-la-haute-couture-on-a-visite-le-chantier-de-renouvellement-des-rails-du-rer-c-02-08-2025-CVCCCWNO2RG6FAXQVFSWRKOZWQ.php\" target=\"_self\" rel=\"noopener\">r\u00e9nover les voies<\/a> et autres stations. Mais au-del\u00e0 de ces op\u00e9rations d\u2019envergure qui se sont \u00e9tal\u00e9es tout l\u2019\u00e9t\u00e9, d\u2019autres op\u00e9rations plus courtes ont aussi lieu ce week-end. Deux lignes sont principalement concern\u00e9es : le RER C et la ligne H. <\/p>\n<p><img decoding=\"async\" class=\"image \" loading=\"lazy\" src=\"https:\/\/www.europesays.com\/fr\/wp-content\/uploads\/2025\/08\/RNX2XDVXKN3GOJTIVMWNRYYIIU.jpg\" alt=\"Illustration.  Des travaux nocturnes vont occasionner des coupures sur les lignes C et H le week-end des 23 et 24 aout 2025. \" align=\"\" data-rubrique-principale=\"\" data-article-type=\"\" fetchpriority=\"auto\"\/><b>Illustration.<\/b>  Des travaux nocturnes vont occasionner des coupures sur les lignes C et H le week-end des 23 et 24 aout 2025.<\/p>\n<p class=\"paragraph text_align_left lp-f-body-02\">La ligne H qui dessert le Nord-Ouest de l\u2019\u00eele de France va \u00eatre perturb\u00e9e samedi et dimanche. Le trafic sera interrompu tout le week-end entre Ermont-Eaubonne et Persan-Beaumont via Valmondois dans le Val-d\u2019Oise. Pour permettre n\u00e9anmoins aux usagers de se d\u00e9placer, un service de bus de remplacement sera mis en place entre Ermont-Eaubonne et Persan-Beaumont. Les gares interm\u00e9diaires seront ainsi desservies.<\/p>\n<p class=\"paragraph text_align_left lp-f-body-02\">Sur la ligne C c\u2019est la soir\u00e9e de dimanche qui s\u2019annonce compliqu\u00e9e pour les voyageurs. \u00c0 partir de 23h45 et jusqu\u2019en fin de service, le trafic sera interrompu entre Dourdan en Essonne et la gare de Paris Austerlitz. Le dernier train partant de Dourdan sera \u00e0 21h07. Et le dernier train partant de Paris Austerlitz pour Dourdan sera \u00e0 22h15.<\/p>\n<p class=\"paragraph text_align_left lp-f-body-02\">Sur le m\u00eame cr\u00e9neau horaire, le trafic sera aussi interrompu entre Saint-Martin d\u2019\u00c9tampes et Paris Austerlitz. Le dernier train au d\u00e9part de Saint-Martin d\u2019\u00c9tampes pour Paris Austerlitz partira \u00e0 21h41, tandis que le dernier d\u00e9part de Paris Austerlitz pour Saint-Martin d\u2019\u00c9tampes aura lieu \u00e0 22h45.<\/p>\n<p class=\"paragraph text_align_left lp-f-body-02\">Un service de bus de remplacement est \u00e9galement pr\u00e9vu, avec desserte des gares interm\u00e9diaires.<\/p>\n","protected":false},"excerpt":{"rendered":"C\u2019est l\u2019\u00e9t\u00e9 de tous les chantiers sur les r\u00e9seaux de transport en commun de la r\u00e9gion parisienne. Apr\u00e8s&hellip;\n","protected":false},"author":2,"featured_media":335945,"comment_status":"","ping_status":"","sticky":false,"template":"","format":"standard","meta":{"footnotes":""},"categories":[1888],"tags":[11,1777,674,1011,27,1944,12,626,25,2382],"class_list":{"0":"post-335944","1":"post","2":"type-post","3":"status-publish","4":"format-standard","5":"has-post-thumbnail","7":"category-paris","8":"tag-actualites","9":"tag-eu","10":"tag-europe","11":"tag-fr","12":"tag-france","13":"tag-ma-ville","14":"tag-news","15":"tag-paris","16":"tag-republique-francaise","17":"tag-transport-idf-oise"},"share_on_mastodon":{"url":"https:\/\/pubeurope.com\/@fr\/115071906270232604","error":""},"_links":{"self":[{"href":"https:\/\/www.europesays.com\/fr\/wp-json\/wp\/v2\/posts\/335944","targetHints":{"allow":["GET"]}}],"collection":[{"href":"https:\/\/www.europesays.com\/fr\/wp-json\/wp\/v2\/posts"}],"about":[{"href":"https:\/\/www.europesays.com\/fr\/wp-json\/wp\/v2\/types\/post"}],"author":[{"embeddable":true,"href":"https:\/\/www.europesays.com\/fr\/wp-json\/wp\/v2\/users\/2"}],"replies":[{"embeddable":true,"href":"https:\/\/www.europesays.com\/fr\/wp-json\/wp\/v2\/comments?post=335944"}],"version-history":[{"count":0,"href":"https:\/\/www.europesays.com\/fr\/wp-json\/wp\/v2\/posts\/335944\/revisions"}],"wp:featuredmedia":[{"embeddable":true,"href":"https:\/\/www.europesays.com\/fr\/wp-json\/wp\/v2\/media\/335945"}],"wp:attachment":[{"href":"https:\/\/www.europesays.com\/fr\/wp-json\/wp\/v2\/media?parent=335944"}],"wp:term":[{"taxonomy":"category","embeddable":true,"href":"https:\/\/www.europesays.com\/fr\/wp-json\/wp\/v2\/categories?post=335944"},{"taxonomy":"post_tag","embeddable":true,"href":"https:\/\/www.europesays.com\/fr\/wp-json\/wp\/v2\/tags?post=335944"}],"curies":[{"name":"wp","href":"https:\/\/api.w.org\/{rel}","templated":true}]}}