{"id":335948,"date":"2025-08-22T10:19:13","date_gmt":"2025-08-22T10:19:13","guid":{"rendered":"https:\/\/www.europesays.com\/fr\/335948\/"},"modified":"2025-08-22T10:19:13","modified_gmt":"2025-08-22T10:19:13","slug":"la-russie-poursuit-sa-progression-a-lest-du-pays-lexpress","status":"publish","type":"post","link":"https:\/\/www.europesays.com\/fr\/335948\/","title":{"rendered":"la Russie poursuit sa progression \u00e0 l\u2019est du pays \u2013 L&rsquo;Express"},"content":{"rendered":"<p class=\"paragraph article-body-paragraph article__item article-body-paragraph--live  \">La <a href=\"https:\/\/www.lexpress.fr\/monde\/europe\/guerre-en-ukraine-le-casse-tete-diplomatique-du-futur-sommet-poutine-zelensky-D4BJNMRTCVE3BAXX2TSUEPSKDM\/\" target=\"_self\" rel=\"nofollow noopener\" title=\"https:\/\/www.lexpress.fr\/monde\/europe\/guerre-en-ukraine-le-casse-tete-diplomatique-du-futur-sommet-poutine-zelensky-D4BJNMRTCVE3BAXX2TSUEPSKDM\/\">rencontre entre Vladimir Poutine et Volodymyr Zelensky<\/a>, annonc\u00e9e lundi avec confiance par Donald Trump, aura-t-elle vraiment lieu ? <a href=\"https:\/\/www.lexpress.fr\/monde\/europe\/guerre-en-ukraine-le-sommet-poutine-zelensky-une-rencontre-bien-incertaine-AP6CXL6I4RA3NINKVGDOTGZT7M\/\" target=\"_self\" rel=\"nofollow noopener\" title=\"https:\/\/www.lexpress.fr\/monde\/europe\/guerre-en-ukraine-le-sommet-poutine-zelensky-une-rencontre-bien-incertaine-AP6CXL6I4RA3NINKVGDOTGZT7M\/\">Le doute est permis<\/a> face aux derni\u00e8res d\u00e9clarations de Moscou. Apr\u00e8s avoir soulign\u00e9 mercredi qu\u2019une telle r\u00e9union devait \u00eatre pr\u00e9par\u00e9e minutieusement, le ministre russe des Affaires \u00e9trang\u00e8res Sergue\u00ef Lavrov a reproch\u00e9 jeudi \u00e0 l\u2019Ukraine de ne pas \u00eatre \u00ab\u00a0int\u00e9ress\u00e9e par un r\u00e8glement juste et durable\u00a0\u00bb du conflit. En retour, <a href=\"https:\/\/www.lexpress.fr\/monde\/europe\/ukraine-la-russie-a-lance-plus-de-600-drones-et-missiles-pendant-la-nuit-un-record-depuis-un-mois-VXCOK3WGIRHWDA5WCBMWULL7PM\/\" target=\"_self\" rel=\"nofollow noopener\" title=\"https:\/\/www.lexpress.fr\/monde\/europe\/ukraine-la-russie-a-lance-plus-de-600-drones-et-missiles-pendant-la-nuit-un-record-depuis-un-mois-VXCOK3WGIRHWDA5WCBMWULL7PM\/\">Volodymyr Zelensky<\/a> a accus\u00e9 son homologue russe de vouloir \u00ab\u00a0se soustraire\u00a0\u00bb \u00e0 leur rencontre. \u00ab\u00a0A l\u2019heure actuelle, les signaux envoy\u00e9s par la Russie sont tout simplement ind\u00e9cents\u00a0\u00bb, a-t-il constat\u00e9, alors que les troupes ennemies \u00ab\u00a0poursuivent leurs attaques massives contre l\u2019Ukraine et leurs assauts f\u00e9roces le long de la ligne de front\u00a0\u00bb. De son c\u00f4t\u00e9, Donald Trump a reconnu qu\u2019il n\u2019en saurait davantage sur les chances de paix que \u00ab\u00a0dans les deux prochaines semaines\u00a0\u00bb.<\/p>\n<p class=\"paragraph article-body-paragraph article__item article-body-paragraph--live  \"><b>Les infos \u00e0 retenir<\/b><\/p>\n<p class=\"paragraph article-body-paragraph article__item article-body-paragraph--live  \">\u21d2 La Russie revendique la prise de trois villages dans la r\u00e9gion de Donetsk<\/p>\n<p class=\"paragraph article-body-paragraph article__item article-body-paragraph--live  \">\u21d2 Donald Trump en saura plus \u00ab\u00a0dans les deux prochaines semaines\u00a0\u00bb sur les chances de paix<\/p>\n<p class=\"paragraph article-body-paragraph article__item article-body-paragraph--live  \">\u21d2 Kim Jong-un d\u00e9core ses soldats d\u00e9ploy\u00e9s en soutien de la Russie contre l\u2019Ukraine<\/p>\n<p>La Russie revendique la prise de trois villages dans la r\u00e9gion de Donetsk<\/p>\n<p class=\"paragraph article-body-paragraph article__item article-body-paragraph--live  \">La <a href=\"https:\/\/www.lexpress.fr\/monde\/europe\/ukraine-la-russie-accusee-de-tortures-sexuelles-horribles-sur-des-civils-4BQT7YRP4VA4LOPUIIRQ3ASFOI\/\" target=\"_self\" rel=\"nofollow noopener\" title=\"https:\/\/www.lexpress.fr\/monde\/europe\/ukraine-la-russie-accusee-de-tortures-sexuelles-horribles-sur-des-civils-4BQT7YRP4VA4LOPUIIRQ3ASFOI\/\">Russie<\/a> a revendiqu\u00e9 vendredi la prise de trois villages dans la r\u00e9gion de Donetsk, dans l\u2019est de <a href=\"https:\/\/www.lexpress.fr\/monde\/europe\/l-ukraine-hesite-entre-est-et-ouest_1302698.html\" target=\"_self\" rel=\"nofollow noopener\" title=\"https:\/\/www.lexpress.fr\/monde\/europe\/l-ukraine-hesite-entre-est-et-ouest_1302698.html\">l\u2019Ukraine<\/a>, intensifiant la pression militaire sur le terrain, au moment o\u00f9 les efforts diplomatiques s\u2019acc\u00e9l\u00e8rent ces derni\u00e8res semaines pour trouver une issue au conflit.<\/p>\n<p><strong class=\"article-body-link-list__item text-gray-800 article-body-link-list__item--one-item\">LIRE AUSSI : <a class=\"article-body-link-list__item-link\" href=\"https:\/\/www.lexpress.fr\/idees-et-debats\/toma-istomina-journaliste-ukrainienne-poutine-na-jamais-ete-dans-une-situation-aussi-favorable-KZMBQISU3ZFI7DWYD6CPV22HXM\/\" target=\"_blank\" rel=\"noreferrer nofollow noopener\">Toma Istomina, journaliste ukrainienne : \u00ab\u00a0Poutine n\u2019a jamais \u00e9t\u00e9 dans une situation aussi favorable\u00a0\u00bb<\/a><\/strong><\/p>\n<p class=\"paragraph article-body-paragraph article__item article-body-paragraph--live  \">Le minist\u00e8re russe de la D\u00e9fense a affirm\u00e9, dans un communiqu\u00e9 diffus\u00e9 sur Telegram, avoir captur\u00e9 les villages de Katerynivka, de Volodymyrivka et de Rusyn Yar dans cette r\u00e9gion annex\u00e9e par Moscou.<\/p>\n<p class=\"paragraph article-body-paragraph article__item article-body-paragraph--live  \"><a href=\"https:\/\/www.lexpress.fr\/monde\/europe\/en-russie-le-nombre-de-desertions-dans-larmee-de-vladimir-poutine-en-forte-hausse-UQHECPABV5DWTOLRQYCO6ZV3EU\/\" target=\"_self\" rel=\"nofollow noopener\" title=\"https:\/\/www.lexpress.fr\/monde\/europe\/en-russie-le-nombre-de-desertions-dans-larmee-de-vladimir-poutine-en-forte-hausse-UQHECPABV5DWTOLRQYCO6ZV3EU\/\">L\u2019arm\u00e9e russe<\/a> a accru ses gains territoriaux ces derniers mois face \u00e0 des forces ukrainiennes moins nombreuses et moins bien \u00e9quip\u00e9es. Mercredi d\u00e9j\u00e0, elle avait revendiqu\u00e9 la capture de trois localit\u00e9s \u00e0 l\u2019est.<\/p>\n<p>Donald Trump en saura plus \u00ab\u00a0dans les deux prochaines semaines\u00a0\u00bb sur les chances de paix<\/p>\n<p class=\"paragraph article-body-paragraph article__item article-body-paragraph--live  \">Donald Trump, qui veut r\u00e9unir les pr\u00e9sidents russe et ukrainien autour d\u2019une m\u00eame table, a dit jeudi dans une interview t\u00e9l\u00e9phonique qu\u2019il en saurait davantage \u00ab\u00a0dans les deux prochaines semaines\u00a0\u00bb sur les chances de paix en Ukraine.<\/p>\n<p class=\"paragraph article-body-paragraph article__item article-body-paragraph--live  \">\u00ab\u00a0Je dirais que dans les deux prochaines semaines nous saurons d\u2019une mani\u00e8re ou d\u2019une autre. Apr\u00e8s cela, nous devrons peut-\u00eatre adopter une approche diff\u00e9rente\u00a0\u00bb, a d\u00e9clar\u00e9 le <a href=\"https:\/\/www.lexpress.fr\/monde\/europe\/l-ukraine-hesite-entre-est-et-ouest_1302698.html\" target=\"_self\" rel=\"nofollow noopener\" title=\"https:\/\/www.lexpress.fr\/monde\/europe\/l-ukraine-hesite-entre-est-et-ouest_1302698.html\">pr\u00e9sident am\u00e9ricain<\/a>, sans s\u2019\u00e9tendre davantage, \u00e0 l\u2019animateur conservateur Todd Starnes, qui lui avait demand\u00e9 si la paix allait intervenir.<\/p>\n<p><strong class=\"article-body-link-list__item text-gray-800 article-body-link-list__item--one-item\">LIRE AUSSI : <a class=\"article-body-link-list__item-link\" href=\"https:\/\/www.lexpress.fr\/monde\/europe\/camille-grand-la-russie-ne-doit-pas-avoir-son-mot-a-dire-sur-les-garanties-de-securite-de-lukraine-CFNB4ACOHZAD7M7F4HFV3IFL6A\/\" target=\"_blank\" rel=\"noreferrer nofollow noopener\">Camille Grand : \u00ab\u00a0La Russie ne doit pas avoir son mot \u00e0 dire sur les garanties de s\u00e9curit\u00e9 de l\u2019Ukraine\u00a0\u00bb<\/a><\/strong><\/p>\n<p class=\"paragraph article-body-paragraph article__item article-body-paragraph--live  \">Donald Trump promet depuis sa campagne pr\u00e9sidentielle l\u2019an dernier de ramener la paix en Ukraine, plus de trois ans apr\u00e8s l\u2019invasion russe de f\u00e9vrier 2022. Il a rencontr\u00e9 le pr\u00e9sident russe, Vladimir Poutine, vendredi sur une base militaire en Alaska, puis le pr\u00e9sident ukrainien, Volodymyr Zelensky, accompagn\u00e9 de plusieurs dirigeants europ\u00e9ens, lundi \u00e0 la Maison-Blanche.<\/p>\n<p>Kim Jong-un d\u00e9core ses soldats d\u00e9ploy\u00e9s en soutien de la Russie contre l\u2019Ukraine<\/p>\n<p class=\"paragraph article-body-paragraph article__item article-body-paragraph--live  \">Des images diffus\u00e9es vendredi par les m\u00e9dias d\u2019Etat nord-cor\u00e9ens ont montr\u00e9 Kim Jong-un agenouill\u00e9 devant les portraits de soldats morts au combat pour la Russie contre l\u2019Ukraine, et embrassant un survivant du conflit.<\/p>\n<p class=\"paragraph article-body-paragraph article__item article-body-paragraph--live  \">Lors d\u2019une c\u00e9r\u00e9monie qui est tenue au si\u00e8ge du Parti des travailleurs de Cor\u00e9e \u00e0 Pyongyang, <a href=\"https:\/\/www.lexpress.fr\/monde\/asie\/coree-du-nord-kim-jong-un-rappelle-ses-officiers-deployes-en-russie-et-couvre-deloges-ses-troupes-7AOW2FDWTZEAVFFC3LD6P4NTVU\/\" target=\"_self\" rel=\"nofollow noopener\" title=\"https:\/\/www.lexpress.fr\/monde\/asie\/coree-du-nord-kim-jong-un-rappelle-ses-officiers-deployes-en-russie-et-couvre-deloges-ses-troupes-7AOW2FDWTZEAVFFC3LD6P4NTVU\/\">Kim Jong-un a salu\u00e9 les soldats \u00ab\u00a0h\u00e9ro\u00efques\u00a0\u00bb et \u00ab\u00a0admirables\u00a0\u00bb<\/a>, revenus apr\u00e8s avoir endur\u00e9 \u00ab\u00a0les rafales de balles et les bombes\u00a0\u00bb. Les images montrent le dirigeant nord-cor\u00e9en, apparemment sous le coup de l\u2019\u00e9motion, embrassant un soldat qui semble boulevers\u00e9, le visage contre le torse de son chef. On peut \u00e9galement voir le dirigeant s\u2019agenouiller devant le portrait d\u2019un soldat tomb\u00e9 au combat, avant de d\u00e9poser des m\u00e9dailles et des fleurs devant d\u2019autres. Le dirigeant a \u00e9galement d\u00e9cern\u00e9, selon l\u2019agence KCNA, le titre de \u00ab\u00a0h\u00e9ros de la r\u00e9publique populaire d\u00e9mocratique de Cor\u00e9e\u00a0\u00bb, le nom officiel de la Cor\u00e9e du Nord, aux commandants qui ont combattu dans des op\u00e9rations \u00e0 l\u2019\u00e9tranger et \u00ab\u00a0accompli des exploits remarquables\u00a0\u00bb.<\/p>\n<p class=\"paragraph article-body-paragraph article__item article-body-paragraph--live   article__text__endpicto\">En avril, <a href=\"https:\/\/www.lexpress.fr\/monde\/asie\/guerre-en-ukraine-la-coree-du-nord-confirme-pour-la-premiere-fois-lenvoi-de-soldats-en-russie-VG35JCJTLRE43N3V3IVVG3UFL4\/\" target=\"_self\" rel=\"nofollow noopener\" title=\"https:\/\/www.lexpress.fr\/monde\/asie\/guerre-en-ukraine-la-coree-du-nord-confirme-pour-la-premiere-fois-lenvoi-de-soldats-en-russie-VG35JCJTLRE43N3V3IVVG3UFL4\/\">la Cor\u00e9e du Nord a confirm\u00e9 pour la premi\u00e8re fois<\/a> qu\u2019elle avait d\u00e9ploy\u00e9 un contingent de ses soldats face aux troupes ukrainiennes aux c\u00f4t\u00e9s des troupes russes.<\/p>\n","protected":false},"excerpt":{"rendered":"La rencontre entre Vladimir Poutine et Volodymyr Zelensky, annonc\u00e9e lundi avec confiance par Donald Trump, aura-t-elle vraiment lieu&hellip;\n","protected":false},"author":2,"featured_media":335949,"comment_status":"","ping_status":"","sticky":false,"template":"","format":"standard","meta":{"footnotes":""},"categories":[1591],"tags":[11,674,1887,74,12,1885,1886,132],"class_list":{"0":"post-335948","1":"post","2":"type-post","3":"status-publish","4":"format-standard","5":"has-post-thumbnail","7":"category-russie","8":"tag-actualites","9":"tag-europe","10":"tag-federation-de-russie","11":"tag-monde","12":"tag-news","13":"tag-russia","14":"tag-russian-federation","15":"tag-russie"},"share_on_mastodon":{"url":"https:\/\/pubeurope.com\/@fr\/115071914152696670","error":""},"_links":{"self":[{"href":"https:\/\/www.europesays.com\/fr\/wp-json\/wp\/v2\/posts\/335948","targetHints":{"allow":["GET"]}}],"collection":[{"href":"https:\/\/www.europesays.com\/fr\/wp-json\/wp\/v2\/posts"}],"about":[{"href":"https:\/\/www.europesays.com\/fr\/wp-json\/wp\/v2\/types\/post"}],"author":[{"embeddable":true,"href":"https:\/\/www.europesays.com\/fr\/wp-json\/wp\/v2\/users\/2"}],"replies":[{"embeddable":true,"href":"https:\/\/www.europesays.com\/fr\/wp-json\/wp\/v2\/comments?post=335948"}],"version-history":[{"count":0,"href":"https:\/\/www.europesays.com\/fr\/wp-json\/wp\/v2\/posts\/335948\/revisions"}],"wp:featuredmedia":[{"embeddable":true,"href":"https:\/\/www.europesays.com\/fr\/wp-json\/wp\/v2\/media\/335949"}],"wp:attachment":[{"href":"https:\/\/www.europesays.com\/fr\/wp-json\/wp\/v2\/media?parent=335948"}],"wp:term":[{"taxonomy":"category","embeddable":true,"href":"https:\/\/www.europesays.com\/fr\/wp-json\/wp\/v2\/categories?post=335948"},{"taxonomy":"post_tag","embeddable":true,"href":"https:\/\/www.europesays.com\/fr\/wp-json\/wp\/v2\/tags?post=335948"}],"curies":[{"name":"wp","href":"https:\/\/api.w.org\/{rel}","templated":true}]}}