{"id":335950,"date":"2025-08-22T10:20:13","date_gmt":"2025-08-22T10:20:13","guid":{"rendered":"https:\/\/www.europesays.com\/fr\/335950\/"},"modified":"2025-08-22T10:20:13","modified_gmt":"2025-08-22T10:20:13","slug":"la-russie-annonce-la-prise-de-trois-villages-dans-le-donetsk","status":"publish","type":"post","link":"https:\/\/www.europesays.com\/fr\/335950\/","title":{"rendered":"la Russie annonce la prise de trois villages dans le Donetsk"},"content":{"rendered":"<p>Le minist\u00e8re russe de la D\u00e9fense a annonc\u00e9, dans un communiqu\u00e9, diffus\u00e9 sur Telegram, la capture des villages de Katerynivka, de Volodymyrivka et de Rusyn Yar dans cette r\u00e9gion annex\u00e9e par Moscou, o\u00f9 la <a href=\"https:\/\/www.sudouest.fr\/international\/europe\/ukraine\/guerre-en-ukraine-l-armee-russe-progresse-rapidement-pres-de-donetsk-25533536.php\" rel=\"nofollow noopener\" target=\"_blank\">progression de ses forces<\/a> s\u2019est acc\u00e9l\u00e9r\u00e9e r\u00e9cemment.<\/p>\n<p>L\u2019arm\u00e9e russe a accru ses gains territoriaux ces derniers mois face \u00e0 des forces ukrainiennes moins nombreuses et moins bien \u00e9quip\u00e9es.<\/p>\n<p>20\u00a0% du territoire occup\u00e9<\/p>\n<p>Ces avanc\u00e9es se produisent alors que le dirigeant am\u00e9ricain <a href=\"https:\/\/www.sudouest.fr\/international\/etats-unis\/donald-trump\/donald-trump-condamne-pour-fraudes-fiscales-son-amende-de-464-millions-de-dollars-annulee-par-une-cour-d-appel-de-new-york-25621879.php\" rel=\"nofollow noopener\" target=\"_blank\">Donald Trump<\/a>, qui ambitionne de mettre fin le plus rapidement possible \u00e0 l\u2019assaut russe contre l\u2019Ukraine lanc\u00e9 en 2022, a annonc\u00e9 pr\u00e9parer une rencontre entre les pr\u00e9sidents russe Vladimir Poutine et ukrainien Volodymyr Zelensky, mais la participation des bellig\u00e9rants semble encore loin d\u2019\u00eatre acquise.<\/p>\n<p>Le dirigeant ukrainien a accus\u00e9 jeudi son homologue russe de chercher \u00e0 <a href=\"https:\/\/www.sudouest.fr\/international\/europe\/ukraine\/guerre-en-ukraine-zelensky-accuse-poutine-de-vouloir-se-soustraire-a-une-rencontre-pour-la-paix-25627015.php\" rel=\"nofollow noopener\" target=\"_blank\">\u00ab\u00a0se soustraire\u00a0\u00bb \u00e0 cette rencontre<\/a>. Et Donald Trump a reconnu qu\u2019il n\u2019en saurait davantage sur les chances de paix que <a href=\"https:\/\/www.sudouest.fr\/international\/europe\/ukraine\/guerre-en-ukraine-donald-trump-en-saura-plus-dans-les-deux-prochaines-semaines-sur-les-chances-de-paix-25624272.php\" rel=\"nofollow noopener\" target=\"_blank\">\u00ab\u00a0dans les deux prochaines semaines\u00a0\u00bb.<\/a><\/p>\n","protected":false},"excerpt":{"rendered":"Le minist\u00e8re russe de la D\u00e9fense a annonc\u00e9, dans un communiqu\u00e9, diffus\u00e9 sur Telegram, la capture des villages&hellip;\n","protected":false},"author":2,"featured_media":335951,"comment_status":"","ping_status":"","sticky":false,"template":"","format":"standard","meta":{"footnotes":""},"categories":[1590],"tags":[11,1777,674,12,220],"class_list":{"0":"post-335950","1":"post","2":"type-post","3":"status-publish","4":"format-standard","5":"has-post-thumbnail","7":"category-ukraine","8":"tag-actualites","9":"tag-eu","10":"tag-europe","11":"tag-news","12":"tag-ukraine"},"share_on_mastodon":{"url":"https:\/\/pubeurope.com\/@fr\/115071918022146965","error":""},"_links":{"self":[{"href":"https:\/\/www.europesays.com\/fr\/wp-json\/wp\/v2\/posts\/335950","targetHints":{"allow":["GET"]}}],"collection":[{"href":"https:\/\/www.europesays.com\/fr\/wp-json\/wp\/v2\/posts"}],"about":[{"href":"https:\/\/www.europesays.com\/fr\/wp-json\/wp\/v2\/types\/post"}],"author":[{"embeddable":true,"href":"https:\/\/www.europesays.com\/fr\/wp-json\/wp\/v2\/users\/2"}],"replies":[{"embeddable":true,"href":"https:\/\/www.europesays.com\/fr\/wp-json\/wp\/v2\/comments?post=335950"}],"version-history":[{"count":0,"href":"https:\/\/www.europesays.com\/fr\/wp-json\/wp\/v2\/posts\/335950\/revisions"}],"wp:featuredmedia":[{"embeddable":true,"href":"https:\/\/www.europesays.com\/fr\/wp-json\/wp\/v2\/media\/335951"}],"wp:attachment":[{"href":"https:\/\/www.europesays.com\/fr\/wp-json\/wp\/v2\/media?parent=335950"}],"wp:term":[{"taxonomy":"category","embeddable":true,"href":"https:\/\/www.europesays.com\/fr\/wp-json\/wp\/v2\/categories?post=335950"},{"taxonomy":"post_tag","embeddable":true,"href":"https:\/\/www.europesays.com\/fr\/wp-json\/wp\/v2\/tags?post=335950"}],"curies":[{"name":"wp","href":"https:\/\/api.w.org\/{rel}","templated":true}]}}