{"id":335952,"date":"2025-08-22T10:21:17","date_gmt":"2025-08-22T10:21:17","guid":{"rendered":"https:\/\/www.europesays.com\/fr\/335952\/"},"modified":"2025-08-22T10:21:17","modified_gmt":"2025-08-22T10:21:17","slug":"louganda-fait-affaire-avec-donald-trump-pour-accueillir-les-migrants-juges-indesirables","status":"publish","type":"post","link":"https:\/\/www.europesays.com\/fr\/335952\/","title":{"rendered":"L\u2019Ouganda fait affaire avec Donald Trump pour accueillir les migrants jug\u00e9s \u00ab\u00a0ind\u00e9sirables\u00a0\u00bb"},"content":{"rendered":"<p>L\u2019Ouganda a annonc\u00e9 jeudi 21\u00a0ao\u00fbt avoir conclu un accord avec les \u00c9tats-Unis pour accueillir des personnes migrantes \u00ab\u00a0qui pourraient ne pas obtenir l\u2019asile aux \u00c9tats-Unis\u00a0\u00bb. Apr\u00e8s le Soudan du Sud, l\u2019Eswatini (ex-Swaziland) et le Rwanda, il rejoint ainsi la petite mais croissante cohorte de pays africains sollicit\u00e9s par l\u2019administration Trump pour y transf\u00e9rer des migrants susceptibles d\u2019\u00eatre d\u00e9bout\u00e9s du droit d\u2019asile. Aucun d\u00e9tail n\u2019a \u00e9t\u00e9 r\u00e9v\u00e9l\u00e9 sur d\u2019\u00e9ventuelles contreparties financi\u00e8res.<\/p>\n<p>Cet article est r\u00e9serv\u00e9 aux abonn\u00e9s<\/p>\n<p>\n                    Vous souhaitez lire la suite\u00a0? Abonnez-vous sans engagement \u00e0 notre offre num\u00e9rique\n                <\/p>\n<p>                <a href=\"https:\/\/www.la-croix.com\/abonnement\" class=\"default-paywall__subscribe-button\" data-tracking=\"cta_click\" data-tracking-action=\"voir la page abonnement\" data-tracking-category=\"abonnement\" rel=\"nofollow noopener\" target=\"_blank\">Je m&rsquo;abonne<\/a><\/p>\n","protected":false},"excerpt":{"rendered":"L\u2019Ouganda a annonc\u00e9 jeudi 21\u00a0ao\u00fbt avoir conclu un accord avec les \u00c9tats-Unis pour accueillir des personnes migrantes \u00ab\u00a0qui&hellip;\n","protected":false},"author":2,"featured_media":335953,"comment_status":"","ping_status":"","sticky":false,"template":"","format":"standard","meta":{"footnotes":""},"categories":[1589],"tags":[11,73,1866,12,1864,1865,1863,308],"class_list":{"0":"post-335952","1":"post","2":"type-post","3":"status-publish","4":"format-standard","5":"has-post-thumbnail","7":"category-etats-unis","8":"tag-actualites","9":"tag-etats-unis","10":"tag-etats-unis-damerique","11":"tag-news","12":"tag-united-states","13":"tag-united-states-of-america","14":"tag-us","15":"tag-usa"},"share_on_mastodon":{"url":"https:\/\/pubeurope.com\/@fr\/115071922312756596","error":""},"_links":{"self":[{"href":"https:\/\/www.europesays.com\/fr\/wp-json\/wp\/v2\/posts\/335952","targetHints":{"allow":["GET"]}}],"collection":[{"href":"https:\/\/www.europesays.com\/fr\/wp-json\/wp\/v2\/posts"}],"about":[{"href":"https:\/\/www.europesays.com\/fr\/wp-json\/wp\/v2\/types\/post"}],"author":[{"embeddable":true,"href":"https:\/\/www.europesays.com\/fr\/wp-json\/wp\/v2\/users\/2"}],"replies":[{"embeddable":true,"href":"https:\/\/www.europesays.com\/fr\/wp-json\/wp\/v2\/comments?post=335952"}],"version-history":[{"count":0,"href":"https:\/\/www.europesays.com\/fr\/wp-json\/wp\/v2\/posts\/335952\/revisions"}],"wp:featuredmedia":[{"embeddable":true,"href":"https:\/\/www.europesays.com\/fr\/wp-json\/wp\/v2\/media\/335953"}],"wp:attachment":[{"href":"https:\/\/www.europesays.com\/fr\/wp-json\/wp\/v2\/media?parent=335952"}],"wp:term":[{"taxonomy":"category","embeddable":true,"href":"https:\/\/www.europesays.com\/fr\/wp-json\/wp\/v2\/categories?post=335952"},{"taxonomy":"post_tag","embeddable":true,"href":"https:\/\/www.europesays.com\/fr\/wp-json\/wp\/v2\/tags?post=335952"}],"curies":[{"name":"wp","href":"https:\/\/api.w.org\/{rel}","templated":true}]}}