{"id":335954,"date":"2025-08-22T10:22:14","date_gmt":"2025-08-22T10:22:14","guid":{"rendered":"https:\/\/www.europesays.com\/fr\/335954\/"},"modified":"2025-08-22T10:22:14","modified_gmt":"2025-08-22T10:22:14","slug":"la-doyenne-de-lhumanite-a-fete-ses-116-ans-a-son-rythme","status":"publish","type":"post","link":"https:\/\/www.europesays.com\/fr\/335954\/","title":{"rendered":"La doyenne de l\u2019humanit\u00e9 a f\u00eat\u00e9 ses 116 ans \u00ab \u00e0 son rythme \u00bb"},"content":{"rendered":"<p><strong>RECORD &#8211; Ethel Caterham, la personne la plus \u00e2g\u00e9e du monde, a f\u00eat\u00e9 ce jeudi ses 116 ans avec sa famille dans sa maison de retraite au Royaume-Uni<\/strong><\/p>\n<p>Peu de gens f\u00eatent cet <a href=\"https:\/\/www.20minutes.fr\/dossier\/anniversaire?at_medium=RSS%20feed&amp;at_campaign=ynews&amp;utm_source=yahoo&amp;utm_medium=rss&amp;utm_campaign=news_feed&amp;utm_content=in_article_link\" rel=\"nofollow noopener\" target=\"_blank\" data-ylk=\"slk:anniversaire;elm:context_link;itc:0;sec:content-canvas\" class=\"link \">anniversaire<\/a>-l\u00e0. Ethel Caterham, la plus <a href=\"https:\/\/www.20minutes.fr\/dossier\/vieillesse?at_medium=RSS%20feed&amp;at_campaign=ynews&amp;utm_source=yahoo&amp;utm_medium=rss&amp;utm_campaign=news_feed&amp;utm_content=in_article_link\" rel=\"nofollow noopener\" target=\"_blank\" data-ylk=\"slk:vieille;elm:context_link;itc:0;sec:content-canvas\" class=\"link \">vieille<\/a> personne du monde \u00e0 ce jour, a c\u00e9l\u00e9br\u00e9 ce jeudi ses 116 ans entour\u00e9e de sa famille au R<a href=\"https:\/\/www.20minutes.fr\/monde\/royaume-uni\/?at_medium=RSS%20feed&amp;at_campaign=ynews&amp;utm_source=yahoo&amp;utm_medium=rss&amp;utm_campaign=news_feed&amp;utm_content=in_article_link\" rel=\"nofollow noopener\" target=\"_blank\" data-ylk=\"slk:oyaume-Uni;elm:context_link;itc:0;sec:content-canvas\" class=\"link \">oyaume-Uni<\/a>, rapporte\u00a0<a href=\"https:\/\/www.cbsnews.com\/news\/worlds-oldest-living-person-ethel-caterham-uk-116-birthday\/?at_medium=RSS%20feed&amp;at_campaign=ynews&amp;utm_source=yahoo&amp;utm_medium=rss&amp;utm_campaign=news_feed&amp;utm_content=in_article_link\" rel=\"nofollow noopener\" target=\"_blank\" data-ylk=\"slk:CBS News;elm:context_link;itc:0;sec:content-canvas\" class=\"link \">CBS News<\/a>.<\/p>\n<p>La doyenne de l\u2019humanit\u00e9 a f\u00eat\u00e9 son anniversaire dans sa <a href=\"https:\/\/www.20minutes.fr\/dossier\/maison_de_retraite?at_medium=RSS%20feed&amp;at_campaign=ynews&amp;utm_source=yahoo&amp;utm_medium=rss&amp;utm_campaign=news_feed&amp;utm_content=in_article_link\" rel=\"nofollow noopener\" target=\"_blank\" data-ylk=\"slk:maison de retraite;elm:context_link;itc:0;sec:content-canvas\" class=\"link \">maison de retraite<\/a>, avec ses proches et \u00ab\u00a0\u00e0 son rythme\u00a0\u00bb, a fait savoir l\u2019\u00e9tablissement dans un communiqu\u00e9. \u00ab\u00a0Ethel et sa famille sont tellement reconnaissantes de tous les gentils messages re\u00e7us et de l\u2019int\u00e9r\u00eat qu\u2019on lui porte.\u00a0\u00bb<\/p>\n<p>N\u00e9e en\u00a01909 sous Edward VII<\/p>\n<p>La famille a fait savoir que la centenaire n\u2019accorderait pas <a href=\"https:\/\/www.20minutes.fr\/dossier\/interview?at_medium=RSS%20feed&amp;at_campaign=ynews&amp;utm_source=yahoo&amp;utm_medium=rss&amp;utm_campaign=news_feed&amp;utm_content=in_article_link\" rel=\"nofollow noopener\" target=\"_blank\" data-ylk=\"slk:d\u2019interview;elm:context_link;itc:0;sec:content-canvas\" class=\"link \">d\u2019interview<\/a>, sauf \u00e9videmment au <a href=\"https:\/\/www.20minutes.fr\/dossier\/prince_charles?at_medium=RSS%20feed&amp;at_campaign=ynews&amp;utm_source=yahoo&amp;utm_medium=rss&amp;utm_campaign=news_feed&amp;utm_content=in_article_link\" rel=\"nofollow noopener\" target=\"_blank\" data-ylk=\"slk:roi Charles III;elm:context_link;itc:0;sec:content-canvas\" class=\"link \">roi Charles III<\/a>. Par coutume, le souverain britannique \u00e9crit ou s\u2019entretient avec tous les centenaires du pays pour leur anniversaire. En\u00a02024, pour ses 115 ans, Ethel Caterham avait re\u00e7u une lettre du roi.<\/p>\n<p>La Britannique est devenue la plus vieille personne du monde en avril, \u00e0 la mort d\u2019une <a href=\"https:\/\/www.20minutes.fr\/dossier\/bresil?at_medium=RSS%20feed&amp;at_campaign=ynews&amp;utm_source=yahoo&amp;utm_medium=rss&amp;utm_campaign=news_feed&amp;utm_content=in_article_link\" rel=\"nofollow noopener\" target=\"_blank\" data-ylk=\"slk:Br\u00e9silienne;elm:context_link;itc:0;sec:content-canvas\" class=\"link \">Br\u00e9silienne<\/a> \u00e2g\u00e9e de 116 ans. Elle est, au Royaume-Uni, la toute derni\u00e8re personne \u00e0 avoir v\u00e9cu sous le r\u00e8gne d\u2019Edward VII. N\u00e9e le 21\u00a0ao\u00fbt 1909, elle a surv\u00e9cu \u00e0 ses deux filles et a aujourd\u2019hui trois petits-enfants et cinq arri\u00e8re-petits-enfants.<\/p>\n<p>En\u00a02020, la centenaire a m\u00eame attrap\u00e9 le <a href=\"https:\/\/www.20minutes.fr\/societe\/covid-19\/?at_medium=RSS%20feed&amp;at_campaign=ynews&amp;utm_source=yahoo&amp;utm_medium=rss&amp;utm_campaign=news_feed&amp;utm_content=in_article_link\" rel=\"nofollow noopener\" target=\"_blank\" data-ylk=\"slk:Covid 19;elm:context_link;itc:0;sec:content-canvas\" class=\"link \">Covid 19<\/a> et surv\u00e9cu. Le secret de sa long\u00e9vit\u00e9\u00a0? \u00ab\u00a0Ne jamais se disputer avec qui que ce soit\u00a0!\u00a0\u00bb, confiait-elle il y a quelques ann\u00e9es. \u00ab\u00a0J\u2019\u00e9coute et je fais ce que j\u2019aime.\u00a0\u00bb On souhaite \u00e0 la nouvelle doyenne de l\u2019humanit\u00e9 encore des mois de bonheur aupr\u00e8s de ses proches.<\/p>\n<p><a href=\"https:\/\/www.20minutes.fr\/arts-stars\/insolite\/4169022-20250822-royaume-uni-doyenne-humanite-fete-116-ans-rythme?at_medium=RSS%20feed&amp;at_campaign=ynews&amp;utm_source=yahoo&amp;utm_medium=rss&amp;utm_campaign=news_feed&amp;utm_content=read_more_link&quot;\" rel=\"nofollow noopener\" target=\"_blank\" data-ylk=\"slk:Lire la suite sur 20minutes;elm:context_link;itc:0;sec:content-canvas\" class=\"link \">Lire la suite sur 20minutes<\/a><\/p>\n<p>\u00c0 lire aussi :<br \/><a href=\"https:\/\/www.20minutes.fr\/arts-stars\/insolite\/4165168-20250724-etats-unis-nash-bebe-plus-prematurement-monde-souffle-premiere-bougie?at_medium=RSS%20feed&amp;at_campaign=ynews&amp;utm_source=yahoo&amp;utm_medium=rss&amp;utm_campaign=news_feed&amp;utm_content=related_content_link\" rel=\"nofollow noopener\" target=\"_blank\" data-ylk=\"slk:Etats-Unis\u00a0: Nash, le b\u00e9b\u00e9 n\u00e9 le plus pr\u00e9matur\u00e9ment du monde, a souffl\u00e9 sa premi\u00e8re bougie;elm:context_link;itc:0;sec:content-canvas\" class=\"link \">Etats-Unis\u00a0: Nash, le b\u00e9b\u00e9 n\u00e9 le plus pr\u00e9matur\u00e9ment du monde, a souffl\u00e9 sa premi\u00e8re bougie<\/a><br \/><a href=\"https:\/\/www.20minutes.fr\/sport\/4163620-20250715-indien-fauja-singh-probable-plus-vieux-marathonien-monde-mort-114-ans?at_medium=RSS%20feed&amp;at_campaign=ynews&amp;utm_source=yahoo&amp;utm_medium=rss&amp;utm_campaign=news_feed&amp;utm_content=related_content_link\" rel=\"nofollow noopener\" target=\"_blank\" data-ylk=\"slk:L\u2019Indien Fauja Singh, (probable) plus vieux marathonien du monde, est mort \u00e0 114 ans;elm:context_link;itc:0;sec:content-canvas\" class=\"link \">L\u2019Indien Fauja Singh, (probable) plus vieux marathonien du monde, est mort \u00e0 114 ans<\/a><\/p>\n","protected":false},"excerpt":{"rendered":"RECORD &#8211; Ethel Caterham, la personne la plus \u00e2g\u00e9e du monde, a f\u00eat\u00e9 ce jeudi ses 116 ans&hellip;\n","protected":false},"author":2,"featured_media":335955,"comment_status":"","ping_status":"","sticky":false,"template":"","format":"standard","meta":{"footnotes":""},"categories":[1588],"tags":[11,1764,47286,1777,674,13355,21324,12,473,1853,1851,1850,1852],"class_list":{"0":"post-335954","1":"post","2":"type-post","3":"status-publish","4":"format-standard","5":"has-post-thumbnail","7":"category-royaume-uni","8":"tag-actualites","9":"tag-ans","10":"tag-ethel-caterham","11":"tag-eu","12":"tag-europe","13":"tag-la-famille","14":"tag-maison-de-retraite","15":"tag-news","16":"tag-royaume-uni","17":"tag-royaume-uni-de-grande-bretagne-et-dirlande-du-nord","18":"tag-uk","19":"tag-united-kingdom","20":"tag-united-kingdom-of-great-britain-and-northern-ireland"},"share_on_mastodon":{"url":"https:\/\/pubeurope.com\/@fr\/115071926131432559","error":""},"_links":{"self":[{"href":"https:\/\/www.europesays.com\/fr\/wp-json\/wp\/v2\/posts\/335954","targetHints":{"allow":["GET"]}}],"collection":[{"href":"https:\/\/www.europesays.com\/fr\/wp-json\/wp\/v2\/posts"}],"about":[{"href":"https:\/\/www.europesays.com\/fr\/wp-json\/wp\/v2\/types\/post"}],"author":[{"embeddable":true,"href":"https:\/\/www.europesays.com\/fr\/wp-json\/wp\/v2\/users\/2"}],"replies":[{"embeddable":true,"href":"https:\/\/www.europesays.com\/fr\/wp-json\/wp\/v2\/comments?post=335954"}],"version-history":[{"count":0,"href":"https:\/\/www.europesays.com\/fr\/wp-json\/wp\/v2\/posts\/335954\/revisions"}],"wp:featuredmedia":[{"embeddable":true,"href":"https:\/\/www.europesays.com\/fr\/wp-json\/wp\/v2\/media\/335955"}],"wp:attachment":[{"href":"https:\/\/www.europesays.com\/fr\/wp-json\/wp\/v2\/media?parent=335954"}],"wp:term":[{"taxonomy":"category","embeddable":true,"href":"https:\/\/www.europesays.com\/fr\/wp-json\/wp\/v2\/categories?post=335954"},{"taxonomy":"post_tag","embeddable":true,"href":"https:\/\/www.europesays.com\/fr\/wp-json\/wp\/v2\/tags?post=335954"}],"curies":[{"name":"wp","href":"https:\/\/api.w.org\/{rel}","templated":true}]}}