{"id":335956,"date":"2025-08-22T10:23:12","date_gmt":"2025-08-22T10:23:12","guid":{"rendered":"https:\/\/www.europesays.com\/fr\/335956\/"},"modified":"2025-08-22T10:23:12","modified_gmt":"2025-08-22T10:23:12","slug":"les-droits-de-douane-de-donald-trump-pesent-sur-la-croissance-lexpress","status":"publish","type":"post","link":"https:\/\/www.europesays.com\/fr\/335956\/","title":{"rendered":"les droits de douane de Donald Trump p\u00e8sent sur la croissance \u2013 L&rsquo;Express"},"content":{"rendered":"<p class=\"paragraph article-body-paragraph article__item   article-body-paragraph--first \">Le recul du <a href=\"https:\/\/www.lexpress.fr\/monde\/europe\/en-allemagne-cette-revolution-economique-qui-se-prepare-par-eric-chol-CWZPTMNLYVA55IEOHHKIMAM5ZY\/\" target=\"_self\" rel=\"nofollow noopener\" title=\"https:\/\/www.lexpress.fr\/monde\/europe\/en-allemagne-cette-revolution-economique-qui-se-prepare-par-eric-chol-CWZPTMNLYVA55IEOHHKIMAM5ZY\/\">PIB allemand<\/a> au deuxi\u00e8me trimestre a \u00e9t\u00e9 plus fort qu\u2019initialement estim\u00e9 et les d\u00e9boires de l\u2019industrie, aux prises avec les <a href=\"https:\/\/www.lexpress.fr\/economie\/la-guerre-commerciale-de-donald-trump-tous-nos-contenus-6TPG36NWQJFYRGYDS32QFDNUYQ\/\" target=\"_self\" rel=\"nofollow noopener\" title=\"https:\/\/www.lexpress.fr\/economie\/la-guerre-commerciale-de-donald-trump-tous-nos-contenus-6TPG36NWQJFYRGYDS32QFDNUYQ\/\">droits de douane am\u00e9ricains<\/a>, sont venus effacer l\u2019embellie du premier trimestre.<\/p>\n<p class=\"paragraph article-body-paragraph article__item   \">Entre avril et juin, le Produit Int\u00e9rieur Brut (PIB), corrig\u00e9 des variations de prix, de saison et de calendrier, a chut\u00e9 de 0,3 %, selon un communiqu\u00e9 de l\u2019institut de statistiques Destatis paru vendredi 22 ao\u00fbt. En juillet, sa premi\u00e8re estimation pour le PIB \u00e9tait un recul de 0,1 %.<\/p>\n<p><strong class=\"article-body-link-list__item text-gray-800 article-body-link-list__item--one-item\">LIRE AUSSI : <a class=\"article-body-link-list__item-link\" href=\"https:\/\/www.lexpress.fr\/idees-et-debats\/jason-furman-harvard-avec-ses-droits-de-douane-donald-trump-appauvrit-plus-les-etats-unis-que-NM426H662FCIFLA3KAABX2C2ZM\/\" target=\"_blank\" rel=\"noreferrer nofollow noopener\">Jason Furman (Harvard) : \u00ab\u00a0Avec ses droits de douane, Donald Trump appauvrit plus les Etats-Unis que l\u2019Europe\u00a0\u00bb<\/a><\/strong><\/p>\n<p class=\"paragraph article-body-paragraph article__item   \">L\u2019accalmie aura ainsi \u00e9t\u00e9 de courte dur\u00e9e pour <a href=\"https:\/\/www.lexpress.fr\/economie\/politique-economique\/notre-situation-est-plus-inquietante-que-celle-de-la-france-le-constat-sans-appel-dun-economiste-SNECZPHBEZGZNBVKSBZQMJGVTM\/\" target=\"_self\" rel=\"nofollow noopener\" title=\"https:\/\/www.lexpress.fr\/economie\/politique-economique\/notre-situation-est-plus-inquietante-que-celle-de-la-france-le-constat-sans-appel-dun-economiste-SNECZPHBEZGZNBVKSBZQMJGVTM\/\">la premi\u00e8re \u00e9conomie europ\u00e9enne<\/a>, dont l\u2019activit\u00e9 avait connu un rebond de 0,3 % au premier trimestre, \u00e9galement l\u00e9g\u00e8rement revu \u00e0 la baisse vendredi.<\/p>\n<p>Un recul de la production industrielle plus marqu\u00e9 qu\u2019attendu<\/p>\n<p class=\"paragraph article-body-paragraph article__item   \">Une fr\u00e9n\u00e9sie d\u2019achats avant l\u2019instauration des droits de douane am\u00e9ricains avait b\u00e9n\u00e9fici\u00e9 aux piliers du mod\u00e8le \u00e9conomique allemand, les exportations et la production industrielle. Mais \u00ab\u00a0un renversement de cet effet d\u2019anticipation a eu lieu et le premier impact complet des droits de douane am\u00e9ricains s\u2019est fait sentir au deuxi\u00e8me trimestre\u00a0\u00bb, analyse Carsten Brzeski de la banque ING.<\/p>\n<\/p>\n<p class=\"paragraph article-body-paragraph article__item   \">La production industrielle a souffert au printemps, avec un recul de 0,3 % par rapport au premier trimestre, plus marqu\u00e9 qu\u2019attendu. Elle a diminu\u00e9 \u00ab\u00a0dans presque tous les secteurs de l\u2019industrie manufacturi\u00e8re, sauf dans la production de voitures et de pi\u00e8ces automobiles ainsi que dans la construction d\u2019autres v\u00e9hicules\u00a0\u00bb, souligne le communiqu\u00e9. Quant aux exportations, elles ont recul\u00e9 de 0,1 %, la progression dans les services (+ 1,4 %) ne compensant par la chute dans les marchandises (-0,6 %).<\/p>\n<p>Pas de changement pr\u00e9vu au troisi\u00e8me trimestre<\/p>\n<p class=\"paragraph article-body-paragraph article__item   \">M\u00eame si l\u2019accord commercial entre Bruxelles et Washington r\u00e9duit l\u2019incertitude, avec <a href=\"https:\/\/www.lexpress.fr\/economie\/droits-de-douane-de-donald-trump-les-voitures-et-produits-pharmaceutiques-europeens-seront-bien-PEJHBLJRLJGBTF3NIEISMTLC5Y\/\" target=\"_self\" rel=\"nofollow noopener\" title=\"https:\/\/www.lexpress.fr\/economie\/droits-de-douane-de-donald-trump-les-voitures-et-produits-pharmaceutiques-europeens-seront-bien-PEJHBLJRLJGBTF3NIEISMTLC5Y\/\">un taux de 15 % de droits de douane<\/a>, \u00ab\u00a0la tendance ne changera pas beaucoup au troisi\u00e8me trimestre\u00a0\u00bb, pr\u00e9voit Carsten Brzeski, alors que l\u2019industrie en crise se d\u00e9bat toujours avec des co\u00fbts de l\u2019\u00e9nergie \u00e9lev\u00e9s.<\/p>\n<p><strong class=\"article-body-link-list__item text-gray-800 article-body-link-list__item--one-item\">LIRE AUSSI : <a class=\"article-body-link-list__item-link\" href=\"https:\/\/www.lexpress.fr\/monde\/europe\/allemagne-les-cinq-plaies-dun-modele-a-bout-de-souffle-OE7TQ7UVDREAJEDOWYLL55EGQQ\/\" target=\"_blank\" rel=\"noreferrer nofollow noopener\">Allemagne : les cinq plaies d\u2019un mod\u00e8le \u00e0 bout de souffle<\/a><\/strong><\/p>\n<p class=\"paragraph article-body-paragraph article__item   \">Quant aux centaines de milliards d\u2019euros d\u2019investissements d\u00e9bloqu\u00e9s par le gouvernement pour la d\u00e9fense et les infrastructures, ils n\u2019ont pas encore eu le temps d\u2019infuser dans l\u2019\u00e9conomie. Au deuxi\u00e8me trimestre, les investissements ont en effet diminu\u00e9 de 1,9 % dans les \u00e9quipements et de 2,1 % dans la construction. Les d\u00e9penses de consommation ont certes progress\u00e9 de 0,3 %, mais celles des m\u00e9nages ont \u00e9t\u00e9 moins dynamiques que pr\u00e9vu.<\/p>\n<p class=\"paragraph article-body-paragraph article__item    article__text__endpicto\">Par ailleurs, selon Destatis, les <a href=\"https:\/\/www.lexpress.fr\/monde\/europe\/droits-de-douane-lallemagne-risque-encore-deux-ans-de-recession-en-cas-descalade-A2AYXAV6HJGI5GGUPGNHLW7JGU\/\" target=\"_self\" rel=\"nofollow noopener\" title=\"https:\/\/www.lexpress.fr\/monde\/europe\/droits-de-douane-lallemagne-risque-encore-deux-ans-de-recession-en-cas-descalade-A2AYXAV6HJGI5GGUPGNHLW7JGU\/\">r\u00e9cessions<\/a> des deux derni\u00e8res ann\u00e9es ont \u00e9t\u00e9 fortement sous-estim\u00e9es. En 2023, le PIB a plong\u00e9 de 0,7 % et non de 0,1 % comme estim\u00e9 auparavant. Pour 2024, il a chut\u00e9 de 0,5 %, soit 0,3 point de pourcentage de moins que la pr\u00e9c\u00e9dente estimation.<\/p>\n","protected":false},"excerpt":{"rendered":"Le recul du PIB allemand au deuxi\u00e8me trimestre a \u00e9t\u00e9 plus fort qu\u2019initialement estim\u00e9 et les d\u00e9boires de&hellip;\n","protected":false},"author":2,"featured_media":335957,"comment_status":"","ping_status":"","sticky":false,"template":"","format":"standard","meta":{"footnotes":""},"categories":[1587],"tags":[11,672,1804,1805,1803,33,1777,674,1801,12,1802],"class_list":{"0":"post-335956","1":"post","2":"type-post","3":"status-publish","4":"format-standard","5":"has-post-thumbnail","7":"category-allemagne","8":"tag-actualites","9":"tag-allemagne","10":"tag-bundesrepublik-deutschland","11":"tag-de","12":"tag-deutschland","13":"tag-economie","14":"tag-eu","15":"tag-europe","16":"tag-germany","17":"tag-news","18":"tag-republique-federale-dallemagne"},"share_on_mastodon":{"url":"https:\/\/pubeurope.com\/@fr\/115071929898766781","error":""},"_links":{"self":[{"href":"https:\/\/www.europesays.com\/fr\/wp-json\/wp\/v2\/posts\/335956","targetHints":{"allow":["GET"]}}],"collection":[{"href":"https:\/\/www.europesays.com\/fr\/wp-json\/wp\/v2\/posts"}],"about":[{"href":"https:\/\/www.europesays.com\/fr\/wp-json\/wp\/v2\/types\/post"}],"author":[{"embeddable":true,"href":"https:\/\/www.europesays.com\/fr\/wp-json\/wp\/v2\/users\/2"}],"replies":[{"embeddable":true,"href":"https:\/\/www.europesays.com\/fr\/wp-json\/wp\/v2\/comments?post=335956"}],"version-history":[{"count":0,"href":"https:\/\/www.europesays.com\/fr\/wp-json\/wp\/v2\/posts\/335956\/revisions"}],"wp:featuredmedia":[{"embeddable":true,"href":"https:\/\/www.europesays.com\/fr\/wp-json\/wp\/v2\/media\/335957"}],"wp:attachment":[{"href":"https:\/\/www.europesays.com\/fr\/wp-json\/wp\/v2\/media?parent=335956"}],"wp:term":[{"taxonomy":"category","embeddable":true,"href":"https:\/\/www.europesays.com\/fr\/wp-json\/wp\/v2\/categories?post=335956"},{"taxonomy":"post_tag","embeddable":true,"href":"https:\/\/www.europesays.com\/fr\/wp-json\/wp\/v2\/tags?post=335956"}],"curies":[{"name":"wp","href":"https:\/\/api.w.org\/{rel}","templated":true}]}}