{"id":335958,"date":"2025-08-22T10:24:10","date_gmt":"2025-08-22T10:24:10","guid":{"rendered":"https:\/\/www.europesays.com\/fr\/335958\/"},"modified":"2025-08-22T10:24:10","modified_gmt":"2025-08-22T10:24:10","slug":"ursula-von-der-leyen-a-t-elle-ete-exclue-dune-reunion-des-dirigeants-europeens-avec-donald-trump","status":"publish","type":"post","link":"https:\/\/www.europesays.com\/fr\/335958\/","title":{"rendered":"Ursula von der Leyen a-t-elle \u00e9t\u00e9 exclue d&rsquo;une r\u00e9union des dirigeants europ\u00e9ens avec Donald Trump\u00a0?"},"content":{"rendered":"<p>  Par&amp;nbsp<a href=\"https:\/\/fr.euronews.com\/profils\/2290\" rel=\"nofollow noopener\" target=\"_blank\">James Thomas<\/a>&amp;nbsp&amp;&amp;nbsp<b>Jean Philippe LIABOT<\/b><\/p>\n<p>\n         Publi\u00e9 le<br \/>\n            22\/08\/2025 &#8211; 12:05 UTC+2\n            <\/p>\n<p>          <img decoding=\"async\" class=\"c-ad__placeholder__logo\" src=\"https:\/\/static.euronews.com\/website\/images\/logos\/logo-euronews-stacked-outlined-72x72-grey-9.svg\" width=\"72\" height=\"72\" alt=\"\" loading=\"lazy\"\/><br \/>\n          PUBLICIT\u00c9<\/p>\n<p>Une affirmation virale circule sur les r\u00e9seaux sociaux selon laquelle la pr\u00e9sidente de la Commission europ\u00e9enne, Ursula von der Leyen, a \u00e9t\u00e9 expuls\u00e9e d&rsquo;une r\u00e9union avec le pr\u00e9sident am\u00e9ricain Donald Trump et d&rsquo;autres dirigeants europ\u00e9ens, alors qu&rsquo;ils discutaient de la paix en Ukraine \u00e0 la Maison Blanche.<\/p>\n<p>Certains messages affirment que le pr\u00e9sident Trump a d\u00e9clar\u00e9 qu&rsquo;il \u00ab\u00a0voulait seulement parler aux dirigeants\u00a0\u00bb lors de la r\u00e9union \u00e0 Washington, DC, le 18 ao\u00fbt, tandis que d&rsquo;autres affirment que M. Trump a dit \u00e0 Mme von der Leyen qu&rsquo;il voulait \u00ab\u00a0une discussion adulte avec des personnes importantes\u00a0\u00bb avant de lui demander d&rsquo;attendre \u00e0 l&rsquo;ext\u00e9rieur.<\/p>\n<p>Outre Donald Trump et Ursula von der Leyen, le pr\u00e9sident ukrainien Volodymyr Zelensky, le Premier ministre britannique Keir Starmer, le pr\u00e9sident finlandais Alexander Stubb, le pr\u00e9sident fran\u00e7ais Emmanuel Macron, la  Premi\u00e8re ministre italienne Giorgia Meloni, le chancelier allemand Friedrich Merz et le Secr\u00e9taire g\u00e9n\u00e9ral de l&rsquo;OTAN Mark Rutte ont particip\u00e9 \u00e0 la r\u00e9union.<\/p>\n<p>Les messages diffus\u00e9s sur les r\u00e9seaux sociaux, dont certains ont \u00e9t\u00e9 vus plus d&rsquo;un million de fois, semblent provenir de m\u00e9dias alternatifs de droite, tels qu&rsquo;<strong>Apollo News<\/strong>, qui attribuent la revendication \u00e0 <strong>Omid Nouripour<\/strong>, vice-pr\u00e9sident du Bundestag allemand.<\/p>\n<p>L&rsquo;article contient un extrait de ce dernier sur la cha\u00eene de t\u00e9l\u00e9vision allemande Ntv, disant que Ursula von der Leyen a d\u00fb quitter la pi\u00e8ce parce que les Am\u00e9ricains ont dit qu&rsquo;ils ne voulaient parler qu&rsquo;aux dirigeants.<\/p>\n<p>Ces all\u00e9gations sont \u00e9galement apparues dans d&rsquo;autres m\u00e9dias marginaux clairement anti-UE et anti-Von der Leyen, qui citent le rapport d&rsquo;Apollo News et accusent \u00e0 tort la pr\u00e9sidente de la Commission europ\u00e9enne de n&rsquo;avoir aucune l\u00e9gitimit\u00e9 politique et de n&rsquo;avoir obtenu son poste que gr\u00e2ce \u00e0 Emmanuel Macron.<\/p>\n<p>Cependant, la porte-parole adjointe de la Commission europ\u00e9enne a d\u00e9clar\u00e9 qu&rsquo;aucune de ces affirmations n&rsquo;\u00e9tait vraie.<\/p>\n<p>Elle a d\u00e9clar\u00e9 que Mme von der Leyen avait particip\u00e9 \u00e0 toutes les r\u00e9unions, \u00e0 tout moment, aux c\u00f4t\u00e9s d&rsquo;autres dirigeants europ\u00e9ens.<\/p>\n<p>Omid Nouripour a depuis <a href=\"https:\/\/x.com\/nouripour\/status\/1958199716685951030\" target=\"_blank\" rel=\"noreferrer nofollow\"><strong>corrig\u00e9 sa d\u00e9claration initiale<\/strong><\/a> en r\u00e9ponse au post d&rsquo;Arianna Podest\u00e0 sur X, d\u00e9clarant qu&rsquo;il avait accidentellement fait r\u00e9f\u00e9rence \u00e0 de faux rapports, et qu&rsquo;il \u00e9tait \u00ab\u00a0bon et appropri\u00e9\u00a0\u00bb que Mme von der Leyen soit pr\u00e9sente, repr\u00e9sentant le reste des Etats membres de l&rsquo;UE.<\/p>\n<p>Son bureau a d\u00e9clar\u00e9 \u00e0 EuroVerify que M. Nouripour faisait initialement r\u00e9f\u00e9rence \u00e0 des rapports des m\u00e9dias allemands <a href=\"https:\/\/www.bild.de\/politik\/ausland-und-internationales\/ukraine-trumps-tafelrunde-das-fleischen-um-den-frieden-68a37738f70671322bc7a943\" target=\"_blank\" rel=\"noreferrer nofollow noopener\"><strong>Bild<\/strong><\/a> et <a href=\"https:\/\/www.spiegel.de\/ausland\/ukraine-gipfel-in-washington-was-bespricht-trump-mit-selenskyj-a-177817f6-30d6-4c55-8d73-4a9e4b3c2b68\" target=\"_blank\" rel=\"noreferrer nofollow noopener\"><strong>Der Spiegel<\/strong><\/a>, qui ont d\u00e9clar\u00e9 qu&rsquo;une r\u00e9union avait eu lieu \u00ab\u00a0uniquement entre les dirigeants\u00a0\u00bb, excluant Ursula von der Leyen et Mark Rutte de l&rsquo;OTAN.<\/p>\n<p>Aucun de ces m\u00e9dias n&rsquo;a r\u00e9pondu \u00e0 la demande de commentaires d&rsquo;EuroVerify au moment de la publication. Ntv a toutefois <a href=\"https:\/\/www.n-tv.de\/politik\/Nouripour-im-ntv-Fruehstart-zum-Ukraine-Gipfel-Substanziell-ist-nichts-vorangekommen-article25974109.html\" target=\"_blank\" rel=\"noreferrer nofollow noopener\"><strong>publi\u00e9 sa propre correction<\/strong><\/a> dans son rapport sur les commentaires de Omid Nouripour.<\/p>\n<p>En fait, les images de la r\u00e9union \u00e0 la Maison Blanche montrent que Donald Trump a m\u00eame song\u00e9 \u00e0 haute voix que Ursula von der Leyen pourrait \u00eatre la plus puissante des dirigeants europ\u00e9ens r\u00e9unis ici, puisqu&rsquo;elle repr\u00e9sente 27 pays.<\/p>\n<p>Donald Trump a d\u00e9clar\u00e9 que Mme von der Leyen \u00e9tait \u00ab\u00a0quelqu&rsquo;un avec qui nous venons de conclure un accord important\u00a0\u00bb, faisant r\u00e9f\u00e9rence \u00e0 l&rsquo;accord commercial et tarifaire entre les \u00c9tats-Unis et l&rsquo;Union europ\u00e9enne sign\u00e9 \u00e0 la fin du mois de juillet.<\/p>\n<p>\u00ab\u00a0Avec tous ces pays, je ne sais pas, je pense que vous \u00eates peut-\u00eatre plus puissante que tous ces gens \u00e0 cette table, je ne sais pas\u00a0\u00bb, lui a dit Donald Trump. \u00ab\u00a0Mais nous avons eu une excellente n\u00e9gociation et vous \u00eates respect\u00e9e dans le monde entier, alors je veux vous remercier beaucoup d&rsquo;\u00eatre ici\u00a0\u00bb.<\/p>\n","protected":false},"excerpt":{"rendered":"Par&amp;nbspJames Thomas&amp;nbsp&amp;&amp;nbspJean Philippe LIABOT Publi\u00e9 le 22\/08\/2025 &#8211; 12:05 UTC+2 PUBLICIT\u00c9 Une affirmation virale circule sur les r\u00e9seaux&hellip;\n","protected":false},"author":2,"featured_media":335959,"comment_status":"","ping_status":"","sticky":false,"template":"","format":"standard","meta":{"footnotes":""},"categories":[1586],"tags":[11,75,1777,674,10063,1011,27,78,12,25,2544,134],"class_list":{"0":"post-335958","1":"post","2":"type-post","3":"status-publish","4":"format-standard","5":"has-post-thumbnail","7":"category-europe","8":"tag-actualites","9":"tag-donald-trump","10":"tag-eu","11":"tag-europe","12":"tag-fact-checking","13":"tag-fr","14":"tag-france","15":"tag-maison-blanche","16":"tag-news","17":"tag-republique-francaise","18":"tag-ursula-von-der-leyen","19":"tag-volodymyr-zelensky"},"share_on_mastodon":{"url":"https:\/\/pubeurope.com\/@fr\/115071933753152047","error":""},"_links":{"self":[{"href":"https:\/\/www.europesays.com\/fr\/wp-json\/wp\/v2\/posts\/335958","targetHints":{"allow":["GET"]}}],"collection":[{"href":"https:\/\/www.europesays.com\/fr\/wp-json\/wp\/v2\/posts"}],"about":[{"href":"https:\/\/www.europesays.com\/fr\/wp-json\/wp\/v2\/types\/post"}],"author":[{"embeddable":true,"href":"https:\/\/www.europesays.com\/fr\/wp-json\/wp\/v2\/users\/2"}],"replies":[{"embeddable":true,"href":"https:\/\/www.europesays.com\/fr\/wp-json\/wp\/v2\/comments?post=335958"}],"version-history":[{"count":0,"href":"https:\/\/www.europesays.com\/fr\/wp-json\/wp\/v2\/posts\/335958\/revisions"}],"wp:featuredmedia":[{"embeddable":true,"href":"https:\/\/www.europesays.com\/fr\/wp-json\/wp\/v2\/media\/335959"}],"wp:attachment":[{"href":"https:\/\/www.europesays.com\/fr\/wp-json\/wp\/v2\/media?parent=335958"}],"wp:term":[{"taxonomy":"category","embeddable":true,"href":"https:\/\/www.europesays.com\/fr\/wp-json\/wp\/v2\/categories?post=335958"},{"taxonomy":"post_tag","embeddable":true,"href":"https:\/\/www.europesays.com\/fr\/wp-json\/wp\/v2\/tags?post=335958"}],"curies":[{"name":"wp","href":"https:\/\/api.w.org\/{rel}","templated":true}]}}