{"id":33597,"date":"2025-04-18T08:18:19","date_gmt":"2025-04-18T08:18:19","guid":{"rendered":"https:\/\/www.europesays.com\/fr\/33597\/"},"modified":"2025-04-18T08:18:19","modified_gmt":"2025-04-18T08:18:19","slug":"mti-couverture-des-experts-de-la-toiture-en-loire-atlantique","status":"publish","type":"post","link":"https:\/\/www.europesays.com\/fr\/33597\/","title":{"rendered":"MTI Couverture : des experts de la toiture en Loire-Atlantique"},"content":{"rendered":"<p>Sp\u00e9cialis\u00e9e dans les travaux de couverture en Loire-Atlantique depuis bient\u00f4t 6 ans, l&rsquo;entreprise MTI Couverture est reconnue pour son expertise dans le domaine de la r\u00e9novation et de l&rsquo;entretien de toitures. Situ\u00e9e au c\u0153ur des Pays de la Loire, \u00e0 Nantes et Carquefou plus pr\u00e9cis\u00e9ment, cette entreprise intervient sur l&rsquo;ensemble du d\u00e9partement pour des clients particuliers comme professionnels. K\u00e9vin Thibault, g\u00e9rant de MTI Couverture, nous pr\u00e9sente son activit\u00e9, ses \u00e9quipes et ses m\u00e9thodes de travail.<\/p>\n<p>MTI Couverture en Loire-Atlantique : une \u00e9quipe de sp\u00e9cialistes au service des toitures aux alentours de Nantes<br \/>\nPouvez-vous nous pr\u00e9senter votre entreprise et son d\u00e9veloppement en Loire-Atlantique ?<\/p>\n<p>K\u00e9vin Thibault : Notre entreprise est pr\u00e9sente depuis bient\u00f4t 6 ans \u00e0 Carquefou et \u00e0 Nantes. Nous intervenons sur l&rsquo;ensemble de la Loire-Atlantique pour tous types de clients, aussi bien pour des maisons de particuliers que sur des b\u00e2timents professionnels. Notre activit\u00e9 principale se concentre sur la r\u00e9novation de toitures et nous sommes capables d&rsquo;intervenir sur absolument tous les types de couverture : ardoise, tuile, zinc, toit plat avec membranes PVC ou goudron. Cette polyvalence nous permet de r\u00e9pondre efficacement \u00e0 toutes les demandes, qu&rsquo;il s&rsquo;agisse d&rsquo;une simple r\u00e9paration ou d&rsquo;une r\u00e9novation compl\u00e8te de toiture.<\/p>\n<p><img decoding=\"async\" src=\"https:\/\/www.europesays.com\/fr\/wp-content\/uploads\/2025\/04\/U174401980524867f3a15d3cab1.jpg\"\/><\/p>\n<p>Parlez-nous de votre \u00e9quipe et de son organisation<\/p>\n<p>Nous avons la chance de disposer de quatre \u00e9quipes de sp\u00e9cialistes, chacune avec une expertise bien pr\u00e9cise. Antoine est notre conducteur de travaux, il coordonne l&rsquo;ensemble des chantiers. Jean-Fran\u00e7ois est notre couvreur exp\u00e9riment\u00e9, Jeff est sp\u00e9cialis\u00e9 dans la zinguerie et nous formons \u00e9galement Owen, notre apprenti en 2e ann\u00e9e d&rsquo;alternance en couverture-zinguerie. Cette compl\u00e9mentarit\u00e9 des comp\u00e9tences nous permet d&rsquo;\u00eatre tr\u00e8s r\u00e9actifs et de proposer des solutions adapt\u00e9es \u00e0 chaque situation.<\/p>\n<p>MTI Couverture Loire-Atlantique : des travaux de couverture sur mesure pour tous les budgets<br \/>\nComment abordez-vous les projets de vos clients ?<\/p>\n<p>Nous commen\u00e7ons toujours par une v\u00e9rification compl\u00e8te de la toiture, appuy\u00e9e par des photos et des explications d\u00e9taill\u00e9es. Nous proposons \u00e9galement des bilans complets de l&rsquo;\u00e9tat de la toiture afin d\u2019avoir une vision claire de la situation et des \u00e9ventuels travaux. Cette approche technique nous permet d&rsquo;identifier pr\u00e9cis\u00e9ment les probl\u00e8mes et d&rsquo;\u00e9laborer les solutions les plus ad\u00e9quates. En g\u00e9n\u00e9ral, nous pr\u00e9sentons deux ou trois propositions diff\u00e9rentes afin de nous adapter au mieux au budget de notre client\u00e8le. Notre objectif est vraiment de proposer des devis avec des solutions sur mesure, en orientant nos recommandations en fonction des contraintes financi\u00e8res de chacun.<\/p>\n<p>Vous \u00eates \u00e9galement partenaire avec des compagnies d&rsquo;assurance, pouvez-vous nous en dire plus ?<\/p>\n<p>Effectivement, nous sommes agr\u00e9\u00e9s et travaillons en partenariat avec plusieurs compagnies d&rsquo;assurance. Cela nous permet d&rsquo;intervenir rapidement, notamment en cas d&rsquo;urgence suite \u00e0 une temp\u00eate par exemple. Nous pouvons nous d\u00e9placer dans les 48 heures, ce qui est tr\u00e8s appr\u00e9ci\u00e9 par nos clients qui se retrouvent parfois dans des situations d\u00e9licates o\u00f9 le temps est compt\u00e9.<\/p>\n<p>Quels sont les principaux d\u00e9fis auxquels vous \u00eates confront\u00e9s dans votre m\u00e9tier de couvreur ?<\/p>\n<p>Le recrutement est sans aucun doute notre plus grand d\u00e9fi. Il est extr\u00eamement difficile de trouver des couvreurs qualifi\u00e9s aujourd&rsquo;hui. C&rsquo;est pourquoi nous avons fait le choix de former des jeunes en alternance et de tout mettre en \u0153uvre pour les fid\u00e9liser afin qu&rsquo;ils restent dans l&rsquo;entreprise. Le constat est assez simple : il y a une forte demande dans notre secteur mais peu d&rsquo;expertise disponible en r\u00e9alit\u00e9.<\/p>\n<p>En quoi votre approche du m\u00e9tier se distingue-t-elle ?<\/p>\n<p>Le travail que nous r\u00e9alisons est tr\u00e8s technique et nous tenons \u00e0 donner toutes les explications n\u00e9cessaires \u00e0 nos clients. Nous v\u00e9rifions m\u00e9ticuleusement tous les \u00e9l\u00e9ments d&rsquo;\u00e9tanch\u00e9it\u00e9 et de protection contre les infiltrations : la mousse, les solins de chemin\u00e9e, toute la zinguerie notamment le fa\u00eetage, les goutti\u00e8res&#8230; Cette attention aux d\u00e9tails fait vraiment la diff\u00e9rence dans la durabilit\u00e9 de nos interventions.<\/p>\n<p><img decoding=\"async\" src=\"https:\/\/www.europesays.com\/fr\/wp-content\/uploads\/2025\/04\/U174401981222167f3a16435dd0.jpg\"\/><\/p>\n<p>Les conseils d\u2019MTI Couverture pour un bon entretien de son toit autour de Nantes<br \/>\nQuel conseil donneriez-vous aux propri\u00e9taires lig\u00e9riens pour prot\u00e9ger et entretenir leur toiture ?<\/p>\n<p>Je recommanderais trois choses essentielles : r\u00e9aliser un d\u00e9moussage r\u00e9gulier, remplacer sans attendre les tuiles cass\u00e9es pour \u00e9viter les infiltrations et effectuer une v\u00e9rification compl\u00e8te de la toiture environ tous les trois ans. Ces gestes simples permettent de prolonger consid\u00e9rablement la dur\u00e9e de vie d&rsquo;une toiture et d&rsquo;\u00e9viter des travaux plus importants et plus co\u00fbteux \u00e0 terme.<\/p>\n<p>Quels sont vos objectifs pour les prochaines ann\u00e9es ?<\/p>\n<p>\u00c0 l&rsquo;horizon 2028, nous souhaitons doubler nos effectifs et passer \u00e0 huit \u00e9quipes. Cette ambition est motiv\u00e9e par la forte demande que nous constatons et le manque d&rsquo;expertise disponible sur le march\u00e9. Nous voulons continuer \u00e0 d\u00e9velopper notre activit\u00e9 tout en maintenant notre niveau d&rsquo;expertise qui fait notre r\u00e9putation. N\u2019h\u00e9sitez pas \u00e0 nous contacter afin que l\u2019on programme une visite de v\u00e9rification.<\/p>\n<p>\u00a0<\/p>\n<p>Informations pratiques :<\/p>\n<p>\u00a0<\/p>\n","protected":false},"excerpt":{"rendered":"Sp\u00e9cialis\u00e9e dans les travaux de couverture en Loire-Atlantique depuis bient\u00f4t 6 ans, l&rsquo;entreprise MTI Couverture est reconnue pour&hellip;\n","protected":false},"author":2,"featured_media":33598,"comment_status":"","ping_status":"","sticky":false,"template":"","format":"standard","meta":{"footnotes":""},"categories":[2818],"tags":[1111,11,11104,1777,674,11105,1011,27,3047,11103,766,12,2636,25,11106],"class_list":{"0":"post-33597","1":"post","2":"type-post","3":"status-publish","4":"format-standard","5":"has-post-thumbnail","7":"category-nantes","8":"tag-actu","9":"tag-actualites","10":"tag-couverture","11":"tag-eu","12":"tag-europe","13":"tag-experts","14":"tag-fr","15":"tag-france","16":"tag-loire-atlantique","17":"tag-mti","18":"tag-nantes","19":"tag-news","20":"tag-pays-de-la-loire","21":"tag-republique-francaise","22":"tag-toiture"},"share_on_mastodon":{"url":"https:\/\/pubeurope.com\/@fr\/114357987186677040","error":""},"_links":{"self":[{"href":"https:\/\/www.europesays.com\/fr\/wp-json\/wp\/v2\/posts\/33597","targetHints":{"allow":["GET"]}}],"collection":[{"href":"https:\/\/www.europesays.com\/fr\/wp-json\/wp\/v2\/posts"}],"about":[{"href":"https:\/\/www.europesays.com\/fr\/wp-json\/wp\/v2\/types\/post"}],"author":[{"embeddable":true,"href":"https:\/\/www.europesays.com\/fr\/wp-json\/wp\/v2\/users\/2"}],"replies":[{"embeddable":true,"href":"https:\/\/www.europesays.com\/fr\/wp-json\/wp\/v2\/comments?post=33597"}],"version-history":[{"count":0,"href":"https:\/\/www.europesays.com\/fr\/wp-json\/wp\/v2\/posts\/33597\/revisions"}],"wp:featuredmedia":[{"embeddable":true,"href":"https:\/\/www.europesays.com\/fr\/wp-json\/wp\/v2\/media\/33598"}],"wp:attachment":[{"href":"https:\/\/www.europesays.com\/fr\/wp-json\/wp\/v2\/media?parent=33597"}],"wp:term":[{"taxonomy":"category","embeddable":true,"href":"https:\/\/www.europesays.com\/fr\/wp-json\/wp\/v2\/categories?post=33597"},{"taxonomy":"post_tag","embeddable":true,"href":"https:\/\/www.europesays.com\/fr\/wp-json\/wp\/v2\/tags?post=33597"}],"curies":[{"name":"wp","href":"https:\/\/api.w.org\/{rel}","templated":true}]}}