{"id":335970,"date":"2025-08-22T10:31:10","date_gmt":"2025-08-22T10:31:10","guid":{"rendered":"https:\/\/www.europesays.com\/fr\/335970\/"},"modified":"2025-08-22T10:31:10","modified_gmt":"2025-08-22T10:31:10","slug":"il-ny-a-pas-de-limites-a-notre-ambition-biarritz-et-son-richissime-proprietaire-revent-dantoine-dupont","status":"publish","type":"post","link":"https:\/\/www.europesays.com\/fr\/335970\/","title":{"rendered":"\u00abIl n\u2019y a pas de limites \u00e0 notre ambition\u00bb, Biarritz et son richissime propri\u00e9taire r\u00eavent d\u2019Antoine Dupont"},"content":{"rendered":"<p>Pierre-\u00c9douard St\u00e9rin, nouveau propri\u00e9taire du Biarritz olympique depuis cet \u00e9t\u00e9, envisage \u00e0 moyen terme d\u2019attirer la star du Stade Toulousain.<\/p>\n<p class=\"fig-paragraph\">Pierre-\u00c9douard St\u00e9rin est le nouveau propri\u00e9taire du Biarritz olympique, en crise depuis plusieurs saisons. Le richissime d\u2019hommes d\u2019affaires (81e fortune fran\u00e7aise avec une fortune estim\u00e9e \u00e0\u00a0<a href=\"https:\/\/www.challenges.fr\/classements\/fortune\/pierre-edouard-sterin_26641\" target=\"_blank\" rel=\"sponsored noopener\" data-gtm-custom-categorie=\"navigation\" data-gtm-custom-action=\"crossclick\" data-gtm-custom-label=\"Contextuel\" data-gtm-event=\"customEventSPE\">1,6 milliard d\u2019euros selon le magazine Challenges<\/a>) a l\u2019intention de mettre un terme \u00e0 cette mauvaise passe alors que le club\u00a0<a href=\"http:\/\/www.lefigaro.fr\/sports\/rugby\/pro-d2-le-biarritz-olympique-obtient-gain-de-cause-en-appel-et-evite-la-retrogradation-en-nationale-20250620\" data-fig-type=\"NewsFlash\" data-gtm-custom-categorie=\"navigation\" data-gtm-custom-action=\"crossclick\" data-gtm-custom-label=\"Contextuel\" data-gtm-event=\"customEventSPE\" data-fig-domain=\"LEFIGARO\" target=\"_blank\" rel=\"noopener\">a sauv\u00e9 de justesse sa place en Pro D2<\/a>\u00a0apr\u00e8s avoir \u00e9t\u00e9 menac\u00e9 d\u2019une r\u00e9trogradation administrative.<\/p>\n<p>Il r\u00eave d\u2019un BO champion en 2032<\/p>\n<p class=\"fig-paragraph\">Pour replacer le BO au sommet du rugby fran\u00e7ais, l\u2019entrepreneur, cofondateur du groupe Smartbox, a lanc\u00e9 un plan tr\u00e8s ambitieux baptis\u00e9 \u00abBrennus 2032\u00bb dans lequel il aimerait inclure Antoine Dupont, la star du rugby fran\u00e7ais. Sur le r\u00e9seau social Linkedin, il a publi\u00e9 un message pour convaincre des partenaires de le rejoindre avec tout un argumentaire et surtout, une photo d\u2019illustration, montrant un joueur du BO lever le Bouclier de Brennus, le troph\u00e9e de champion de France avec une date en dessous, 2032. Le dernier des cinq sacres nationaux des Rouge et Blanc remonte \u00e0 2006.<\/p>\n<p>                                    <a class=\"fig-a11y-skip a11y-hidden\" href=\"#fig-a11y-skip-main-inarticle\"><br \/>\n        Passer la publicit\u00e9<br \/>\n    <\/a><\/p>\n<p class=\"fig-paragraph\">Pierre-\u00c9douard St\u00e9rin n\u2019a pas pris la parole personnellement pour \u00e9voquer le sujet du club et Antoine Dupont mais,lors d\u2019un\u00a0<a href=\"https:\/\/www.rugbyrama.fr\/2025\/08\/20\/pro-d2-biarritz-quand-pierre-edouard-sterin-songe-a-recruter-antoine-dupont-12884704.php\" target=\"_blank\" rel=\"sponsored noopener\" data-gtm-custom-categorie=\"navigation\" data-gtm-custom-action=\"crossclick\" data-gtm-custom-label=\"Contextuel\" data-gtm-event=\"customEventSPE\">entretien accord\u00e9 \u00e0 Rugbyrama<\/a>, le pr\u00e9sident du directoire du Biarritz olympique, Cyril Arrosteguy, a fait passer un message clair\u00a0: \u00abIl n\u2019y a pas de limites \u00e0 notre ambition et pourquoi ne pas essayer de compter Antoine Dupont dans nos rangs \u00e0 moyen terme ?\u00bb<\/p>\n<p>Recruter Dupont, une mission vraiment impossible\u00a0?<\/p>\n<p class=\"fig-paragraph\">La mission semble toutefois tr\u00e8s p\u00e9rilleuse et peut m\u00eame faire sourire. D\u2019abord parce qu\u2019Antoine Dupont, tr\u00e8s attach\u00e9 au Stade Toulousain, est sous contrat jusqu\u2019en 2027 avec les champions de France et qu\u2019on l\u2019imagine mal signer dans un autre club. Le joueur a d\u2019ailleurs entam\u00e9 des discussions avec sa direction pour prolonger.<\/p>\n<p class=\"fig-paragraph\">Ensuite parce que le Biarritz olympique doit d\u2019abord retrouver l\u2019\u00e9lite avant d\u2019imaginer attirer dans ses filets le meilleur joueur du monde de ces derni\u00e8res ann\u00e9es. Le club d\u00e9butera en plus sa saison avec trois points de p\u00e9nalit\u00e9 inflig\u00e9s apr\u00e8s ses r\u00e9cents d\u00e9boires financiers. Et enfin parce que le message pass\u00e9 par la direction actuellement consiste d\u2019abord \u00e0 adopter une rigueur financi\u00e8re afin d\u2019arriver en juin 2026 avec des comptes \u00e0 l\u2019\u00e9quilibre. Une ma\u00eetrise des d\u00e9penses indispensables pour permettre de mettre enfin un terme aux d\u00e9ficits chroniques, de l\u2019ordre de 2 \u00e0 3 millions d\u2019euros par an.<\/p>\n","protected":false},"excerpt":{"rendered":"Pierre-\u00c9douard St\u00e9rin, nouveau propri\u00e9taire du Biarritz olympique depuis cet \u00e9t\u00e9, envisage \u00e0 moyen terme d\u2019attirer la star du&hellip;\n","protected":false},"author":2,"featured_media":335971,"comment_status":"","ping_status":"","sticky":false,"template":"","format":"standard","meta":{"footnotes":""},"categories":[1416],"tags":[514,18318,1011,27,479,1468,60,476],"class_list":{"0":"post-335970","1":"post","2":"type-post","3":"status-publish","4":"format-standard","5":"has-post-thumbnail","7":"category-rugby","8":"tag-antoine-dupont","9":"tag-biarritz-olympique","10":"tag-fr","11":"tag-france","12":"tag-rugby","13":"tag-rugby-football","14":"tag-sports","15":"tag-stade-toulousain"},"share_on_mastodon":{"url":"https:\/\/pubeurope.com\/@fr\/115071961260163210","error":""},"_links":{"self":[{"href":"https:\/\/www.europesays.com\/fr\/wp-json\/wp\/v2\/posts\/335970","targetHints":{"allow":["GET"]}}],"collection":[{"href":"https:\/\/www.europesays.com\/fr\/wp-json\/wp\/v2\/posts"}],"about":[{"href":"https:\/\/www.europesays.com\/fr\/wp-json\/wp\/v2\/types\/post"}],"author":[{"embeddable":true,"href":"https:\/\/www.europesays.com\/fr\/wp-json\/wp\/v2\/users\/2"}],"replies":[{"embeddable":true,"href":"https:\/\/www.europesays.com\/fr\/wp-json\/wp\/v2\/comments?post=335970"}],"version-history":[{"count":0,"href":"https:\/\/www.europesays.com\/fr\/wp-json\/wp\/v2\/posts\/335970\/revisions"}],"wp:featuredmedia":[{"embeddable":true,"href":"https:\/\/www.europesays.com\/fr\/wp-json\/wp\/v2\/media\/335971"}],"wp:attachment":[{"href":"https:\/\/www.europesays.com\/fr\/wp-json\/wp\/v2\/media?parent=335970"}],"wp:term":[{"taxonomy":"category","embeddable":true,"href":"https:\/\/www.europesays.com\/fr\/wp-json\/wp\/v2\/categories?post=335970"},{"taxonomy":"post_tag","embeddable":true,"href":"https:\/\/www.europesays.com\/fr\/wp-json\/wp\/v2\/tags?post=335970"}],"curies":[{"name":"wp","href":"https:\/\/api.w.org\/{rel}","templated":true}]}}