{"id":335980,"date":"2025-08-22T10:37:10","date_gmt":"2025-08-22T10:37:10","guid":{"rendered":"https:\/\/www.europesays.com\/fr\/335980\/"},"modified":"2025-08-22T10:37:10","modified_gmt":"2025-08-22T10:37:10","slug":"om-zhegrova-le-losc-tente-de-trouver-le-meilleur-pigeon","status":"publish","type":"post","link":"https:\/\/www.europesays.com\/fr\/335980\/","title":{"rendered":"OM\u00a0: Zhegrova, le LOSC tente de trouver le meilleur pigeon\u00a0!"},"content":{"rendered":"<p><strong>Apr\u00e8s avoir \u00e9cart\u00e9 Edon Zhegrova depuis la fin 2024, le LOSC tente de vendre son milieu de terrain au prix fort. A un an de la fin de son contrat\u2026<\/strong><\/p>\n<p>\t<img decoding=\"async\" alt=\"Edon ZHEGROVA\" src=\"https:\/\/www.europesays.com\/fr\/wp-content\/uploads\/2025\/08\/ICONSPORT_249295_0018.jpg\"\/><\/p>\n<p>Edon ZHEGROVA, Cr\u00e9dit photo : Icon Sport<\/p>\n<p data=\"intro\">Le LOSC ne veut plus d\u2019Edon Zhegrova. Le milieu de terrain kosovar n\u2019a plus disput\u00e9 la moindre comp\u00e9tition officielle depuis le 14 d\u00e9cembre 2024. Entre blessures aux adducteurs et volont\u00e9 de voir le joueur partir, les Dogues ont clairement mis de c\u00f4t\u00e9 le prodige de 26 ans. Et alors que son contrat se termine dans un an (Juin 2026), Zhegrova \u00e9tait clairement pr\u00e9vu pour quitter le Nord cet \u00e9t\u00e9, peu importe le prix.<\/p>\n<p>L\u2019OM et la Juventus se disputent Zhegrova<\/p>\n<p>Mais la fin du mercato estival r\u00e9serve toujours son lot de surprises\u2026 Et c\u2019est l\u2019OM qui s\u2019est d\u2019abord lanc\u00e9 dans le dossier Zhegrova. Roberto De Zerbi semble pr\u00eat \u00e0 miser sur le Kosovar pour jouer les doublures de Mason Greenwood. Le souci, c\u2019est que depuis une semaine, la Juventus Turin est \u00e9galement dans le coup\u00a0! Et du c\u00f4t\u00e9 du LOSC, on souhaite profiter de ce duel pour faire monter les prix\u2026<\/p>\n<p><\/p>\n<p>25 millions d\u2019euros r\u00e9clam\u00e9s\u00a0!<\/p>\n<p>A un an de la fin de son contrat, Edon Zhegrova pouvait partir pour une bouch\u00e9e de pain en d\u00e9but de mercato. Mais puisque l\u2019OM et la Juventus sont l\u00e0, le LOSC fait monter les prix. Et pas qu\u2019un peu\u00a0! Olivier L\u00e9tang r\u00e9clamerait 25 millions d\u2019euros pour faire affaire\u2026 Un tarif hors march\u00e9 pour un joueur qui n\u2019a plus que 10 mois de contrat et qui n\u2019a plus jou\u00e9 un match depuis 8 mois\u2026<\/p>\n<p><\/p>\n<p>\t\t\t\t&#13;<br \/>\n\t\t\t\t\t&#13;<\/p>\n","protected":false},"excerpt":{"rendered":"Apr\u00e8s avoir \u00e9cart\u00e9 Edon Zhegrova depuis la fin 2024, le LOSC tente de vendre son milieu de terrain&hellip;\n","protected":false},"author":2,"featured_media":335981,"comment_status":"","ping_status":"","sticky":false,"template":"","format":"standard","meta":{"footnotes":""},"categories":[1410],"tags":[63,1011,27,60],"class_list":{"0":"post-335980","1":"post","2":"type-post","3":"status-publish","4":"format-standard","5":"has-post-thumbnail","7":"category-football","8":"tag-football","9":"tag-fr","10":"tag-france","11":"tag-sports"},"share_on_mastodon":{"url":"https:\/\/pubeurope.com\/@fr\/115071984956860264","error":""},"_links":{"self":[{"href":"https:\/\/www.europesays.com\/fr\/wp-json\/wp\/v2\/posts\/335980","targetHints":{"allow":["GET"]}}],"collection":[{"href":"https:\/\/www.europesays.com\/fr\/wp-json\/wp\/v2\/posts"}],"about":[{"href":"https:\/\/www.europesays.com\/fr\/wp-json\/wp\/v2\/types\/post"}],"author":[{"embeddable":true,"href":"https:\/\/www.europesays.com\/fr\/wp-json\/wp\/v2\/users\/2"}],"replies":[{"embeddable":true,"href":"https:\/\/www.europesays.com\/fr\/wp-json\/wp\/v2\/comments?post=335980"}],"version-history":[{"count":0,"href":"https:\/\/www.europesays.com\/fr\/wp-json\/wp\/v2\/posts\/335980\/revisions"}],"wp:featuredmedia":[{"embeddable":true,"href":"https:\/\/www.europesays.com\/fr\/wp-json\/wp\/v2\/media\/335981"}],"wp:attachment":[{"href":"https:\/\/www.europesays.com\/fr\/wp-json\/wp\/v2\/media?parent=335980"}],"wp:term":[{"taxonomy":"category","embeddable":true,"href":"https:\/\/www.europesays.com\/fr\/wp-json\/wp\/v2\/categories?post=335980"},{"taxonomy":"post_tag","embeddable":true,"href":"https:\/\/www.europesays.com\/fr\/wp-json\/wp\/v2\/tags?post=335980"}],"curies":[{"name":"wp","href":"https:\/\/api.w.org\/{rel}","templated":true}]}}